{"id":154794,"date":"2025-11-17T08:38:09","date_gmt":"2025-11-17T08:38:09","guid":{"rendered":"https:\/\/www.europesays.com\/pt\/154794\/"},"modified":"2025-11-17T08:38:09","modified_gmt":"2025-11-17T08:38:09","slug":"eis-os-resultados-do-dia-da-segunda-liga","status":"publish","type":"post","link":"https:\/\/www.europesays.com\/pt\/154794\/","title":{"rendered":"eis os resultados do dia da Segunda Liga"},"content":{"rendered":"<p>&#8211; Advertisement &#8211;<\/p>\n<p><strong>O Chaves venceu fora de casa o Leix\u00f5es por 1-0 na jornada 16 da Segunda Liga. Triunfo deveu-se a auto-golo aos 4 minutos.<\/strong><\/p>\n<p>O Chaves est\u00e1 de regresso \u00e0s vit\u00f3rias na<a href=\"https:\/\/bolanarede.pt\/etiqueta\/segunda-liga\/\" target=\"_blank\" rel=\"noreferrer noopener nofollow\"> Segunda Liga<\/a>. Numa partida disputada fora de casa, o conjunto de Filipe Martins ganhou ao Leix\u00f5es por 1-0 atrav\u00e9s de um auto-golo de Naldo, logo aos quatro minutos. <\/p>\n<p>Quanto \u00e0 classifica\u00e7\u00e3o, o Chaves est\u00e1 agora no 7.\u00ba lugar da Segunda Liga com 16 pontos. J\u00e1 o Leix\u00f5es, que vinha de uma vit\u00f3ria caseira sobre o Torreense, encontra-se no 10.\u00ba com 13 pontos.<\/p>\n<p>O pr\u00f3ximo desafio do Leix\u00f5es ser\u00e1 contra a Vila Me\u00e3 para a Ta\u00e7a de Portugal. Relativamente ao Chaves, a equipa jogar\u00e1 em casa com o Sporting B. Ambos os jogos acontecer\u00e3o no dia 23 de novembro.<\/p>\n<p><strong>Eis os resultados do dia da Segunda Liga:<\/strong><\/p>\n<ul class=\"wp-block-list\">\n<li>Felgueiras 1-1 Farense<\/li>\n<li>Leix\u00f5es 0-1 <strong>Chaves<\/strong><\/li>\n<\/ul>\n","protected":false},"excerpt":{"rendered":"&#8211; Advertisement &#8211; O Chaves venceu fora de casa o Leix\u00f5es por 1-0 na jornada 16 da Segunda&hellip;\n","protected":false},"author":2,"featured_media":154795,"comment_status":"","ping_status":"","sticky":false,"template":"","format":"standard","meta":{"footnotes":""},"categories":[87],"tags":[260,1873,135,23362,32,33,13574,134],"class_list":{"0":"post-154794","1":"post","2":"type-post","3":"status-publish","4":"format-standard","5":"has-post-thumbnail","7":"category-desporto","8":"tag-atualidade","9":"tag-chaves","10":"tag-desporto","11":"tag-leixoes","12":"tag-portugal","13":"tag-pt","14":"tag-segunda-liga","15":"tag-sports"},"share_on_mastodon":{"url":"https:\/\/pubeurope.com\/@pt\/115564137945117003","error":""},"_links":{"self":[{"href":"https:\/\/www.europesays.com\/pt\/wp-json\/wp\/v2\/posts\/154794","targetHints":{"allow":["GET"]}}],"collection":[{"href":"https:\/\/www.europesays.com\/pt\/wp-json\/wp\/v2\/posts"}],"about":[{"href":"https:\/\/www.europesays.com\/pt\/wp-json\/wp\/v2\/types\/post"}],"author":[{"embeddable":true,"href":"https:\/\/www.europesays.com\/pt\/wp-json\/wp\/v2\/users\/2"}],"replies":[{"embeddable":true,"href":"https:\/\/www.europesays.com\/pt\/wp-json\/wp\/v2\/comments?post=154794"}],"version-history":[{"count":0,"href":"https:\/\/www.europesays.com\/pt\/wp-json\/wp\/v2\/posts\/154794\/revisions"}],"wp:featuredmedia":[{"embeddable":true,"href":"https:\/\/www.europesays.com\/pt\/wp-json\/wp\/v2\/media\/154795"}],"wp:attachment":[{"href":"https:\/\/www.europesays.com\/pt\/wp-json\/wp\/v2\/media?parent=154794"}],"wp:term":[{"taxonomy":"category","embeddable":true,"href":"https:\/\/www.europesays.com\/pt\/wp-json\/wp\/v2\/categories?post=154794"},{"taxonomy":"post_tag","embeddable":true,"href":"https:\/\/www.europesays.com\/pt\/wp-json\/wp\/v2\/tags?post=154794"}],"curies":[{"name":"wp","href":"https:\/\/api.w.org\/{rel}","templated":true}]}}