{"id":154814,"date":"2025-11-17T08:58:35","date_gmt":"2025-11-17T08:58:35","guid":{"rendered":"https:\/\/www.europesays.com\/pt\/154814\/"},"modified":"2025-11-17T08:58:35","modified_gmt":"2025-11-17T08:58:35","slug":"equipas-de-nossa-senhora-realizaram-encontro-nacional-jubilar-agencia-ecclesia","status":"publish","type":"post","link":"https:\/\/www.europesays.com\/pt\/154814\/","title":{"rendered":"Equipas de Nossa Senhora realizaram encontro nacional jubilar \u2013 Ag\u00eancia ECCLESIA"},"content":{"rendered":"<p>\u00abCasais peregrinos de esperan\u00e7a\u00bb de Portugal, Angola e Cabo Verde reuniram em F\u00e1tima<\/p>\n<p><a href=\"https:\/\/agencia.ecclesia.pt\/portal\/wp-content\/uploads\/2025\/11\/Fatima_encontro_nac_Equipas-Nossa-Senhora_ENS_Foto-Ricardo-Perna-ENS-10.jpg\" rel=\"nofollow noopener\" target=\"_blank\"><img fetchpriority=\"high\" decoding=\"async\" class=\"wp-image-399989 size-large\" src=\"https:\/\/www.europesays.com\/pt\/wp-content\/uploads\/2025\/11\/Fatima_encontro_nac_Equipas-Nossa-Senhora_ENS_Foto-Ricardo-Perna-ENS-10-1024x681.jpg\" alt=\"\" width=\"1024\" height=\"681\"   data-mwl-img-id=\"399989\"\/><\/a>Foto: Ricardo Perna\/ENS<\/p>\n<p>F\u00e1tima, 16 nov 2024 (Ecclesia) \u2013 O Encontro Nacional das Equipas de Nossa Senhora (ENS), da Supra-Regi\u00e3o Portugal que inclui os pa\u00edses africanos lus\u00f3fonos, foi uma peregrina\u00e7\u00e3o jubilar de esperan\u00e7a, no \u00e2mbito do Ano Santo 2025, este s\u00e1bado e hoje,\u00a0ao Santu\u00e1rio de F\u00e1tima.<\/p>\n<p>\u201cEste ano n\u00e3o pod\u00edamos deixar passar esta oportunidade do Ano Jubilar sem fazer atividades que se enquadrassem justamente nesse plano, de acordo com a convocat\u00f3ria da Bula que o Papa Francisco emitiu. Esta peregrina\u00e7\u00e3o, este fim de semana, tem essa dimens\u00e3o de fazermos todos esses passos que est\u00e3o previstos para que os participantes consigam obter as indulg\u00eancias plen\u00e1rias\u201d, disse Ant\u00f3nio Carioca, do casal respons\u00e1vel da Supra Regi\u00e3o de Portugal das Equipas de Casais de Nossa Senhora, em declara\u00e7\u00f5es \u00e0 Ag\u00eancia ECCLESIA.<\/p>\n<p>Os participantes (equipistas) do Encontro Nacional 2025 das ENS tiveram momentos de encontro, partilha e reflex\u00e3o, tamb\u00e9m com oportunidade para o Sacramento da Reconcilia\u00e7\u00e3o (Confiss\u00e3o), no Centro Paulo VI, nas manh\u00e3s deste s\u00e1bado e domingo, e realizaram uma peregrina\u00e7\u00e3o jubilar pelos espa\u00e7os do Santu\u00e1rio de F\u00e1tima, e arredores, com passagem pela Porta Santa, para al\u00e9m das ora\u00e7\u00f5es pr\u00f3prias do Ano Jubilar.<\/p>\n<p>\u201cN\u00e3o pod\u00edamos deixar de aproveitar esse espa\u00e7o para que os casais das equipas, alguns que est\u00e3o c\u00e1 sempre, todos os anos, mas outros que vieram pela primeira vez, aproveitassem essa experi\u00eancia\u201d, sublinhou Ant\u00f3nio Carioca.<\/p>\n<p>F\u00e1tima Carioca salientou que este encontro \u201c\u00e9 sempre um momento muito marcante do ano dos equipistas\u201d, ou seja, dos casais e dos sacerdotes que fazem parte deste momento das Equipas de Nossa Senhora, e \u201c\u00e9 muito marcante\u201d porque tem uma dimens\u00e3o de forma\u00e7\u00e3o, uma dimens\u00e3o tamb\u00e9m de encontro e de celebra\u00e7\u00e3o, \u201ce \u00e9 sempre muito cantado, mas tamb\u00e9m muito conversado\u201d, e onde as \u201cequipas mistas revelam a diversidade\u201d.<\/p>\n<p>\u201cFinalmente, \u00e9 um momento tamb\u00e9m de rezar e de agradecer a Deus o dom que \u00e9, logo come\u00e7ando pelo dom do matrim\u00f3nio, que cada casal agradece a Deus, tamb\u00e9m o dom da voca\u00e7\u00e3o dos sacerdotes, e \u00e9 tamb\u00e9m um momento de dar grandes gra\u00e7as a Deus e de louvar a Deus\u201d, acrescentou a entrevistada do casal Carioca que pertence ao Movimento das Equipas de Nossa Senhora h\u00e1 32 anos.<\/p>\n<p>O casal respons\u00e1vel pela Supra Regi\u00e3o de Portugal das Equipas de Casais de Nossa Senhora destacou, com alegria, e \u201cgrande gra\u00e7a\u201d, de terem presentes \u201ctodas as regi\u00f5es de Portugal\u201d, as 16 regi\u00f5es, e dos 71 setores, \u201cgrupos mais locais faltou apenas uma\u201d, e tamb\u00e9m de alguns pa\u00edses de express\u00e3o portuguesa de \u00c1frica, que pertencem a esta supra-regi\u00e3o, nomeadamente Angola e Cabo Verde.<\/p>\n<p>Eun\u00edsia Neves e Jos\u00e9 Carlos Neves s\u00e3o o casal respons\u00e1vel das ENS em Cabo Verde, fazem parte deste movimento h\u00e1 15 anos, e n\u00e3o \u00e9 a primeira vez que participam no encontro nacional, e estiveram tamb\u00e9m c\u00e1 no Encontro Internacional de 2018.<\/p>\n<p>\u201c\u00c9 sempre oportunidade de crescimento, de crescermos, o conv\u00edvio com os outros equipistas, o entusiasmo que levamos, ent\u00e3o, recomendamos sempre que puderem. \u00c9 muito bom estar presente\u201d, referiu Jos\u00e9 Carlos Neves, \u00e0 Ag\u00eancia ECCLESIA.<\/p>\n<p>\u201cE, sobretudo, cada vez que c\u00e1 vimos, temos essa oportunidade de encontros mais alargados, n\u00f3s reiteramos a unidade, e de facto falamos a mesma l\u00edngua; n\u00f3s percebemos que em Cabo Verde, de facto, estamos totalmente alinhados com o movimento e isso, de facto, \u00e9 uma gra\u00e7a enorme\u201d, acrescentou Eun\u00edsia Neves.<\/p>\n<p>\u2018Casais peregrinos de esperan\u00e7a\u2019 foi o tema deste encontro nacional, Ant\u00f3nio Carioca destacou os testemunhos de \u201cvidas normais\u201d, partilhados no Centro Pastoral Paulo VI, para explicar que \u201cn\u00e3o h\u00e1 dificuldade\u201d nesta viv\u00eancia da esperan\u00e7a crist\u00e3 em casal.<\/p>\n<p>\u201cA esperan\u00e7a \u00e9 esperar com confian\u00e7a, \u00e9 ter esse gosto de acreditar que as promessas de Deus se h\u00e3o de cumprir, mais cedo ou mais tarde, e de acordo com a nossa vida; \u00e9 viver com tudo aquilo que \u00e9 a nossa realidade, com as nossas dificuldades, com as nossas for\u00e7as; n\u00f3s pomos aquilo que temos, cada um, cada casal, cada fam\u00edlia, na educa\u00e7\u00e3o dos filhos, na sua rela\u00e7\u00e3o, e o Senhor depois faz o resto, essa \u00e9 que \u00e9 a grande miss\u00e3o, temos essa confian\u00e7a de esperar\u201d, desenvolveu.<\/p>\n<p>\u201cMuitas vezes falamos da esperan\u00e7a, mas num sentido que \u00e9 mais do controlo, de gostarmos de controlar a vida, esperamos que aconte\u00e7a isto, esperamos que aconte\u00e7a aquilo e depois ficamos desiludidos quando isso n\u00e3o acontece. A esperan\u00e7a crist\u00e3 tem o seu centro em Jesus, Jesus \u00e9 a nossa esperan\u00e7a, assim como \u00e9 tamb\u00e9m a raz\u00e3o de ser da felicidade e da vida eterna, da salva\u00e7\u00e3o\u201d, acrescentou F\u00e1tima Carioca.<\/p>\n<p>J\u00e1 Jos\u00e9 Carlos Neves explica que tentam ser testemunhas de esperan\u00e7a \u201csempre\u201d e ser bons crist\u00e3os, \u201cpartilhar os valores da vida crist\u00e3, da vida matrimonial\u201d, porque \u201co melhor testemunho\u201d \u00e9 a forma deste casal cabo-verdiano viver.<\/p>\n<p>\u00a0<\/p>\n<tr>\n<td style=\"width: 100%;\">\n<a href=\"https:\/\/agencia.ecclesia.pt\/portal\/wp-content\/uploads\/2025\/11\/Fatima_encontro_nac_Equipas-Nossa-Senhora_ENS_Foto-Ricardo-Perna-ENS-2.jpg\" rel=\"nofollow noopener\" target=\"_blank\"><img loading=\"lazy\" decoding=\"async\" class=\"size-medium wp-image-399991\" src=\"https:\/\/www.europesays.com\/pt\/wp-content\/uploads\/2025\/11\/Fatima_encontro_nac_Equipas-Nossa-Senhora_ENS_Foto-Ricardo-Perna-ENS-2-400x266.jpg\" alt=\"\" width=\"400\" height=\"266\"   data-mwl-img-id=\"399991\"\/><\/a>Foto: Ricardo Perna\/ENS<\/p>\n<p>O bispo de Bragan\u00e7a-Miranda, na homilia da Missa que presidiu na manh\u00e3 deste domingo, disse aos equipistas, a partir da liturgia e citando um refr\u00e3o de S\u00e3o Jo\u00e3o da Cruz, que \u201cs\u00f3 permanece o bem\u201d que fizerem com os bens, os materiais que todos precisam \u201cpara ter uma vida digna, para a fam\u00edlia, para a sociedade, com os bens espirituais, os talentos, porventura um curso, e, sobretudo, os bens relacionais\u201d.<\/p>\n<blockquote>\n<p>\u201cComo casal, como fam\u00edlia, como amigos,\u00a0como membros de um movimento, membros da Igreja, membros de uma par\u00f3quia, membros de uma comunidade,\u00a0membros de uma agrega\u00e7\u00e3o humana livre, doce. Os la\u00e7os que vamos tecendo, que vamos alimentando, permanecem; o bem \u00e9 semente de esperan\u00e7a\u201d, desenvolveu D. Nuno Almeida.<\/p>\n<\/blockquote>\n<p>Na homilia enviada \u00e0 Ag\u00eancia ECCLESIA, pelas Equipas de Nossa Senhora, o bispo da diocese do nordeste de Portugal recordou que a Igreja Cat\u00f3lica celebra este domingo \u00e9 o Dia dos Pobres 2025,\u00a0e alertou que \u201cas pobrezas atuais s\u00e3o ainda mais complicadas\u201d, lamentando que h\u00e1 quem diga que \u201cj\u00e1 n\u00e3o h\u00e1 pobres, simplesmente para tranquilizar a consci\u00eancia,\u00a0para continuar enroscado em si pr\u00f3prio, no seu condom\u00ednio fechado\u201d.<\/p>\n<p>\u201cQuem diz isto, significa que est\u00e1 em circuito fechado,\u00a0n\u00e3o abre os olhos e a cora\u00e7\u00e3o aos irm\u00e3os,\u00a0e n\u00e3o percebe que hoje as pobrezas s\u00e3o mais complicadas,\u00a0sobretudo a pobreza espiritual de quem n\u00e3o tem projeto nenhum para a sua vida, quem j\u00e1 n\u00e3o tem nenhum prop\u00f3sito para se levantar de manh\u00e3\u00a0e para lutar, sofrer tamb\u00e9m, \u00e0s vezes.\u201d<\/p>\n<p>D. Nuno Almeida real\u00e7ou que as pobrezas s\u00e3o hoje \u201ctamb\u00e9m as depend\u00eancias de tantas situa\u00e7\u00f5es\u201d, e terminou \u201cmanifestando grande, grande apre\u00e7o, a todas as pessoas que voluntariamente se empenham pessoalmente, como fam\u00edlia, nas institui\u00e7\u00f5es: Um grande apre\u00e7o pela C\u00e1ritas Nacional, pela C\u00e1ritas diocesanas, envolve tantos volunt\u00e1rios, um grande apre\u00e7o e gratid\u00e3o pelas nossas IPSS\u201d.<\/p>\n<\/td>\n<\/tr>\n<p>As\u00a0Equipas de Nossa Senhora\u00a0(ENS) s\u00e3o um movimento de espiritualidade conjugal,\u00a0nascido em Fran\u00e7a em 1938, fundados pelo padre Henri Caffarel, com o objetivo de ajudar os casais a viver plenamente o seu sacramento do Matrim\u00f3nio, anunciando ao mundo os valores do casamento crist\u00e3o pela palavra e pelo testemunho de vida; caracteriza-se por ser uma escola de forma\u00e7\u00e3o para casais crist\u00e3os unidos pelo sacramento do Matrim\u00f3nio.<\/p>\n<p><a href=\"https:\/\/agencia.ecclesia.pt\/portal\/wp-content\/uploads\/2025\/11\/Fatima_encontro_nac_Equipas-Nossa-Senhora_ENS_Foto-Ricardo-Perna-ENS-9.jpg\" rel=\"nofollow noopener\" target=\"_blank\"><img loading=\"lazy\" decoding=\"async\" class=\"size-medium wp-image-399988\" src=\"https:\/\/www.europesays.com\/pt\/wp-content\/uploads\/2025\/11\/Fatima_encontro_nac_Equipas-Nossa-Senhora_ENS_Foto-Ricardo-Perna-ENS-9-400x266.jpg\" alt=\"\" width=\"400\" height=\"266\"   data-mwl-img-id=\"399988\"\/><\/a>Foto: Ricardo Perna\/ENS<\/p>\n<p>A Supra Regi\u00e3o de Portugal, com os cinco pa\u00edses africanos da chamada \u00c1frica Lus\u00f3fona, \u201c\u00e9 a terceira maior do mundo\u201d, explica o casal Carioca, coordenadores at\u00e9 2028, com \u201c8 mil e muitos casais e muitos conselheiros espirituais\u201d, completam o p\u00f3dio o Brasil e o conjunto que formam a Fran\u00e7a, Luxemburgo e Su\u00ed\u00e7a.<\/p>\n<p>Ant\u00f3nio Carioca destaca que \u201ch\u00e1 valores muito semelhantes, a pr\u00f3pria Igreja, e a comunh\u00e3o dos bispos das Confer\u00eancias Episcopais\u201d entre Portugal, \u201cque n\u00e3o tem nenhuma preponder\u00e2ncia sobre os outros pa\u00edses\u201d, e os pa\u00edses africanos lus\u00f3fonos que \u201cest\u00e3o a crescer imenso, porque t\u00eam popula\u00e7\u00e3o jovem\u201d.<\/p>\n<p>O tema de estudo das <a href=\"https:\/\/ens.pt\/\" target=\"_blank\" rel=\"noopener nofollow\">ENS<\/a> para 2025-26 \u00e9 \u2018o amor \u00e9 muito mais do que o amor\u2019 e parte de textos escritos pelo padre Caffarel, sobre o amor humano e o matrim\u00f3nio, segundo Ant\u00f3nio Carioca \u201cparece estar a ler uma coisa acabada de escrever, com as mesmas dificuldades, com os mesmos desafios, com as mesmas formas de abordar as situa\u00e7\u00f5es\u201d.<\/p>\n<p>F\u00e1tima Carioca destaca ainda que elegeram \u201calgumas dimens\u00f5es estrat\u00e9gicas\u201d, como equipa ao servi\u00e7o, \u201colhar muito para os casais que recorrem \u00e0s Equipas de Nossa Senhora para serem apoiados na sua caminhada\u201d, olhar tamb\u00e9m para as equipas de base, \u201cque sejam verdadeiras comunidades de f\u00e9 e de entreajuda\u201d, e olhar para a Igreja, da qual fazem parte como \u201cpovo de Deus\u201d, e a sociedade.<\/p>\n<p>CB<\/p>\n<tr>\n<td style=\"width: 100%;\">\n<a href=\"https:\/\/agencia.ecclesia.pt\/portal\/wp-content\/uploads\/2025\/11\/Fatima_encontro_nac_Equipas-Nossa-Senhora_ENS_Foto-Ricardo-Perna-ENS-3.jpg\" rel=\"nofollow noopener\" target=\"_blank\"><img loading=\"lazy\" decoding=\"async\" class=\"size-medium wp-image-399985\" src=\"https:\/\/www.europesays.com\/pt\/wp-content\/uploads\/2025\/11\/Fatima_encontro_nac_Equipas-Nossa-Senhora_ENS_Foto-Ricardo-Perna-ENS-3-400x266.jpg\" alt=\"\" width=\"400\" height=\"266\"   data-mwl-img-id=\"399985\"\/><\/a>Foto: Ricardo Perna\/ENS<\/p>\n<p>Eun\u00edsia Neves e Jos\u00e9 Carlos Neves, o casal coordenador das ENS em Cabo Verde, est\u00e3o \u201ccasados h\u00e1 15 anos\u201d, o mesmo de n\u00famero de anos que t\u00eam no movimento que n\u00e3o conheciam.<\/p>\n<p>Casal Neves, de Cabo Verde, n\u00f3s somos da ilha de S\u00e3o Vicente, equipa de base Mindelo 4, n\u00f3s somos pais de tr\u00eas filhos, 22 anos, 11 anos e 5 anos. Portanto, n\u00f3s namoramos h\u00e1 24 anos e casados h\u00e1 15 anos.<\/p>\n<p>\u201cRecebemos o convite para conhecer, sempre diz\u00edamos que precisamos de Deus na nossa vida. Ent\u00e3o, a primeira, fomos conhecer como \u00e9 que era e acabamos por permanecer. Continuamos sempre a recomendar as pessoas a experimentar, porque normalmente v\u00e3o e acabam por gostar e permanecer\u201d, explicou Jos\u00e9 Carlos Neves.<\/p>\n<p>Segundo Eun\u00edsia Neves, as Equipas de Nossa Senhora d\u00e3o a este casal a oportunidade de crescer \u201cna f\u00e9, enquanto casal, enquanto fam\u00edlia\u201d, com os seus tr\u00eas filhos, e t\u00eam \u201ca plena consci\u00eancia\u201d que seria \u201cdiferente\u201d se n\u00e3o tivessem \u201centrado para as equipas\u201d.<\/p>\n<p>\u201cO crescimento, o alinhamento em casal, a nossa entrega \u00e0 comunidade, o nosso sentido de perten\u00e7a \u00e0 nossa comunidade religiosa, \u00e0 nossa par\u00f3quia, faz toda a diferen\u00e7a pelo facto de n\u00f3s termos tido essa oportunidade, gra\u00e7as a Deus, de entrar para as equipas de Nossa Senhora\u201d, acrescentou.<\/p>\n<p>Nas oito ilhas habitadas de Cabo Verde, o arquip\u00e9lago lus\u00f3fono \u00e9 constitu\u00eddo por nove, s\u00f3 a Ilha Brava n\u00e3o tem a presen\u00e7a das ENS, o que \u201c\u00e9 um desafio para nos pr\u00f3ximos meses tentar chegar l\u00e1\u201d; no pa\u00eds t\u00eam \u201c160 equipas estruturadas\u201d, nos tr\u00eas setores desta regi\u00e3o.<\/p>\n<p>\u201cUm crescimento vis\u00edvel das equipas de Nossa Senhora, gra\u00e7as a Deus, uma entrega, um entusiasmo, e o facto de estarmos aqui \u00e9 uma forma de unidade e de rejuvenescimento dessa entrega, desse esp\u00edrito de unidade ao movimento\u201d, concluiu Eun\u00edsia Neves.<\/p>\n<\/td>\n<\/tr>\n<p>\u00a0<\/p>\n","protected":false},"excerpt":{"rendered":"\u00abCasais peregrinos de esperan\u00e7a\u00bb de Portugal, Angola e Cabo Verde reuniram em F\u00e1tima Foto: Ricardo Perna\/ENS F\u00e1tima, 16&hellip;\n","protected":false},"author":2,"featured_media":154815,"comment_status":"","ping_status":"","sticky":false,"template":"","format":"standard","meta":{"footnotes":""},"categories":[10],"tags":[27,28,15,16,14,25,26,21,22,12,13,19,20,32,23,24,33,17,18,29,30,31],"class_list":{"0":"post-154814","1":"post","2":"type-post","3":"status-publish","4":"format-standard","5":"has-post-thumbnail","7":"category-portugal","8":"tag-breaking-news","9":"tag-breakingnews","10":"tag-featured-news","11":"tag-featurednews","12":"tag-headlines","13":"tag-latest-news","14":"tag-latestnews","15":"tag-main-news","16":"tag-mainnews","17":"tag-news","18":"tag-noticias","19":"tag-noticias-principais","20":"tag-noticiasprincipais","21":"tag-portugal","22":"tag-principais-noticias","23":"tag-principaisnoticias","24":"tag-pt","25":"tag-top-stories","26":"tag-topstories","27":"tag-ultimas","28":"tag-ultimas-noticias","29":"tag-ultimasnoticias"},"share_on_mastodon":{"url":"https:\/\/pubeurope.com\/@pt\/115564218482372386","error":""},"_links":{"self":[{"href":"https:\/\/www.europesays.com\/pt\/wp-json\/wp\/v2\/posts\/154814","targetHints":{"allow":["GET"]}}],"collection":[{"href":"https:\/\/www.europesays.com\/pt\/wp-json\/wp\/v2\/posts"}],"about":[{"href":"https:\/\/www.europesays.com\/pt\/wp-json\/wp\/v2\/types\/post"}],"author":[{"embeddable":true,"href":"https:\/\/www.europesays.com\/pt\/wp-json\/wp\/v2\/users\/2"}],"replies":[{"embeddable":true,"href":"https:\/\/www.europesays.com\/pt\/wp-json\/wp\/v2\/comments?post=154814"}],"version-history":[{"count":0,"href":"https:\/\/www.europesays.com\/pt\/wp-json\/wp\/v2\/posts\/154814\/revisions"}],"wp:featuredmedia":[{"embeddable":true,"href":"https:\/\/www.europesays.com\/pt\/wp-json\/wp\/v2\/media\/154815"}],"wp:attachment":[{"href":"https:\/\/www.europesays.com\/pt\/wp-json\/wp\/v2\/media?parent=154814"}],"wp:term":[{"taxonomy":"category","embeddable":true,"href":"https:\/\/www.europesays.com\/pt\/wp-json\/wp\/v2\/categories?post=154814"},{"taxonomy":"post_tag","embeddable":true,"href":"https:\/\/www.europesays.com\/pt\/wp-json\/wp\/v2\/tags?post=154814"}],"curies":[{"name":"wp","href":"https:\/\/api.w.org\/{rel}","templated":true}]}}