{"id":154820,"date":"2025-11-17T09:03:28","date_gmt":"2025-11-17T09:03:28","guid":{"rendered":"https:\/\/www.europesays.com\/pt\/154820\/"},"modified":"2025-11-17T09:03:28","modified_gmt":"2025-11-17T09:03:28","slug":"o-momento-que-ninguem-viu-o-beijo-mais-apaixonado-de-pedro-jorge-e-marisa-as-escondidas-noticias-de-hoje-iol","status":"publish","type":"post","link":"https:\/\/www.europesays.com\/pt\/154820\/","title":{"rendered":"O momento que ningu\u00e9m viu! O beijo mais apaixonado de Pedro Jorge e Marisa \u00e0s escondidas &#8211; Not\u00edcias de hoje &#8211; IOL"},"content":{"rendered":"<ol>\n<li><a href=\"https:\/\/news.google.com\/rss\/articles\/CBMi2gFBVV95cUxOR2h5bTVKbVRJQ1o5bHFCckdkTVZnOTg4Yjk1eG5CTXh2NDhYYTRYejNCWVAxMUxRR0M1TjRBSzlqLXNvYkFlT0RHLXlmS3BoTUZfSHJzUGV2V3ZKRDlfY2wwb2F6LXRlSWt2ZG42RDNfYUxWamFfeFctRWlVREFWUXZLQ1RGRjZnNFZMSC1JcUNTZzV2OHZ6eWNjZjlmTkNEVWFkbWplWDk4Z2dMOUt5bHlmdU5kb0UtQlZkVTdXblRoNEE5T3JOVU5rb280c3k4VjJXLXhRZTRYQQ?oc=5\" target=\"_blank\" rel=\"nofollow noopener\">O momento que ningu\u00e9m viu! O beijo mais apaixonado de Pedro Jorge e Marisa \u00e0s escondidas<\/a>&nbsp;&nbsp;Not\u00edcias de hoje &#8211; IOL<\/li>\n<li><a href=\"https:\/\/news.google.com\/rss\/articles\/CBMiugFBVV95cUxPRHI1aW51eEdZZlQ3TzdkaHRaSVJnbXN1MjBUeDQzbVJwVGQtNjd3cXJQYXVERF8tLWNLOTZqaFpPbFllbVUzQ1pQM09pMUZKQkJ0VTZMWWV6SHNIR0dyaWNrcUFVY0hERVFvWGRvcjZ2RklxOEhaWVpPcXdPQlNSdEpTSTRkQlQyZDhadmFOWWxFSEMyU1JBcGppaGJYa0lwMk1JZkhKS2V6SjdqdW9ZZFpXNUFibHFnTFE?oc=5\" target=\"_blank\" rel=\"nofollow noopener\">Est\u00e1 caidinho! F\u00e1bio disposto a abdicar do pr\u00e9mio por Liliana: &#8220;Prefiro sair sem pr\u00e9mio mas contigo&#8230;&#8221;<\/a>&nbsp;&nbsp;Hiper Fm<\/li>\n<li><a href=\"https:\/\/news.google.com\/rss\/articles\/CBMitAFBVV95cUxNT2stMDhyT3lCVDg1NXItbHhqMzVBMVQ0NHkxa3c0cmYzc3FMejhQRUdCRWtFWjJnSHlxb0VsZnlhMk5WT2U0YW05Q1YwRmw4bmZDdjlrQWNXQnFWNWk0M3VlTUpiX1BoSUNRa0FxYlhhamg0SEt1ZXBTQ0FlemdLS2xiTVRBRUxKbDVvcDJ1aC1HTXN5eHR2OHpXcUd5THFBaVJwQS1MNVVMQUVHcjhYc1Fwb1M?oc=5\" target=\"_blank\" rel=\"nofollow noopener\">Concorrentes viram-se contra Liliana: \u00abMania da superioridade!\u00bb<\/a>&nbsp;&nbsp;Not\u00edcias de hoje &#8211; IOL<\/li>\n<li><a href=\"https:\/\/news.google.com\/rss\/articles\/CBMipgFBVV95cUxQbWJSWDhQeTFiUFhQOUlyMjVqTXZZTUlXNEcwSlhzLVRJUnRLWkI4S2FnbGFoWERaelBTZXlOS3RMVmQzMTJ4VEpscmNrU3d6SkJ4emEzbWJIRzROSlFwVE5RN2dSQWYxWF9rSUtrSlVEajVSeWJ4V0lQbkJ0ZnVBMXZNaVNwUU9saGFkU1dXTjBDOHVlU19SaUVFMW03WVNKQTJzTS1B?oc=5\" target=\"_blank\" rel=\"nofollow noopener\">Azedou! Leandro e Liliana entram em aceso conflito: \u201cMete-te na tua vida, intrometida\u2026\u201d<\/a>&nbsp;&nbsp;Hiper Fm<\/li>\n<li><a href=\"https:\/\/news.google.com\/rss\/articles\/CBMi0gFBVV95cUxPNFZCS3RtSVZ2M2N4R3RKZTgzamFaeTI5cXhCWUFGV0NEbVM1dkRMNmVRb19xZk15QzFMVG1taXhubG1zX01uZHlrc2xMekh3U3VrcXpDWVdjVVpXUU1NS0dVbjNFclZvcXZRcXZvZGNnYXZWc0NldWRUa19jUkR2cUZzNUZDQ1ZqOVpoYUxWdlBaRm9iS2tfemdkbEFWN0pRSG80TzgzdkNmUm5LUzZNZ2lSU1d2QVJkdWdVM3ZuUjZka0NNbDlvQXhER1Q0aE12d3c?oc=5\" target=\"_blank\" rel=\"nofollow noopener\">Leandro garante que j\u00e1 sabe os segredos todos&#8230; incluindo o de Marisa e Pedro Jorge<\/a>&nbsp;&nbsp;Not\u00edcias de hoje &#8211; IOL<\/li>\n<\/ol>\n","protected":false},"excerpt":{"rendered":"O momento que ningu\u00e9m viu! O beijo mais apaixonado de Pedro Jorge e Marisa \u00e0s escondidas&nbsp;&nbsp;Not\u00edcias de hoje&hellip;\n","protected":false},"author":2,"featured_media":154821,"comment_status":"","ping_status":"","sticky":false,"template":"","format":"standard","meta":{"footnotes":""},"categories":[142],"tags":[114,115,488,19184,13,21416,32,33,151],"class_list":{"0":"post-154820","1":"post","2":"type-post","3":"status-publish","4":"format-standard","5":"has-post-thumbnail","7":"category-tv","8":"tag-entertainment","9":"tag-entretenimento","10":"tag-iol","11":"tag-marisa","12":"tag-noticias","13":"tag-pedro-jorge","14":"tag-portugal","15":"tag-pt","16":"tag-tv"},"share_on_mastodon":{"url":"https:\/\/pubeurope.com\/@pt\/115564236195238620","error":""},"_links":{"self":[{"href":"https:\/\/www.europesays.com\/pt\/wp-json\/wp\/v2\/posts\/154820","targetHints":{"allow":["GET"]}}],"collection":[{"href":"https:\/\/www.europesays.com\/pt\/wp-json\/wp\/v2\/posts"}],"about":[{"href":"https:\/\/www.europesays.com\/pt\/wp-json\/wp\/v2\/types\/post"}],"author":[{"embeddable":true,"href":"https:\/\/www.europesays.com\/pt\/wp-json\/wp\/v2\/users\/2"}],"replies":[{"embeddable":true,"href":"https:\/\/www.europesays.com\/pt\/wp-json\/wp\/v2\/comments?post=154820"}],"version-history":[{"count":0,"href":"https:\/\/www.europesays.com\/pt\/wp-json\/wp\/v2\/posts\/154820\/revisions"}],"wp:featuredmedia":[{"embeddable":true,"href":"https:\/\/www.europesays.com\/pt\/wp-json\/wp\/v2\/media\/154821"}],"wp:attachment":[{"href":"https:\/\/www.europesays.com\/pt\/wp-json\/wp\/v2\/media?parent=154820"}],"wp:term":[{"taxonomy":"category","embeddable":true,"href":"https:\/\/www.europesays.com\/pt\/wp-json\/wp\/v2\/categories?post=154820"},{"taxonomy":"post_tag","embeddable":true,"href":"https:\/\/www.europesays.com\/pt\/wp-json\/wp\/v2\/tags?post=154820"}],"curies":[{"name":"wp","href":"https:\/\/api.w.org\/{rel}","templated":true}]}}