{"id":154822,"date":"2025-11-17T09:06:10","date_gmt":"2025-11-17T09:06:10","guid":{"rendered":"https:\/\/www.europesays.com\/pt\/154822\/"},"modified":"2025-11-17T09:06:10","modified_gmt":"2025-11-17T09:06:10","slug":"forbs-e-o-14-o-estreante-de-martinez-e-logo-com-o-7-nas-costas-2","status":"publish","type":"post","link":"https:\/\/www.europesays.com\/pt\/154822\/","title":{"rendered":"Forbs \u00e9 o 14.\u00ba estreante de Mart\u00ednez e logo com o 7 nas costas"},"content":{"rendered":"<p>&#13;<br \/>\nNo Porto, em partida da sexta e \u00faltima jornada do Grupo F, o avan\u00e7ado do Club Brugge, de 21 anos, foi lan\u00e7ado pelo t\u00e9cnico espanhol aos 56 minutos, para o lugar de Bernardo Silva, j\u00e1 quando o marcador assinalava 6-1, e entrou em campo a envergar o n\u00famero `7`, quase propriedade privada de Cristiano Ronaldo, que foi aus\u00eancia deste encontro por estar castigado.&#13;\n<\/p>\n<p>&#13;<br \/>\nDesde que chegou ao comando da sele\u00e7\u00e3o nacional, em 2023, Roberto Mart\u00ednez estreou 14 jogadores, mas j\u00e1 h\u00e1 um ano que n\u00e3o se via uma cara nova na equipa de Portugal.&#13;\n<\/p>\n<p>&#13;<br \/>\nGeovany Quenda, do Sporting, e Rodrigo Mora, do FC Porto, chegaram a fazer parte das convocat\u00f3rias de Mart\u00ednez, mas acabaram por nunca fazer a estreia.&#13;\n<\/p>\n<p>&#13;<br \/>\n\u00c9 preciso recuar at\u00e9 novembro de 2024 para encontrar os \u00faltimos estreantes da era Roberto Mart\u00ednez, com Tom\u00e1s Ara\u00fajo, Tiago Djal\u00f3 e F\u00e1bio Silva a vestirem pela primeira vez a camisola da equipa das `quinas`.&#13;\n<\/p>\n<p>&#13;<br \/>\nEm Split, na sexta e \u00faltima jornada do Grupo A1 Da Liga as Na\u00e7\u00f5es, numa partida em que Portugal j\u00e1 tinha assegurado o primeiro lugar e a qualifica\u00e7\u00e3o, Tom\u00e1s Ara\u00fajo foi mesmo titular, enquanto Tiago Djal\u00f3 e F\u00e1bio Silva foram lan\u00e7ados na segunda parte.&#13;\n<\/p>\n<p>&#13;<br \/>\nO dia poderia ter sido hist\u00f3rico, mas, tal como j\u00e1 tinha acontecido em setembro, Geovany Queda acabou por n\u00e3o ser utilizado e perdeu a \u00faltima oportunidade de, aos 17 anos, tornar-se no jogador mais novo de sempre a representar a sele\u00e7\u00e3o.&#13;\n<\/p>\n<p>&#13;<br \/>\nIsto significa que o recorde de Paulo Futre, que dura desde 1983, continua intacto e assim se vai manter nos pr\u00f3ximos tempos.&#13;\n<\/p>\n<p>&#13;<br \/>\nPoucos dias antes desse jogo, o lateral Nuno Tavares j\u00e1 tinha feito a sua estreia pela principal sele\u00e7\u00e3o portuguesa, na goleada sobre a Pol\u00f3nia (5-1), tamb\u00e9m para a Liga das Na\u00e7\u00f5es.&#13;\n<\/p>\n<p>&#13;<br \/>\nEm outubro de 2024, no triunfo (3-1) em Vars\u00f3via, igualmente sobre a Pol\u00f3nia, na terceira jornada, Samuel Costa foi lan\u00e7ado na partida aos 90+1 minutos, para o lugar de Bernardo Silva, e viveu a sua primeira internacionaliza\u00e7\u00e3o.&#13;\n<\/p>\n<p>&#13;<br \/>\nMinutos antes, quando o \u00e1rbitro apitou para o in\u00edcio da partida, o defesa Renato Veiga tinha passado a ser a oitava estreia de Mart\u00ednez, ao aparecer na equipa titular de Portugal, completando os 90 minutos.&#13;\n<\/p>\n<p>&#13;<br \/>\nAmbos sucederam a Francisco Concei\u00e7\u00e3o, que fez a sua estreia em mar\u00e7o desse ano, em Liubliana, na derrota por 2-0 com a Eslov\u00e9nia, num particular que serviu de prepara\u00e7\u00e3o para o Euro2024.&#13;\n<\/p>\n<p>&#13;<br \/>\nDias antes tinha sido a vez do avan\u00e7ado Jota Silva, na altura no Vit\u00f3ria de Guimar\u00e3es, que viveu os primeiros minutos com a equipa das `quinas` no triunfo no particular ante a Su\u00e9cia (5-2), tamb\u00e9m de prepara\u00e7\u00e3o para o Europeu da Alemanha.&#13;\n<\/p>\n<p>&#13;<br \/>\nO guarda-redes Jos\u00e9 S\u00e1, os defesas Toti Gomes e Jo\u00e3o M\u00e1rio, e o m\u00e9dio Jo\u00e3o Neves foram tamb\u00e9m lan\u00e7ados na `era` Mart\u00ednez, que teve o seu primeiro estreante em Gon\u00e7alo In\u00e1cio, no arranque da qualifica\u00e7\u00e3o para o Euro2024, em 23 de mar\u00e7o de 2023, perante o Liechtenstein.&#13;<\/p>\n","protected":false},"excerpt":{"rendered":"&#13; No Porto, em partida da sexta e \u00faltima jornada do Grupo F, o avan\u00e7ado do Club Brugge,&hellip;\n","protected":false},"author":2,"featured_media":153965,"comment_status":"","ping_status":"","sticky":false,"template":"","format":"standard","meta":{"footnotes":""},"categories":[87],"tags":[19276,11704,135,33171,5595,32,33,1876,134,33172],"class_list":{"0":"post-154822","1":"post","2":"type-post","3":"status-publish","4":"format-standard","5":"has-post-thumbnail","7":"category-desporto","8":"tag-bernardo","9":"tag-club-brugge","10":"tag-desporto","11":"tag-geovany-quenda-sporting","12":"tag-jota","13":"tag-portugal","14":"tag-pt","15":"tag-roberto","16":"tag-sports","17":"tag-tomas-araujo-ti-djalo"},"share_on_mastodon":{"url":"https:\/\/pubeurope.com\/@pt\/115564248118946162","error":""},"_links":{"self":[{"href":"https:\/\/www.europesays.com\/pt\/wp-json\/wp\/v2\/posts\/154822","targetHints":{"allow":["GET"]}}],"collection":[{"href":"https:\/\/www.europesays.com\/pt\/wp-json\/wp\/v2\/posts"}],"about":[{"href":"https:\/\/www.europesays.com\/pt\/wp-json\/wp\/v2\/types\/post"}],"author":[{"embeddable":true,"href":"https:\/\/www.europesays.com\/pt\/wp-json\/wp\/v2\/users\/2"}],"replies":[{"embeddable":true,"href":"https:\/\/www.europesays.com\/pt\/wp-json\/wp\/v2\/comments?post=154822"}],"version-history":[{"count":0,"href":"https:\/\/www.europesays.com\/pt\/wp-json\/wp\/v2\/posts\/154822\/revisions"}],"wp:featuredmedia":[{"embeddable":true,"href":"https:\/\/www.europesays.com\/pt\/wp-json\/wp\/v2\/media\/153965"}],"wp:attachment":[{"href":"https:\/\/www.europesays.com\/pt\/wp-json\/wp\/v2\/media?parent=154822"}],"wp:term":[{"taxonomy":"category","embeddable":true,"href":"https:\/\/www.europesays.com\/pt\/wp-json\/wp\/v2\/categories?post=154822"},{"taxonomy":"post_tag","embeddable":true,"href":"https:\/\/www.europesays.com\/pt\/wp-json\/wp\/v2\/tags?post=154822"}],"curies":[{"name":"wp","href":"https:\/\/api.w.org\/{rel}","templated":true}]}}