{"id":154825,"date":"2025-11-17T09:09:16","date_gmt":"2025-11-17T09:09:16","guid":{"rendered":"https:\/\/www.europesays.com\/pt\/154825\/"},"modified":"2025-11-17T09:09:16","modified_gmt":"2025-11-17T09:09:16","slug":"os-desafios-do-clima-espacial-para-satelites-de-observacao-da-terra","status":"publish","type":"post","link":"https:\/\/www.europesays.com\/pt\/154825\/","title":{"rendered":"Os desafios do clima espacial para sat\u00e9lites de observa\u00e7\u00e3o da Terra"},"content":{"rendered":"<p> <img decoding=\"async\" fetchpriority=\"high\" src=\"https:\/\/www.europesays.com\/pt\/wp-content\/uploads\/2025\/11\/os-desafios-do-clima-espacial-para-satelites-de-observacao-da-terra-1763219503092_1024.png\"  width=\"768\" height=\"432\" data-image=\"b7y2y6llxwcq\"\/>A consequ\u00eancia mais vis\u00edvel e bela das tempestades solares s\u00e3o as auroras polares (boreal e austral)   <img decoding=\"async\" fetchpriority=\"high\" src=\"https:\/\/www.europesays.com\/pt\/wp-content\/uploads\/2025\/08\/carlos-alves.jpg\" alt=\"Carlos Alves\" width=\"40\" height=\"40\"\/>    <a class=\"nombre text-hv\" href=\"https:\/\/www.tempo.pt\/autor\/carlos-alves\/\" title=\"Carlos Alves\" rel=\"nofollow noopener\" target=\"_blank\">Carlos Alves<\/a>      17\/11\/2025 08:39   5 min   <\/p>\n<p>O Sol, fonte de vida, \u00e9 tamb\u00e9m a origem do <strong>clima espacial<\/strong>, um conjunto de fen\u00f3menos (flares, radia\u00e7\u00e3o e Eje\u00e7\u00f5es de Massa Coronal \u2013 CMEs) que amea\u00e7a diretamente a rede vital de sat\u00e9lites de observa\u00e7\u00e3o da Terra. A constante atividade solar pode comprometer a \u00f3rbita, a eletr\u00f3nica de bordo e as comunica\u00e7\u00f5es, exigindo estrat\u00e9gias de mitiga\u00e7\u00e3o sofisticadas das equipas de miss\u00e3o, como a NASA e a NOAA.<\/p>\n<p>Os tr\u00eas efeitos do clima espacial<\/p>\n<p>Os sat\u00e9lites, especialmente aqueles em \u00d3rbita Terrestre Baixa (LEO), enfrentam tr\u00eas grandes desafios decorrentes das tempestades solares:<\/p>\n<p><strong>A amea\u00e7a \u00e0 \u00f3rbita<\/strong>, quando<strong> <\/strong>as tempestades injetam energia na atmosfera superior, aquecendo-a e causando a sua <strong>expans\u00e3o<\/strong>. Esta expans\u00e3o atmosf\u00e9rica aumenta o <strong>arrastamento aerodin\u00e2mico<\/strong> sobre os sat\u00e9lites, fazendo com que percam altitude mais rapidamente. Para corrigir a trajet\u00f3ria e manter a miss\u00e3o, os sat\u00e9lites precisam de usar <strong>combust\u00edvel extra<\/strong>, o que pode <strong>encurtar significativamente a sua vida \u00fatil<\/strong> operacional.<\/p>\n<p><img loading=\"lazy\" decoding=\"async\" fetchpriority=\"low\" class=\"lazy \" src=\"https:\/\/www.europesays.com\/pt\/wp-content\/uploads\/2025\/11\/os-desafios-do-clima-espacial-para-satelites-de-observacao-da-terra-1763219662812_1024.png\"  width=\"768\" height=\"432\" data-image=\"t8nij0ytb8bp\"\/>O clima espacial pode injetar erros na camada da atmosfera (ionosfera) usada pelos sinais de GPS.<\/p>\n<p><strong>Os danos nos instrumentos<\/strong>, quando part\u00edculas altamente energ\u00e9ticas (radia\u00e7\u00e3o) podem penetrar na prote\u00e7\u00e3o e atingir os chips de computador. Este impacto pode causar uma <strong>Falha de Evento \u00danico<\/strong> (single-event upset), ou &#8220;invers\u00e3o de bit&#8221;, alterando dados cr\u00edticos. Para prote\u00e7\u00e3o, a nave espacial entra automaticamente em <strong>Modo de Seguran\u00e7a<\/strong> (safe mode). <\/p>\n<p>Neste estado, o sat\u00e9lite cessa a recolha de dados cient\u00edficos, protegendo a eletr\u00f3nica at\u00e9 que as equipas terrestres resolvam a falha \u2013 um evento que ocorreu, por exemplo, com o sat\u00e9lite ICESat-2 da NASA durante uma forte tempestade geomagn\u00e9tica.<\/p>\n<p><strong>E a interrup\u00e7\u00e3o da comunica\u00e7\u00e3o<\/strong>, quando o arrastamento atmosf\u00e9rico n\u00e3o s\u00f3 afeta a \u00f3rbita, mas tamb\u00e9m os <strong>tempos de passagem<\/strong> do sat\u00e9lite, complicando a comunica\u00e7\u00e3o com as esta\u00e7\u00f5es terrestres e a descarga de dados. Adicionalmente, as explos\u00f5es de r\u00e1dio solares (Solar Radio Bursts) podem interferir nas frequ\u00eancias usadas pelos sat\u00e9lites, dificultando a liga\u00e7\u00e3o.<\/p>\n<ol\/>O alerta de m\u00faltiplas CMEs (NOAA SWPC)<\/p>\n<p>A dificuldade de prever o Clima Espacial foi evidenciada por um evento ocorrido em novembro (de 2025), quando tr\u00eas <strong>Eje\u00e7\u00f5es de Massa Coronal (CMEs)<\/strong> \u2013 bolhas de plasma e campo magn\u00e9tico expelidas do Sol \u2013 ocorreram em dias sucessivos (9, 10 e 11).<\/p>\n<p><img loading=\"lazy\" decoding=\"async\" fetchpriority=\"low\" class=\"lazy \" src=\"https:\/\/www.europesays.com\/pt\/wp-content\/uploads\/2025\/11\/os-desafios-do-clima-espacial-para-satelites-de-observacao-da-terra-1763219854592_1024.png\"  width=\"768\" height=\"432\" data-image=\"drxfv8fhtyqt\"\/>A Terra est\u00e1 protegida por um poderoso campo magn\u00e9tico (a magnetosfera). Quando as part\u00edculas carregadas do Sol (provenientes do vento solar, flares ou CMEs) atingem este escudo, s\u00e3o desviadas, protegendo a vida na superf\u00edcie.<\/p>\n<p>A CME de 11 de novembro, em particular, foi <strong>mais energ\u00e9tica e mais r\u00e1pida<\/strong> que as anteriores, complicando o cen\u00e1rio de previs\u00e3o j\u00e1 complexo e exigindo que o Centro de Previs\u00e3o do Clima Espacial (SWPC) da NOAA ajustasse a sua vigil\u00e2ncia. Este surto solar massivo, que previu atingir o n\u00edvel <strong>G4 (severo)<\/strong> de tempestade geomagn\u00e9tica, serviu como um lembrete do qu\u00e3o vol\u00e1til e perigoso o ambiente espacial pode ser.<\/p>\n<p>O papel da previs\u00e3o e mitiga\u00e7\u00e3o<\/p>\n<p>Devido \u00e0 natureza complexa do Sol, a previs\u00e3o do Clima Espacial \u00e9 um desafio constante. No entanto, as equipas dependem de dados fornecidos por miss\u00f5es dedicadas \u00e0 monitoriza\u00e7\u00e3o solar.<\/p>\n<p><a class=\"imagen \" href=\"https:\/\/www.tempo.pt\/noticias\/astronomia\/uma-erupcao-solar-poderia-nos-fazer-voltar-a-idade-da-pedra-o-risco-de-uma-tempestade-solar-e-como-nos-afetaria.html\" title=\"Uma erup\u00e7\u00e3o solar poderia fazer-nos voltar \u00e0 Idade da Pedra: o risco de uma tempestade solar e como nos afetaria\" rel=\"nofollow noopener\" target=\"_blank\"><img loading=\"lazy\" decoding=\"async\" fetchpriority=\"low\" class=\"lazy img-body non-editable\" src=\"https:\/\/www.europesays.com\/pt\/wp-content\/uploads\/2025\/11\/1763370556_927_una-llamarada-del-sol-podria-devolvernos-a-la-edad-de-piedra-el-riesgo-de-una-tormenta-solar-y-como-.jpeg\"  width=\"320\" height=\"225\" alt=\"Uma erup\u00e7\u00e3o solar poderia fazer-nos voltar \u00e0 Idade da Pedra: o risco de uma tempestade solar e como nos afetaria\"\/><\/a><\/p>\n<p>O aviso pr\u00e9vio \u00e9 a ferramenta de mitiga\u00e7\u00e3o mais importante. Ele permite que as equipas tomem medidas preventivas, como a coloca\u00e7\u00e3o dos sat\u00e9lites em safe mode ou a realiza\u00e7\u00e3o de manobras orbitais, protegendo assim a instrumenta\u00e7\u00e3o de milh\u00f5es de d\u00f3lares e garantindo a continuidade dos dados cient\u00edficos essenciais para a compreens\u00e3o do nosso planeta.<\/p>\n<p>Refer\u00eancia da not\u00edcia<\/p>\n<p><a href=\"https:\/\/www.earthdata.nasa.gov\/news\/feature-articles\/its-always-sunny-space-thats-problem-satellite-teams\" rel=\"nofollow noopener\" target=\"_blank\">https:\/\/www.earthdata.nasa.gov\/news\/feature-articles\/its-always-sunny-space-thats-problem-satellite-teams<\/a> &#8211; It\u2019s Always Sunny in Space (and That&#8217;s a Problem for Satellite Teams) <\/p>\n<p><a href=\"https:\/\/www.swpc.noaa.gov\/news\/another-faster-moving-cme-blasts-sun-early-11-november\" rel=\"nofollow noopener\" target=\"_blank\">https:\/\/www.swpc.noaa.gov\/news\/another-faster-moving-cme-blasts-sun-early-11-november<\/a> &#8211; Another, Faster Moving CME Blasts from the Sun Early on 11 November<\/p>\n","protected":false},"excerpt":{"rendered":"A consequ\u00eancia mais vis\u00edvel e bela das tempestades solares s\u00e3o as auroras polares (boreal e austral) Carlos Alves&hellip;\n","protected":false},"author":2,"featured_media":154826,"comment_status":"","ping_status":"","sticky":false,"template":"","format":"standard","meta":{"footnotes":""},"categories":[84],"tags":[109,107,108,33340,33110,33341,32,33,105,103,104,2836,106,110,20982,27351],"class_list":{"0":"post-154825","1":"post","2":"type-post","3":"status-publish","4":"format-standard","5":"has-post-thumbnail","7":"category-ciencia-e-tecnologia","8":"tag-ciencia","9":"tag-ciencia-e-tecnologia","10":"tag-cienciaetecnologia","11":"tag-clima-espacial","12":"tag-ejecao-de-massa-coronal","13":"tag-meteorologia-espacial","14":"tag-portugal","15":"tag-pt","16":"tag-science","17":"tag-science-and-technology","18":"tag-scienceandtechnology","19":"tag-sol","20":"tag-technology","21":"tag-tecnologia","22":"tag-tempestade","23":"tag-tempestade-solar"},"share_on_mastodon":{"url":"https:\/\/pubeurope.com\/@pt\/115564260007616529","error":""},"_links":{"self":[{"href":"https:\/\/www.europesays.com\/pt\/wp-json\/wp\/v2\/posts\/154825","targetHints":{"allow":["GET"]}}],"collection":[{"href":"https:\/\/www.europesays.com\/pt\/wp-json\/wp\/v2\/posts"}],"about":[{"href":"https:\/\/www.europesays.com\/pt\/wp-json\/wp\/v2\/types\/post"}],"author":[{"embeddable":true,"href":"https:\/\/www.europesays.com\/pt\/wp-json\/wp\/v2\/users\/2"}],"replies":[{"embeddable":true,"href":"https:\/\/www.europesays.com\/pt\/wp-json\/wp\/v2\/comments?post=154825"}],"version-history":[{"count":0,"href":"https:\/\/www.europesays.com\/pt\/wp-json\/wp\/v2\/posts\/154825\/revisions"}],"wp:featuredmedia":[{"embeddable":true,"href":"https:\/\/www.europesays.com\/pt\/wp-json\/wp\/v2\/media\/154826"}],"wp:attachment":[{"href":"https:\/\/www.europesays.com\/pt\/wp-json\/wp\/v2\/media?parent=154825"}],"wp:term":[{"taxonomy":"category","embeddable":true,"href":"https:\/\/www.europesays.com\/pt\/wp-json\/wp\/v2\/categories?post=154825"},{"taxonomy":"post_tag","embeddable":true,"href":"https:\/\/www.europesays.com\/pt\/wp-json\/wp\/v2\/tags?post=154825"}],"curies":[{"name":"wp","href":"https:\/\/api.w.org\/{rel}","templated":true}]}}