{"id":154835,"date":"2025-11-17T09:20:16","date_gmt":"2025-11-17T09:20:16","guid":{"rendered":"https:\/\/www.europesays.com\/pt\/154835\/"},"modified":"2025-11-17T09:20:16","modified_gmt":"2025-11-17T09:20:16","slug":"wesley-e-a-alternativa-do-sporting-caso-falhe-a-contratacao-de-yeremay-hernandez","status":"publish","type":"post","link":"https:\/\/www.europesays.com\/pt\/154835\/","title":{"rendered":"Wesley \u00e9 a alternativa do Sporting caso falhe a contrata\u00e7\u00e3o de Yeremay Hern\u00e1ndez"},"content":{"rendered":"<p>&#8211; Advertisement &#8211;<\/p>\n<p><strong>O Sporting continua a preparar o ataque ao mercado. Wesley, do Al Nassr, est\u00e1 na lista dos le\u00f5es para o lado esquerdo do ataque. <\/strong><\/p>\n<p>O Sporting quer refor\u00e7ar o lado esquerdo do ataque com um jogador com um perfil diferente de Pedro Gon\u00e7alves. Face \u00e0 dificuldade das negocia\u00e7\u00f5es por Yeremay Hern\u00e1ndez, <a href=\"https:\/\/bolanarede.pt\/especial-bola-na-rede\/atualidade\/yeremay-hernandez-volta-ao-radar-do-sporting-para-o-mercado-de-janeiro\/\" target=\"_blank\" rel=\"noreferrer noopener nofollow\">prioridade dos le\u00f5es<\/a>, o emblema verde e branco vira os olhos para Wesley.<\/p>\n<p>De acordo com o jornal A Bola, o extremo brasileiro do Al Nassr est\u00e1 na lista dos le\u00f5es como alternativa ao espanhol. A reduzida utiliza\u00e7\u00e3o por parte de Jorge Jesus aliada ao pre\u00e7o mais reduzido s\u00e3o fatores que jogam a favor do Sporting. <\/p>\n<p>No ver\u00e3o, antes da chegada de Kingsley Coman ao clube, o Al Nassr<a href=\"https:\/\/bolanarede.pt\/especial-bola-na-rede\/atualidade\/al-nassr-de-cristiano-ronaldo-rejeita-proposta-vinda-da-serie-a-por-avancado\/\" target=\"_blank\" rel=\"noreferrer noopener nofollow\"> rejeitou uma proposta do Bolonha <\/a>pelo extremo de 20 anos que, em 2024, custou 18 milh\u00f5es de euros aos cofres sauditas. Esta \u00e9poca, o jovem formado no Corinthians soma dois golos e uma assist\u00eancia em nove jogos pela equipa de Cristiano Ronaldo, Jo\u00e3o F\u00e9lix e companhia. <\/p>\n<p><img fetchpriority=\"high\" decoding=\"async\" width=\"1024\" height=\"576\" src=\"data:image\/svg+xml,%3Csvg%20xmlns=\" http:=\"\" alt=\"Wesley Al Nassr\" class=\"wp-image-456488 ewww_webp_lazy_load\" data-lazy- data-lazy- data-lazy-src=\"https:\/\/www.europesays.com\/pt\/wp-content\/uploads\/2025\/11\/Wesley-Al-Nassr-1024x576.jpg\" data-lazy-src-webp=\"https:\/\/www.europesays.com\/pt\/wp-content\/uploads\/2025\/11\/Wesley-Al-Nassr-1024x576.jpg.webp\" data-lazy-srcset-webp=\"https:\/\/www.europesays.com\/pt\/wp-content\/uploads\/2025\/11\/Wesley-Al-Nassr-1024x576.jpg.webp 1024w, https:\/\/binny-bolanarede.b-cdn.net\/wp-content\/uploads\/2025\/11\/Wesley-Al-Nassr-300x169.jpg.webp 300w, https:\/\/binny-bolanarede.b-cdn.net\/wp-content\/uploads\/2025\/11\/Wesley-Al-Nassr-768x432.jpg.webp 768w, https:\/\/binny-bolanarede.b-cdn.net\/wp-content\/uploads\/2025\/11\/Wesley-Al-Nassr-1536x864.jpg.webp 1536w, https:\/\/binny-bolanarede.b-cdn.net\/wp-content\/uploads\/2025\/11\/Wesley-Al-Nassr-150x84.jpg.webp 150w, https:\/\/binny-bolanarede.b-cdn.net\/wp-content\/uploads\/2025\/11\/Wesley-Al-Nassr-696x392.jpg.webp 696w, https:\/\/binny-bolanarede.b-cdn.net\/wp-content\/uploads\/2025\/11\/Wesley-Al-Nassr-1068x601.jpg.webp 1068w, https:\/\/binny-bolanarede.b-cdn.net\/wp-content\/uploads\/2025\/11\/Wesley-Al-Nassr.jpg.webp 1920w\"\/>Fonte: Al Nassr FC<\/p>\n","protected":false},"excerpt":{"rendered":"&#8211; Advertisement &#8211; O Sporting continua a preparar o ataque ao mercado. Wesley, do Al Nassr, est\u00e1 na&hellip;\n","protected":false},"author":2,"featured_media":154836,"comment_status":"","ping_status":"","sticky":false,"template":"","format":"standard","meta":{"footnotes":""},"categories":[87],"tags":[685,260,135,478,1965,32,479,33,34,134,21912,9128],"class_list":{"0":"post-154835","1":"post","2":"type-post","3":"status-publish","4":"format-standard","5":"has-post-thumbnail","7":"category-desporto","8":"tag-al-nassr","9":"tag-atualidade","10":"tag-desporto","11":"tag-destaques-bnr","12":"tag-liga-saudita","13":"tag-portugal","14":"tag-primeira-liga","15":"tag-pt","16":"tag-sporting","17":"tag-sports","18":"tag-wesley","19":"tag-yeremay-hernandez"},"share_on_mastodon":{"url":"https:\/\/pubeurope.com\/@pt\/115564303764003721","error":""},"_links":{"self":[{"href":"https:\/\/www.europesays.com\/pt\/wp-json\/wp\/v2\/posts\/154835","targetHints":{"allow":["GET"]}}],"collection":[{"href":"https:\/\/www.europesays.com\/pt\/wp-json\/wp\/v2\/posts"}],"about":[{"href":"https:\/\/www.europesays.com\/pt\/wp-json\/wp\/v2\/types\/post"}],"author":[{"embeddable":true,"href":"https:\/\/www.europesays.com\/pt\/wp-json\/wp\/v2\/users\/2"}],"replies":[{"embeddable":true,"href":"https:\/\/www.europesays.com\/pt\/wp-json\/wp\/v2\/comments?post=154835"}],"version-history":[{"count":0,"href":"https:\/\/www.europesays.com\/pt\/wp-json\/wp\/v2\/posts\/154835\/revisions"}],"wp:featuredmedia":[{"embeddable":true,"href":"https:\/\/www.europesays.com\/pt\/wp-json\/wp\/v2\/media\/154836"}],"wp:attachment":[{"href":"https:\/\/www.europesays.com\/pt\/wp-json\/wp\/v2\/media?parent=154835"}],"wp:term":[{"taxonomy":"category","embeddable":true,"href":"https:\/\/www.europesays.com\/pt\/wp-json\/wp\/v2\/categories?post=154835"},{"taxonomy":"post_tag","embeddable":true,"href":"https:\/\/www.europesays.com\/pt\/wp-json\/wp\/v2\/tags?post=154835"}],"curies":[{"name":"wp","href":"https:\/\/api.w.org\/{rel}","templated":true}]}}