{"id":154837,"date":"2025-11-17T09:21:13","date_gmt":"2025-11-17T09:21:13","guid":{"rendered":"https:\/\/www.europesays.com\/pt\/154837\/"},"modified":"2025-11-17T09:21:13","modified_gmt":"2025-11-17T09:21:13","slug":"cancer-de-prostata-conhecidos-exames-e-novas-tecnicas-17-11-2025-equilibrio-e-saude","status":"publish","type":"post","link":"https:\/\/www.europesays.com\/pt\/154837\/","title":{"rendered":"C\u00e2ncer de pr\u00f3stata: conhecidos exames e novas t\u00e9cnicas &#8211; 17\/11\/2025 &#8211; Equil\u00edbrio e Sa\u00fade"},"content":{"rendered":"<p>O exame de PSA, sigla em ingl\u00eas para ant\u00edgeno prost\u00e1tico espec\u00edfico, \u00e9 o principal marcador para detectar precocemente o <a href=\"https:\/\/www1.folha.uol.com.br\/folha-topicos\/cancer-de-prostata\/\" rel=\"nofollow noopener\" target=\"\">c\u00e2ncer de pr\u00f3stata<\/a>. Embora n\u00e3o seja, por si s\u00f3, um diagn\u00f3stico, o teste pode ajudar a salvar vidas. \u00c9 o que aponta um estudo divulgado em outubro no The New England Journal of Medicine.<\/p>\n<p>O acompanhamento foi feito ao longo de 23 anos, observando os resultados de sa\u00fade de 162 mil homens. A investiga\u00e7\u00e3o mostrou que realizar o exame de PSA periodicamente reduziu em 13% as mortes por <a href=\"https:\/\/www1.folha.uol.com.br\/equilibrioesaude\/2025\/11\/no-sus-54-dos-casos-de-cancer-de-prostata-sao-diagnosticados-em-estagio-avancado.shtml\" rel=\"nofollow noopener\" target=\"\">c\u00e2ncer de pr\u00f3stata<\/a> em rela\u00e7\u00e3o ao grupo que n\u00e3o fez o exame de forma padronizada.<\/p>\n<p>&#8220;Esse estudo \u00e9 muito relevante pelo seu impacto, mas come\u00e7ou em 1993, quando n\u00e3o t\u00ednhamos <a href=\"https:\/\/www1.folha.uol.com.br\/mundo\/2025\/10\/trump-passa-por-ressonancia-magnetica-sem-explicar-motivos-e-diz-que-resultado-foi-perfeito.shtml\" rel=\"nofollow noopener\" target=\"\">resson\u00e2ncia magn\u00e9tica<\/a>, terapia focal e <a href=\"https:\/\/www1.folha.uol.com.br\/equilibrioesaude\/2025\/09\/cirurgia-robotica-tem-menos-trauma-e-recuperacao-mais-rapida-mas-ainda-e-rara-no-sus.shtml\" rel=\"nofollow noopener\" target=\"\">cirurgia rob\u00f3tica<\/a>. Ent\u00e3o, os resultados comparativos hoje em dia provavelmente trariam uma diferen\u00e7a maior&#8221;, observa o urologista Ari\u00ea Carneiro, coordenador da p\u00f3s-gradua\u00e7\u00e3o de <a href=\"https:\/\/www1.folha.uol.com.br\/equilibrioesaude\/2025\/10\/medico-em-sp-realiza-telecirurgia-robotica-para-tratar-cancer-de-prostata-no-rs.shtml\" rel=\"nofollow noopener\" target=\"\">Cirurgia Rob\u00f3tica <\/a>em Urologia do Einstein Hospital Israelita.<\/p>\n<p>Outro ponto \u00e9 que os acompanhamentos peri\u00f3dicos do estudo foram feitos em um intervalo muito maior do que os que s\u00e3o atualmente recomendados pelas principais sociedades m\u00e9dicas mundiais e brasileiras que tratam do <a href=\"https:\/\/www1.folha.uol.com.br\/folha-topicos\/cancer-de-prostata\/\" rel=\"nofollow noopener\" target=\"\">c\u00e2ncer de pr\u00f3stata<\/a>. Por aqui, o rastreio anual deve come\u00e7ar em homens a partir de 50 anos de idade e, em m\u00e9dia, vai at\u00e9 os 75 anos.<\/p>\n<p>H\u00e1 casos que a SBU (Sociedade Brasileira de Urologia) recomenda come\u00e7ar ainda mais cedo: indiv\u00edduos com hist\u00f3rico familiar e de etnia negra devem iniciar com 45 anos e aqueles com muta\u00e7\u00f5es gen\u00e9ticas que favore\u00e7am o aparecimento de tumores s\u00e3o orientados a come\u00e7ar o <a href=\"https:\/\/www1.folha.uol.com.br\/equilibrioesaude\/2023\/11\/entenda-por-que-o-rastreio-de-cancer-de-prostata-nao-e-recomendado-por-agencias-de-saude.shtml\" rel=\"nofollow noopener\" target=\"\">rastreio<\/a> a partir dos 40 anos.<\/p>\n<p>&#8220;O que vimos no estudo \u00e9 que os pa\u00edses adotavam estrat\u00e9gias muito diferentes. Enquanto na <a href=\"https:\/\/www1.folha.uol.com.br\/folha-topicos\/franca\/\" rel=\"nofollow noopener\" target=\"\">Fran\u00e7a<\/a> a triagem era feita a cada dois anos, na <a href=\"https:\/\/www1.folha.uol.com.br\/folha-topicos\/belgica\/\" rel=\"nofollow noopener\" target=\"\">B\u00e9lgica<\/a> era a cada sete anos e a m\u00e9dia foi de um exame a cada quatro anos. Para n\u00f3s, isso \u00e9 praticamente n\u00e3o fazer acompanhamento. Confunde os resultados e nos faz observar o estudo com cautela&#8221;, analisa Carneiro.<\/p>\n<p>Por outro lado, diz o m\u00e9dico, a pesquisa mostra que, mesmo fazendo o rastreamento de maneira esparsa, \u00e9 poss\u00edvel salvar muitas vidas.<\/p>\n<p>Acompanhar \u00e9 preciso<\/p>\n<p>Os pr\u00f3prios autores ponderam que um PSA elevado nem sempre indica tumor maligno, e que falsos positivos podem levar a bi\u00f3psias desnecess\u00e1rias, inc\u00f4modas e caras para os sistemas de sa\u00fade.<\/p>\n<p>O exame de <a href=\"https:\/\/m.folha.uol.com.br\/equilibrioesaude\/2009\/11\/654050-so-13-dos-homens-faz-toque-retal-no-brasil-mostra-pesquisa-datafolha.shtml\" rel=\"nofollow noopener\" target=\"\">toque retal<\/a>, por muito tempo visto como etapa obrigat\u00f3ria na detec\u00e7\u00e3o do <a href=\"https:\/\/www1.folha.uol.com.br\/equilibrioesaude\/2025\/11\/cancer-de-prostata-mata-48-homens-por-dia-no-brasil-apesar-de-alta-chance-de-cura.shtml\" rel=\"nofollow noopener\" target=\"\">c\u00e2ncer de pr\u00f3stata<\/a>, hoje tem sido reservado a casos espec\u00edficos. Esse procedimento pode complementar a an\u00e1lise, especialmente para identificar tumores raros que n\u00e3o elevam o PSA e tendem a ser mais agressivos. O<br \/>&#13;<br \/>\nessencial \u00e9 fazer o acompanhamento m\u00e9dico com frequ\u00eancia.<\/p>\n<p>&#8220;O diagn\u00f3stico precoce e em fase inicial permite abordagem menos invasivas e, em casos selecionados, nenhum tratamento ativo deve ser recomendado&#8221;, diz o urologista.<\/p>\n<p>Segundo ele, o maior problema no Brasil costuma de homens que n\u00e3o fazem acompanhamento. &#8220;Por isso, quatro em cada dez <a href=\"https:\/\/www1.folha.uol.com.br\/equilibrioesaude\/2025\/11\/folha-lanca-2a-versao-de-vita-ferramenta-de-ia-para-tirar-duvidas-sobre-cancer-de-prostata.shtml\" rel=\"nofollow noopener\" target=\"_blank\">c\u00e2nceres de pr\u00f3stata <\/a>aqui s\u00f3 s\u00e3o descobertos em casos metast\u00e1ticos&#8221;, alerta.<\/p>\n<p>A vigil\u00e2ncia desse tipo de tumor, portanto, fica presa entre dois extremos: do ponto de vista da <a href=\"https:\/\/www1.folha.uol.com.br\/folha-topicos\/saude-publica\/\" rel=\"nofollow noopener\" target=\"_blank\">sa\u00fade p\u00fablica<\/a>, rastrear todos os homens anualmente tem um alto custo; por outro lado, deixar de submeter pacientes aos exames pode fazer com que o <a href=\"https:\/\/www1.folha.uol.com.br\/folha-topicos\/cancer\/\" rel=\"nofollow noopener\" target=\"\">c\u00e2ncer<\/a> cres\u00e7a de forma silenciosa at\u00e9 ser um problema que ameace a vida.<\/p>\n<p>Por isso, cada vez mais tecnologias est\u00e3o sendo criadas para melhorar o <a href=\"https:\/\/www1.folha.uol.com.br\/cotidiano\/2023\/09\/juiza-condena-laboratorio-que-negou-exame-para-rastrear-cancer-de-prostata-em-mulher-trans.shtml\" rel=\"nofollow noopener\" target=\"\">rastreio<\/a> e as formas de escolher quem deve de fato ser submetido aos exames.<\/p>\n<p>O futuro do rastreio<\/p>\n<p>Novas t\u00e9cnicas apresentadas em 2025 no encontro anual da Asco (Sociedade Americana de Oncologia Cl\u00ednica), o principal congresso mundial de oncologia, indicam que o diagn\u00f3stico do <a href=\"https:\/\/www1.folha.uol.com.br\/equilibrioesaude\/2025\/10\/incontinencia-urinaria-apos-cancer-de-prostata-afeta-homens-e-carece-de-tratamento-no-sus.shtml\" rel=\"nofollow noopener\" target=\"\">c\u00e2ncer de pr\u00f3stata<\/a> caminha para ser mais seletivo e menos invasivo. O uso de biomarcadores urin\u00e1rios e gen\u00e9ticos para selecionar quem deve fazer o PSA est\u00e1 ganhando espa\u00e7o.<\/p>\n<p>Eles ajudam a identificar quem realmente tem ind\u00edcios de um problema prost\u00e1tico e se beneficiaria mais do rastreamento, al\u00e9m de distinguir tumores agressivos de les\u00f5es indolentes que podem ser manejadas apenas com a vigil\u00e2ncia.<\/p>\n<p>Essa observa\u00e7\u00e3o ativa, inclusive, tamb\u00e9m tem mudan\u00e7as: h\u00e1 novos estudos mostrando como a <a href=\"https:\/\/www1.folha.uol.com.br\/equilibrioesaude\/2025\/07\/homem-morre-apos-ser-puxado-para-dentro-de-maquina-de-ressonancia-magnetica-nos-eua.shtml\" rel=\"nofollow noopener\" target=\"\">resson\u00e2ncia magn\u00e9tica<\/a> combinada ao PSA aumenta a seguran\u00e7a do monitoramento e diminui a frequ\u00eancia de bi\u00f3psias, realizadas pela uretra ou pelo reto, o que gera inc\u00f4modo e dor.<\/p>\n<p>    Cuide-se<\/p>\n<p class=\"c-newsletter__subtitle\">Ci\u00eancia, h\u00e1bitos e preven\u00e7\u00e3o numa newsletter para a sua sa\u00fade e bem-estar<\/p>\n<p>&#8220;O futuro \u00e9 selecionar melhor quem deve ser rastreado e tratado. Estamos caminhando para deixar a detec\u00e7\u00e3o mais simples e barata, al\u00e9m de entender melhor tamb\u00e9m os marcadores gen\u00e9ticos do tumor depois da <a href=\"https:\/\/www1.folha.uol.com.br\/equilibrioesaude\/2024\/03\/biopsia-liquida-o-exame-para-indicar-tratamentos-de-cancer-em-teste-no-sistema-de-saude-britanico.shtml\" rel=\"nofollow noopener\" target=\"\">bi\u00f3psia<\/a>&#8220;, analisa Ari\u00ea Carneiro.<\/p>\n<p>&#8220;Estamos chegando mais perto de acompanhamentos mais efetivos e eficazes no uso dos recursos p\u00fablicos. Tudo isso combinado com a precis\u00e3o dos tratamentos, incluindo a <a href=\"https:\/\/www1.folha.uol.com.br\/equilibrioesaude\/2016\/07\/1796200-cirurgias-robotica-e-tradicional-tem-resultados-iguais-diz-estudo.shtml\" rel=\"nofollow noopener\" target=\"\">cirurgia rob\u00f3tica<\/a>, poder\u00e1 nos levar a ter uma revolu\u00e7\u00e3o na melhora da qualidade de vida e na sobrevida dos pacientes.&#8221;<\/p>\n","protected":false},"excerpt":{"rendered":"O exame de PSA, sigla em ingl\u00eas para ant\u00edgeno prost\u00e1tico espec\u00edfico, \u00e9 o principal marcador para detectar precocemente&hellip;\n","protected":false},"author":2,"featured_media":154838,"comment_status":"","ping_status":"","sticky":false,"template":"","format":"standard","meta":{"footnotes":""},"categories":[86],"tags":[6245,1031,1776,2137,1029,236,116,2622,1208,30387,32,1461,33342,33,117],"class_list":{"0":"post-154837","1":"post","2":"type-post","3":"status-publish","4":"format-standard","5":"has-post-thumbnail","7":"category-saude","8":"tag-agencia-einstein","9":"tag-autocuidado","10":"tag-cancer","11":"tag-cancer-de-prostata","12":"tag-cuide-se","13":"tag-folha","14":"tag-health","15":"tag-homens","16":"tag-medicina","17":"tag-novembro-azul","18":"tag-portugal","19":"tag-prevencao","20":"tag-psa","21":"tag-pt","22":"tag-saude"},"share_on_mastodon":{"url":"https:\/\/pubeurope.com\/@pt\/115564306966503092","error":""},"_links":{"self":[{"href":"https:\/\/www.europesays.com\/pt\/wp-json\/wp\/v2\/posts\/154837","targetHints":{"allow":["GET"]}}],"collection":[{"href":"https:\/\/www.europesays.com\/pt\/wp-json\/wp\/v2\/posts"}],"about":[{"href":"https:\/\/www.europesays.com\/pt\/wp-json\/wp\/v2\/types\/post"}],"author":[{"embeddable":true,"href":"https:\/\/www.europesays.com\/pt\/wp-json\/wp\/v2\/users\/2"}],"replies":[{"embeddable":true,"href":"https:\/\/www.europesays.com\/pt\/wp-json\/wp\/v2\/comments?post=154837"}],"version-history":[{"count":0,"href":"https:\/\/www.europesays.com\/pt\/wp-json\/wp\/v2\/posts\/154837\/revisions"}],"wp:featuredmedia":[{"embeddable":true,"href":"https:\/\/www.europesays.com\/pt\/wp-json\/wp\/v2\/media\/154838"}],"wp:attachment":[{"href":"https:\/\/www.europesays.com\/pt\/wp-json\/wp\/v2\/media?parent=154837"}],"wp:term":[{"taxonomy":"category","embeddable":true,"href":"https:\/\/www.europesays.com\/pt\/wp-json\/wp\/v2\/categories?post=154837"},{"taxonomy":"post_tag","embeddable":true,"href":"https:\/\/www.europesays.com\/pt\/wp-json\/wp\/v2\/tags?post=154837"}],"curies":[{"name":"wp","href":"https:\/\/api.w.org\/{rel}","templated":true}]}}