{"id":154847,"date":"2025-11-17T09:34:14","date_gmt":"2025-11-17T09:34:14","guid":{"rendered":"https:\/\/www.europesays.com\/pt\/154847\/"},"modified":"2025-11-17T09:34:14","modified_gmt":"2025-11-17T09:34:14","slug":"liliana-faz-novas-revelacoes-sobre-ex-relacao-com-ze-ha-coisas-que-desculpei","status":"publish","type":"post","link":"https:\/\/www.europesays.com\/pt\/154847\/","title":{"rendered":"Liliana faz novas revela\u00e7\u00f5es sobre ex-rela\u00e7\u00e3o com Z\u00e9: &#8220;H\u00e1 coisas que desculpei&#8230;&#8221;"},"content":{"rendered":"<p>\t\t\t\t\t\t\t\t\t\t\t\t\t\tLiliana ficou noiva na gala de estreia da \u201cCasa dos Segredos\u201d mas deixou o namorado \u00e0 porta.<\/p>\n<p>Z\u00e9 n\u00e3o entrou em jogo e a namorada n\u00e3o tardou a colocar um ponto final da rela\u00e7\u00e3o de quatro anos.<\/p>\n<p>Esta manh\u00e3, 15 de novembro, Liliana fez novas revela\u00e7\u00f5es sobre a sua ex-rela\u00e7\u00e3o, em conversa com Marisa Susana: <strong>\u201cH\u00e1 coisas que eu desculpei que para mim s\u00e3o imperdo\u00e1veis, mas eu estava dependente emocional, j\u00e1 era um h\u00e1bito, era rotina\u201d<\/strong>.<\/p>\n<p><strong>\u201cPara mim era mais f\u00e1cil eu estar com ele e continuar com uma pessoa que eu conhecesse do que estar outra vez a come\u00e7ar do zero: conhecer a fam\u00edlia, etc. Para mim isso faz-me muita confus\u00e3o\u201d<\/strong> \u2013 confessou ainda.<\/p>\n<p><a href=\"https:\/\/tvi.iol.pt\/secretstory\/videos\/liliana-recorda-ex-noivo-ze-ha-coisas-que-eu-desculpei-que-para-mim-sao-imperdoaveis\/691869850cf2c7eb2444519b\" rel=\"nofollow noopener\" target=\"_blank\">Veja o v\u00eddeo aqui.<\/a><\/p>\n","protected":false},"excerpt":{"rendered":"Liliana ficou noiva na gala de estreia da \u201cCasa dos Segredos\u201d mas deixou o namorado \u00e0 porta. Z\u00e9&hellip;\n","protected":false},"author":2,"featured_media":154848,"comment_status":"","ping_status":"","sticky":false,"template":"","format":"standard","meta":{"footnotes":""},"categories":[142],"tags":[2632,1661,114,115,19016,32,33,16686,151,162,24623],"class_list":{"0":"post-154847","1":"post","2":"type-post","3":"status-publish","4":"format-standard","5":"has-post-thumbnail","7":"category-tv","8":"tag-casa-dos-segredos","9":"tag-destaque","10":"tag-entertainment","11":"tag-entretenimento","12":"tag-liliana","13":"tag-portugal","14":"tag-pt","15":"tag-secret-story-9","16":"tag-tv","17":"tag-tvi","18":"tag-zu00e9"},"share_on_mastodon":{"url":"https:\/\/pubeurope.com\/@pt\/115564358111293471","error":""},"_links":{"self":[{"href":"https:\/\/www.europesays.com\/pt\/wp-json\/wp\/v2\/posts\/154847","targetHints":{"allow":["GET"]}}],"collection":[{"href":"https:\/\/www.europesays.com\/pt\/wp-json\/wp\/v2\/posts"}],"about":[{"href":"https:\/\/www.europesays.com\/pt\/wp-json\/wp\/v2\/types\/post"}],"author":[{"embeddable":true,"href":"https:\/\/www.europesays.com\/pt\/wp-json\/wp\/v2\/users\/2"}],"replies":[{"embeddable":true,"href":"https:\/\/www.europesays.com\/pt\/wp-json\/wp\/v2\/comments?post=154847"}],"version-history":[{"count":0,"href":"https:\/\/www.europesays.com\/pt\/wp-json\/wp\/v2\/posts\/154847\/revisions"}],"wp:featuredmedia":[{"embeddable":true,"href":"https:\/\/www.europesays.com\/pt\/wp-json\/wp\/v2\/media\/154848"}],"wp:attachment":[{"href":"https:\/\/www.europesays.com\/pt\/wp-json\/wp\/v2\/media?parent=154847"}],"wp:term":[{"taxonomy":"category","embeddable":true,"href":"https:\/\/www.europesays.com\/pt\/wp-json\/wp\/v2\/categories?post=154847"},{"taxonomy":"post_tag","embeddable":true,"href":"https:\/\/www.europesays.com\/pt\/wp-json\/wp\/v2\/tags?post=154847"}],"curies":[{"name":"wp","href":"https:\/\/api.w.org\/{rel}","templated":true}]}}