{"id":15485,"date":"2025-08-04T12:20:35","date_gmt":"2025-08-04T12:20:35","guid":{"rendered":"https:\/\/www.europesays.com\/pt\/15485\/"},"modified":"2025-08-04T12:20:35","modified_gmt":"2025-08-04T12:20:35","slug":"vulcao-krasheninnikov-entra-em-erupcao-pela-primeira-vez-em-600-anos-apos-sismo-na-russia","status":"publish","type":"post","link":"https:\/\/www.europesays.com\/pt\/15485\/","title":{"rendered":"Vulc\u00e3o Krasheninnikov entra em erup\u00e7\u00e3o pela primeira vez em 600 anos ap\u00f3s sismo na R\u00fassia"},"content":{"rendered":"<p>\n  De&amp;nbsp<b>Euronews<\/b>\n<\/p>\n<p>\n                    Publicado a                 03\/08\/2025 &#8211; 11:31 GMT+2<br \/>\n                \u2022\u00daltimas not\u00edcias<br \/>\n                                     16:10\n                                        <\/p>\n<p>          <img decoding=\"async\" class=\"c-ad__placeholder__logo\" src=\"https:\/\/static.euronews.com\/website\/images\/logos\/logo-euronews-stacked-outlined-72x72-grey-9.svg\" width=\"72\" height=\"72\" alt=\"\" loading=\"lazy\"\/><br \/>\n          PUBLICIDADE<\/p>\n<p>Ap\u00f3s o <a href=\"https:\/\/pt.euronews.com\/2025\/07\/30\/terramoto-de-magnitude-88-ao-largo-da-costa-lesta-da-russia-alertas-de-tsunami-no-japao-e-\" rel=\"nofollow noopener\" target=\"_blank\">forte terramoto <\/a>em Kamchatka, na passada quarta-feira, o vulc\u00e3o Krasheninnikov entrou em erup\u00e7\u00e3o, pela primeira vez na hist\u00f3ria desde que existem observa\u00e7\u00f5es. O facto foi relatado pela Equipa de Resposta \u00e0 Erup\u00e7\u00e3o Vulc\u00e2nica de Kamchatka do Instituto de Vulcanologia e Sismologia do ramo do Extremo Oriente da Academia Russa de Ci\u00eancias: a \u00faltima erup\u00e7\u00e3o ter\u00e1 ocorrido em 1463.<\/p>\n<p>As emiss\u00f5es de cinzas atingem uma altura de cinco a seis quil\u00f3metros acima do n\u00edvel do mar, sendo que a altitude do vulc\u00e3o \u00e9 de 1856 metros. O fluxo de lava est\u00e1 a derramar-se pela encosta sudoeste do vulc\u00e3o por um comprimento que atinge j\u00e1 os 2,7 quil\u00f3metros, informaram os investigadores.<\/p>\n<p>O vulc\u00e3o pertence \u00e0 Cintura Vulc\u00e2nica Oriental e est\u00e1 localizado a cerca de 13 quil\u00f3metros a sul do Lago Kronotsky, no territ\u00f3rio da Reserva Kronotsky, a 200 km de Petropavlovsk-Kamchatsky.<\/p>\n<p>O Minist\u00e9rio das Emerg\u00eancias russo desaconselha visitas \u00e0s imedia\u00e7\u00f5es do vulc\u00e3o.<\/p>\n<p>&#8220;As imedia\u00e7\u00f5es do vulc\u00e3o s\u00e3o terrenos baldios vulc\u00e2nicos, campos de cinzas e de lava sem vegeta\u00e7\u00e3o densa. De momento, n\u00e3o existe qualquer amea\u00e7a de inc\u00eandio natural. O estado do vulc\u00e3o est\u00e1 a ser monitorizado. N\u00e3o existe qualquer amea\u00e7a para a vida do pessoal da reserva, das infraestruturas e das povoa\u00e7\u00f5es. A precipita\u00e7\u00e3o de cinzas do vulc\u00e3o em erup\u00e7\u00e3o \u00e9 observada em algumas zonas da Reserva de Kronotsky. Por exemplo, na tundra de Kronotsko-Bogachevskaya&#8221;, l\u00ea-se num comunicado oficial publicado no site da reserva. <\/p>\n<p>O vulc\u00e3o Krasheninnikov foi batizado em honra de um dos primeiros exploradores de Kamchatka, Stepan Krasheninnikov.<\/p>\n<p>Atualmente, v\u00e1rio vulc\u00f5es na regi\u00e3o de Kamchatka est\u00e3o em atividade.<\/p>\n<p>Novo sismo este domingo<\/p>\n<p>As autoridades russas alertaram que uma onda de tsunami at\u00e9 19 cent\u00edmetros poderia afetar uma parte da costa russa de Kamchatka ap\u00f3s um forte tremor sentido na manh\u00e3 deste domingo.<\/p>\n<p>&#8220;As alturas previstas das ondas s\u00e3o baixas, mas \u00e9 necess\u00e1rio afastar-se da costa&#8221;, afirmou o Minist\u00e9rio dos Servi\u00e7os de Emerg\u00eancia da R\u00fassia na aplica\u00e7\u00e3o de mensagens Telegram.<\/p>\n<p>O Servi\u00e7o Geol\u00f3gico dos Estados Unidos informou que o terramoto teve uma magnitude de 7,0, na escala de Richter e ocorreu novamente ao largo da regi\u00e3o russa de Kamchatka e das Ilhas Curilas. O alerta de tsunami foi entretanto levantado sem registo de danos.<\/p>\n<p>O Sistema de Alerta de Tsunamis do Pac\u00edfico n\u00e3o emitiu alerta de tsunami para o Havai ap\u00f3s o terramoto.<\/p>\n","protected":false},"excerpt":{"rendered":"De&amp;nbspEuronews Publicado a 03\/08\/2025 &#8211; 11:31 GMT+2 \u2022\u00daltimas not\u00edcias 16:10 PUBLICIDADE Ap\u00f3s o forte terramoto em Kamchatka, na&hellip;\n","protected":false},"author":2,"featured_media":15486,"comment_status":"","ping_status":"","sticky":false,"template":"","format":"standard","meta":{"footnotes":""},"categories":[8],"tags":[27,28,6124,15,16,14,25,26,21,22,12,13,19,20,32,23,24,33,349,17,18,29,30,31,5241],"class_list":{"0":"post-15485","1":"post","2":"type-post","3":"status-publish","4":"format-standard","5":"has-post-thumbnail","7":"category-principais-noticias","8":"tag-breaking-news","9":"tag-breakingnews","10":"tag-erupcao-vulcanica","11":"tag-featured-news","12":"tag-featurednews","13":"tag-headlines","14":"tag-latest-news","15":"tag-latestnews","16":"tag-main-news","17":"tag-mainnews","18":"tag-news","19":"tag-noticias","20":"tag-noticias-principais","21":"tag-noticiasprincipais","22":"tag-portugal","23":"tag-principais-noticias","24":"tag-principaisnoticias","25":"tag-pt","26":"tag-sismo","27":"tag-top-stories","28":"tag-topstories","29":"tag-ultimas","30":"tag-ultimas-noticias","31":"tag-ultimasnoticias","32":"tag-vulcao"},"share_on_mastodon":{"url":"","error":""},"_links":{"self":[{"href":"https:\/\/www.europesays.com\/pt\/wp-json\/wp\/v2\/posts\/15485","targetHints":{"allow":["GET"]}}],"collection":[{"href":"https:\/\/www.europesays.com\/pt\/wp-json\/wp\/v2\/posts"}],"about":[{"href":"https:\/\/www.europesays.com\/pt\/wp-json\/wp\/v2\/types\/post"}],"author":[{"embeddable":true,"href":"https:\/\/www.europesays.com\/pt\/wp-json\/wp\/v2\/users\/2"}],"replies":[{"embeddable":true,"href":"https:\/\/www.europesays.com\/pt\/wp-json\/wp\/v2\/comments?post=15485"}],"version-history":[{"count":0,"href":"https:\/\/www.europesays.com\/pt\/wp-json\/wp\/v2\/posts\/15485\/revisions"}],"wp:featuredmedia":[{"embeddable":true,"href":"https:\/\/www.europesays.com\/pt\/wp-json\/wp\/v2\/media\/15486"}],"wp:attachment":[{"href":"https:\/\/www.europesays.com\/pt\/wp-json\/wp\/v2\/media?parent=15485"}],"wp:term":[{"taxonomy":"category","embeddable":true,"href":"https:\/\/www.europesays.com\/pt\/wp-json\/wp\/v2\/categories?post=15485"},{"taxonomy":"post_tag","embeddable":true,"href":"https:\/\/www.europesays.com\/pt\/wp-json\/wp\/v2\/tags?post=15485"}],"curies":[{"name":"wp","href":"https:\/\/api.w.org\/{rel}","templated":true}]}}