{"id":154857,"date":"2025-11-17T09:47:16","date_gmt":"2025-11-17T09:47:16","guid":{"rendered":"https:\/\/www.europesays.com\/pt\/154857\/"},"modified":"2025-11-17T09:47:16","modified_gmt":"2025-11-17T09:47:16","slug":"carlos-forbs-o-craque-inevitavel-que-nunca-deixou-de-ser-um-bom-menino","status":"publish","type":"post","link":"https:\/\/www.europesays.com\/pt\/154857\/","title":{"rendered":"Carlos Forbs: o craque inevit\u00e1vel que nunca deixou de ser um \u00abbom menino\u00bb"},"content":{"rendered":"<p style=\"margin-bottom:11px\">Quando \u00d3scar Monchique viu, pela primeira vez, um ent\u00e3o ainda menino Carlos Forbs a jogar \u00e0 bola num rinque de Rio de Mouro, junto ao pavilh\u00e3o do N\u00facleo de Sintra, ficou arrebatado. \u00abEra a aptid\u00e3o dele, a velocidade, a rea\u00e7\u00e3o\u00bb, recorda, mas tamb\u00e9m o car\u00e1cter de \u00abbom menino\u00bb que o agora avan\u00e7ado do Club Brugge, <a href=\"https:\/\/maisfutebol.iol.pt\/portugal\/selecao-nacional\/martinez-carlos-forbs-esta-no-melhor-momento-da-carreira\" target=\"_blank\" rel=\"nofollow noopener\">convocado por Roberto Mart\u00ednez<\/a> para os \u00faltimos dois jogos da Sele\u00e7\u00e3o na fase de qualifica\u00e7\u00e3o para o Mundial 2026, ainda preserva. \u00abEra daqueles mi\u00fados que, s\u00f3 de v\u00ea-lo, j\u00e1 sab\u00edamos que ia ser jogador\u00bb, atira o atual presidente do clube sintrense. E n\u00e3o \u00e9 que deu mesmo?<\/p>\n<p>Filho de pais guineenses, Carlos cresceu em Sintra, acompanhado pelos amigos e a bola. O rinque junto ao pavilh\u00e3o Serra das Minas, casa do N\u00facleo de Sintra, serviu de tubo de ensaio para aprimorar um talento ao qual, desde bem cedo, ningu\u00e9m ficava indiferente.<\/p>\n<p>Mas aten\u00e7\u00e3o, aquele tamb\u00e9m n\u00e3o era um rinque qualquer. Afinal, foi ali que, anos antes, Estrela, formado no Benfica e que disputou a Liga pelo Aves em 2019\/2020, e <a href=\"https:\/\/maisfutebol.iol.pt\/entrevista\/exclusivo-mf\/sinto-me-injusticado-mesmo-agora-podia-ter-sido-chamado-a-selecao\" target=\"_blank\" rel=\"nofollow noopener\">Ricardo Vaz T\u00ea<\/a>, que fez carreira na Premier League pelo Bolton e o West Ham, come\u00e7aram a desvendar os segredos do mundo m\u00e1gico da bola. Uma aura de ilus\u00e3o que contagiou Forbs, que j\u00e1 ent\u00e3o \u00abparecia uma m\u00e1quina a jogar \u00e0 bola\u00bb.<\/p>\n<p>Podem ter j\u00e1 passado 14 anos desde que Carlos Forbs e os amigos vestiram pela primeira vez a camisola do N\u00facleo de Sintra, mas a mem\u00f3ria de \u00d3scar Monchique continua recheada de recorda\u00e7\u00f5es desses tempos.<\/p>\n<p>\u00abEle tinha muita entrega nos treinos. Existem aqueles mi\u00fados em que pensamos \u201cele h\u00e1 de aprender, mas vai demorar algum tempo\u201d. Mas com o Forbs n\u00e3o, tal como aconteceu com o Estrela ou o Ricardo Vaz T\u00ea. Notava-se que tinham voca\u00e7\u00e3o para aquilo\u00bb, conta o atual presidente do clube.<\/p>\n<p>Essa voca\u00e7\u00e3o expressou-se, primeiro, no futsal, \u00abmas o Forbs j\u00e1 tinha algumas tend\u00eancias para o futebol\u00bb, admite \u00d3scar Monchique. \u00abA vontade dele era estar sempre a jogar \u00e0 bola. Quando entrava em jogo, dava tudo, parecia uma m\u00e1quina. Nunca tinha vontade de sair. Por vontade dele, jogava o jogo todo e ainda mais um bocado. Era at\u00e9 n\u00e3o conseguir mais\u00bb, conta o dirigente, nost\u00e1lgico.<\/p>\n<p>N\u00e3o tardou a que \u00d3scar Monchique recomendasse Forbs ao Sporting. Sim, foi o presidente do N\u00facleo de Sintra quem ajudou a abrir essa porta, algo que ainda hoje faz em prol dos mi\u00fados do seu bairro.<\/p>\n<p>\u00abTemos uma rela\u00e7\u00e3o boa com o Sporting. Nas \u00faltimas duas \u00e9pocas foram para l\u00e1 pelo menos quatro jogadores nossos. Eles dizem sempre \u201c\u00d3scar, v\u00ea l\u00e1, quando houver a\u00ed mi\u00fados bons fala connosco\u201d\u00bb, conta. E \u00d3scar, no clube desde 1996, n\u00e3o se cansa de o fazer. Mesmo que ali tudo se fa\u00e7a \u00aba custo zero, ningu\u00e9m ganha nada\u00bb. A n\u00e3o ser os jovens que anseiam por uma oportunidade de mostrar o seu talento.<\/p>\n<p> De companheiro de Chico Concei\u00e7\u00e3o no Sporting a craque no City <\/p>\n<p>Forbs passou dois anos em Alcochete, onde jogava com regularidade num escal\u00e3o acima do seu e chegou a ser companheiro de equipa de Francisco Concei\u00e7\u00e3o, que reencontrou no est\u00e1gio da Sele\u00e7\u00e3o. \u00abEles faziam a diferen\u00e7a j\u00e1 na altura, notava-se que tinham a \u201cestrelinha\u201d\u00bb, recorda Nuno Oliveira, hoje no Marialvas, do Campeonato de Portugal, que coincidiu com a dupla no \u00fanico ano em que representou o Sporting.<\/p>\n<p>N\u00e3o se pode dizer que Forbs o tenha feito por muito mais tempo. Ainda crian\u00e7a, mudou-se com a fam\u00edlia para Inglaterra. Se fosse por si, teria preferido ficar junto dos amigos de sempre, como chegou a contar no podcast The Locker Room, mas a vida impunha-se. Tal como o\u00a0seu talento para a bola, que lhe haveria de voltar a abrir as portas de um clube grande, no caso o Manchester City, onde se fez homem e alargou horizontes.<\/p>\n<p>Entre t\u00edtulos e distin\u00e7\u00f5es &#8211; <a href=\"https:\/\/maisfutebol.iol.pt\/manchester-city\/carlos-borges\/man-city-carlos-borges-eleito-o-jogador-do-ano-da-premier-league-2\" target=\"_blank\" rel=\"nofollow noopener\">foi eleito o jogador do ano da Premier League 2 em 2023<\/a> &#8211; Carlos Forbs virou caso s\u00e9rio de talento emergente, que o Ajax, um especialista na mat\u00e9ria, procurou lapidar quando o contratou, h\u00e1 dois anos, por 14 milh\u00f5es de euros.<\/p>\n<p>A experi\u00eancia n\u00e3o teve um desfecho simp\u00e1tico para o portugu\u00eas, <a href=\"https:\/\/maisfutebol.iol.pt\/mercado-de-transferencias\/ajax\/ajax-dispensa-carlos-forbs-e-mais-seis-jogadores-por-whatsapp\" target=\"_blank\" rel=\"nofollow noopener\">dispensado por Whatsapp<\/a> depois de meio ano emprestado ao Wolverhampton, mas a reden\u00e7\u00e3o n\u00e3o demorou.<\/p>\n<p>O imbr\u00f3glio em Amesterd\u00e3o foi visto pelo Club Brugge como uma oportunidade. <a href=\"https:\/\/maisfutebol.iol.pt\/transferencias\/carlos-forbs\/oficial-depois-da-dispensa-por-whatsapp-forbs-assina-pelo-club-brugge\" target=\"_blank\" rel=\"nofollow noopener\">No \u00faltimo ver\u00e3o, o clube belga n\u00e3o hesitou em pagar 8,5 milh\u00f5es de euros<\/a> para resgatar Forbs, <a href=\"https:\/\/maisfutebol.iol.pt\/futebol\/selecao-nacional\/chamada-a-selecao-valida-melhor-momento-da-carreira-de-carlos-forbs\" target=\"_blank\" rel=\"nofollow noopener\">um investimento com retorno j\u00e1 garantido<\/a>, sobretudo depois da noite de sonho vivida pelo avan\u00e7ado portugu\u00eas, <a href=\"https:\/\/maisfutebol.iol.pt\/made-in\/liga-campeoes\/video-carlos-forbs-com-noite-de-sonho-no-empate-entre-brugge-e-barcelona\" target=\"_blank\" rel=\"nofollow noopener\">na Liga dos Campe\u00f5es, frente ao Barcelona<\/a>.<\/p>\n<p> Liga\u00e7\u00e3o ao N\u00facleo de Sintra continua forte <\/p>\n<p>\u00abAcho que as experi\u00eancias que tive no futebol me deram maturidade. Consegui adaptar-me em cada pa\u00eds e isso ajuda\u00bb, reconheceu o internacional jovem por Portugal, ao Canal 11, ap\u00f3s ter sido convocado pela primeira vez para a Sele\u00e7\u00e3o principal.<\/p>\n<p>Nessa ocasi\u00e3o, <a href=\"https:\/\/maisfutebol.iol.pt\/portugal\/selecao-nacional\/forbs-mora-ligou-me-a-dizer-que-tinha-sido-chamado-a-selecao-a\" target=\"_blank\" rel=\"nofollow noopener\">contou que soube da not\u00edcia por um telefonema de Rodrigo Mora<\/a>. O seu telem\u00f3vel n\u00e3o ter\u00e1 tido muito descanso nesse dia e uma das pessoas que se apressou a ligar-lhe foi \u00d3scar Monchique, presidente do N\u00facleo de Sintra.<\/p>\n<p>\u00abDei-lhe os parab\u00e9ns e ele agradeceu-me\u00bb, conta o dirigente. A rela\u00e7\u00e3o entre ambos ficou para sempre, bem como o carinho de Forbs pelo primeiro clube que representou. \u00abQuando ele vem a Portugal, tenta arranjar sempre uma maneira de aparecer no clube. Ele gosta de falar com os mi\u00fados, de estar e tirar fotografias com eles\u00bb, refere \u00d3scar Monchique.<\/p>\n<p><img loading=\"lazy\" decoding=\"async\" alt=\"\" height=\"563\" src=\"https:\/\/www.europesays.com\/pt\/wp-content\/uploads\/2025\/11\/1763372836_497_1000.webp\" width=\"1000\"\/><\/p>\n<p>Carlos Forbs chegou mesmo a oferecer equipamentos ao N\u00facleo de Sintra. \u00abFez quest\u00e3o, \u00e9 um bom menino. O equipamento de sa\u00edda dos nossos jogadores tem, nas cal\u00e7as de fato de treino, a assinatura dele\u00bb, pormenoriza o dirigente.<\/p>\n<p>O pr\u00f3ximo domingo pode tornar-se num dia hist\u00f3rico para Forbs, que acalenta esperan\u00e7as em poder estrear-se pela Sele\u00e7\u00e3o principal portuguesa <a href=\"https:\/\/maisfutebol.iol.pt\/jogo\/portugal\/armenia\/13820845\" target=\"_blank\" rel=\"nofollow noopener\">no jogo com a Arm\u00e9nia<\/a>, que pode garantir o apuramento de Portugal para a fase final do pr\u00f3ximo Mundial.<\/p>\n<p>\u00abGostava de ir ao Drag\u00e3o, seria uma boa experi\u00eancia, mas n\u00e3o se consegue proporcionar\u00bb, desabafa \u00d3scar Monchique, que vai puxar, \u00e0 dist\u00e2ncia, para que a Sele\u00e7\u00e3o viva um dia para mais tarde recordar. E tamb\u00e9m Carlos Forbs, claro.<\/p>\n","protected":false},"excerpt":{"rendered":"Quando \u00d3scar Monchique viu, pela primeira vez, um ent\u00e3o ainda menino Carlos Forbs a jogar \u00e0 bola num&hellip;\n","protected":false},"author":2,"featured_media":154858,"comment_status":"","ping_status":"","sticky":false,"template":"","format":"standard","meta":{"footnotes":""},"categories":[8],"tags":[1069,8240,27,28,11705,11704,15,16,524,14,25,26,21,22,1356,46,1382,12,13,19,20,33346,33345,33347,19466,32,23,24,33,47,679,12996,4338,34,17,18,29,30,31,4157],"class_list":{"0":"post-154857","1":"post","2":"type-post","3":"status-publish","4":"format-standard","5":"has-post-thumbnail","7":"category-principais-noticias","8":"tag-ajax","9":"tag-armenia","10":"tag-breaking-news","11":"tag-breakingnews","12":"tag-carlos-forbs","13":"tag-club-brugge","14":"tag-featured-news","15":"tag-featurednews","16":"tag-futebol","17":"tag-headlines","18":"tag-latest-news","19":"tag-latestnews","20":"tag-main-news","21":"tag-mainnews","22":"tag-mais-futebol","23":"tag-maisfutebol","24":"tag-manchester-city","25":"tag-news","26":"tag-noticias","27":"tag-noticias-principais","28":"tag-noticiasprincipais","29":"tag-nucleo-de-sintra","30":"tag-nuno-oliveira","31":"tag-oscar-monchique","32":"tag-perfil","33":"tag-portugal","34":"tag-principais-noticias","35":"tag-principaisnoticias","36":"tag-pt","37":"tag-pura-paixao","38":"tag-reportagem","39":"tag-roberto-martinez","40":"tag-selecao","41":"tag-sporting","42":"tag-top-stories","43":"tag-topstories","44":"tag-ultimas","45":"tag-ultimas-noticias","46":"tag-ultimasnoticias","47":"tag-wolverhampton"},"share_on_mastodon":{"url":"","error":"Validation failed: Text character limit of 500 exceeded"},"_links":{"self":[{"href":"https:\/\/www.europesays.com\/pt\/wp-json\/wp\/v2\/posts\/154857","targetHints":{"allow":["GET"]}}],"collection":[{"href":"https:\/\/www.europesays.com\/pt\/wp-json\/wp\/v2\/posts"}],"about":[{"href":"https:\/\/www.europesays.com\/pt\/wp-json\/wp\/v2\/types\/post"}],"author":[{"embeddable":true,"href":"https:\/\/www.europesays.com\/pt\/wp-json\/wp\/v2\/users\/2"}],"replies":[{"embeddable":true,"href":"https:\/\/www.europesays.com\/pt\/wp-json\/wp\/v2\/comments?post=154857"}],"version-history":[{"count":0,"href":"https:\/\/www.europesays.com\/pt\/wp-json\/wp\/v2\/posts\/154857\/revisions"}],"wp:featuredmedia":[{"embeddable":true,"href":"https:\/\/www.europesays.com\/pt\/wp-json\/wp\/v2\/media\/154858"}],"wp:attachment":[{"href":"https:\/\/www.europesays.com\/pt\/wp-json\/wp\/v2\/media?parent=154857"}],"wp:term":[{"taxonomy":"category","embeddable":true,"href":"https:\/\/www.europesays.com\/pt\/wp-json\/wp\/v2\/categories?post=154857"},{"taxonomy":"post_tag","embeddable":true,"href":"https:\/\/www.europesays.com\/pt\/wp-json\/wp\/v2\/tags?post=154857"}],"curies":[{"name":"wp","href":"https:\/\/api.w.org\/{rel}","templated":true}]}}