{"id":154861,"date":"2025-11-17T09:51:11","date_gmt":"2025-11-17T09:51:11","guid":{"rendered":"https:\/\/www.europesays.com\/pt\/154861\/"},"modified":"2025-11-17T09:51:11","modified_gmt":"2025-11-17T09:51:11","slug":"secret-story-a-expulsao-e-a-emotiva-carta-da-familia-de-liliana-2","status":"publish","type":"post","link":"https:\/\/www.europesays.com\/pt\/154861\/","title":{"rendered":"Secret Story. A expuls\u00e3o e a emotiva carta da fam\u00edlia de Liliana"},"content":{"rendered":"<p>A gala do Secret Story do \u00faltimo domingo, dia 16 de novembro, marcou a sa\u00edda de Ana Cristina. Assim que chegou ao est\u00fadio, a concorrente quis logo cumprimentar a amiga Raquel, que tamb\u00e9m esteve dentro da casa mais vigiada do pa\u00eds e foi expulsa na semana passada. Depois correu para cumprimentar a fam\u00edlia. <\/p>\n<p>J\u00e1 a conversar com Cristina Ferreira, Ana Cristina confessou que &#8220;n\u00e3o queria sair&#8221; e preferia que tivesse que sa\u00eddo Pedro. <\/p>\n<p>&#8220;Mas eu gosto dele, l\u00e1 no fundo. Consigo ver no fundo dos olhos deles que \u00e9 um bom menino e preocupava-se muito sempre que eram coisas para o grupo, fazer o pequeno-almo\u00e7o [por exemplo]. Ele tinha sempre um cuidado gigante para cuidar bem de n\u00f3s&#8221;, comentou. <\/p>\n<p>&#8220;Fazer que no fundo ele \u00e9 um homem casado&#8221;, fez quest\u00e3o de dizer de seguida Cristina Ferreira a Ana, deixando a agora ex-concorrente de boca aberta. &#8220;E \u00e9 casada com algu\u00e9m da casa&#8221;, acrescentou a apresentadora. <\/p>\n<p>&#8220;N\u00e3o \u00e9 com a Marisa?&#8221;, questionou de seguida Ana, tendo ficado completamente de boca aberta ao saber do segredo que o casal da casa guarda. <\/p>\n<p>&#8220;E pai dos filhos dela&#8221;, continuou Cristina Ferreira, deixando Ana Cristina perplexa. Este foi um dos momentos mais marcantes da noite, como tem vindo a acontecer em todas as sa\u00eddas do Secret Story. Os concorrentes que saem da casa ficam sempre muito espantados com o segredo que Pedro e Marisa guardam. <\/p>\n<p>Liliana l\u00ea uma emotiva carta da fam\u00edlia <\/p>\n<p>Um dos momentos mais marcantes da noite foi tamb\u00e9m quando a concorrente Liliana teve acesso a uma carta da fam\u00edlia, que a deixou em l\u00e1grimas. <\/p>\n<p>Esta carta da fam\u00edlia foi escrita h\u00e1 tr\u00eas semanas, mas n\u00e3o foi aberta por decis\u00e3o dos concorrentes da casa. Agora, Liliana teve uma \u00faltima oportunidade para ficar a saber da mensagem dos seus. S\u00f3 que para isso, F\u00e1bio tinha de aceitar ficar automaticamente nomeado, e foi o que o concorrente aceitou. <\/p>\n<p>&#8220;Querida Liana, sabemos que esta mensagem podia e, talvez, devia ter chegado mais cedo. Mas a verdade \u00e9 que precis\u00e1mos de algum tempo para digerir tudo o que tem acontecido desde a tua entrada na casa. O sil\u00eancio da nossa parte n\u00e3o foi desinteresse, nem frieza, foi um sil\u00eancio de reflex\u00e3o, de pretens\u00e3o e, acima de tudo, de respeito pelo teu caminho.<\/p>\n<p>Nunca deixamos de te acompanhar, de te ouvir e de te sentir. Mas \u00e0s vezes o amor tamb\u00e9m precisa de espa\u00e7o e n\u00f3s quisemos dar-te espa\u00e7o para seres quem \u00e9s mesmo que por vezes n\u00e3o compreendamos tudo o que te leva a agir como ages. <\/p>\n<p>O amor de uma fam\u00edlia n\u00e3o desaparece com os erros, d\u00favidas ou julgamentos alheios. Somos humanos imperfeitos como tu e que queremos que saibas que estamos aqui e sempre estivemos. <\/p>\n<p>Continuamos a torcer por ti n\u00e3o apenas no jogo, mas na vida. Porque quando sa\u00edres da casa, seja qual for o desfecho, o mais importante ser\u00e1 reconstruirmos o que for preciso com verdade, maturidade e com amor. <\/p>\n<p>Recebe um abra\u00e7o cheio de saudades com tudo o que n\u00e3o conseguimos dizer antes&#8221;, pode ler-se na carta onde a fam\u00edlia refor\u00e7a que est\u00e3o sempre com a concorrente. <\/p>\n<p>Leia Tamb\u00e9m: <a href=\"https:\/\/www.noticiasaominuto.com\/fama\/2888140\/ha-mais-um-segredo-desvendado-dentro-da-casa-do-secret-story\" target=\"_blank\" rel=\"noreferrer noopener nofollow\">H\u00e1 mais um segredo desvendado dentro da casa do Secret Story<\/a><\/p>\n","protected":false},"excerpt":{"rendered":"A gala do Secret Story do \u00faltimo domingo, dia 16 de novembro, marcou a sa\u00edda de Ana Cristina.&hellip;\n","protected":false},"author":2,"featured_media":108850,"comment_status":"","ping_status":"","sticky":false,"template":"","format":"standard","meta":{"footnotes":""},"categories":[142],"tags":[114,115,32,33,151],"class_list":{"0":"post-154861","1":"post","2":"type-post","3":"status-publish","4":"format-standard","5":"has-post-thumbnail","7":"category-tv","8":"tag-entertainment","9":"tag-entretenimento","10":"tag-portugal","11":"tag-pt","12":"tag-tv"},"share_on_mastodon":{"url":"https:\/\/pubeurope.com\/@pt\/115564424933200292","error":""},"_links":{"self":[{"href":"https:\/\/www.europesays.com\/pt\/wp-json\/wp\/v2\/posts\/154861","targetHints":{"allow":["GET"]}}],"collection":[{"href":"https:\/\/www.europesays.com\/pt\/wp-json\/wp\/v2\/posts"}],"about":[{"href":"https:\/\/www.europesays.com\/pt\/wp-json\/wp\/v2\/types\/post"}],"author":[{"embeddable":true,"href":"https:\/\/www.europesays.com\/pt\/wp-json\/wp\/v2\/users\/2"}],"replies":[{"embeddable":true,"href":"https:\/\/www.europesays.com\/pt\/wp-json\/wp\/v2\/comments?post=154861"}],"version-history":[{"count":0,"href":"https:\/\/www.europesays.com\/pt\/wp-json\/wp\/v2\/posts\/154861\/revisions"}],"wp:featuredmedia":[{"embeddable":true,"href":"https:\/\/www.europesays.com\/pt\/wp-json\/wp\/v2\/media\/108850"}],"wp:attachment":[{"href":"https:\/\/www.europesays.com\/pt\/wp-json\/wp\/v2\/media?parent=154861"}],"wp:term":[{"taxonomy":"category","embeddable":true,"href":"https:\/\/www.europesays.com\/pt\/wp-json\/wp\/v2\/categories?post=154861"},{"taxonomy":"post_tag","embeddable":true,"href":"https:\/\/www.europesays.com\/pt\/wp-json\/wp\/v2\/tags?post=154861"}],"curies":[{"name":"wp","href":"https:\/\/api.w.org\/{rel}","templated":true}]}}