{"id":154872,"date":"2025-11-17T10:09:08","date_gmt":"2025-11-17T10:09:08","guid":{"rendered":"https:\/\/www.europesays.com\/pt\/154872\/"},"modified":"2025-11-17T10:09:08","modified_gmt":"2025-11-17T10:09:08","slug":"benfica-aceita-receber-rafa-silva-mediante-uma-condicao-financeira","status":"publish","type":"post","link":"https:\/\/www.europesays.com\/pt\/154872\/","title":{"rendered":"Benfica aceita receber Rafa Silva mediante uma condi\u00e7\u00e3o financeira"},"content":{"rendered":"<p>&#8211; Advertisement &#8211;<\/p>\n<p><strong>O Benfica est\u00e1 interessado na contrata\u00e7\u00e3o na Rafa Silva. No entanto, as \u00e1guias n\u00e3o pretendem gastar dinheiro na transfer\u00eancia do avan\u00e7ado portugu\u00eas do Besiktas.<\/strong><\/p>\n<p>O Benfica n\u00e3o quer ter encargos financeiros com a transfer\u00eancia de Rafa Silva. Segundo o jornal A Bola, o <a href=\"https:\/\/bolanarede.pt\/especial-bola-na-rede\/atualidade\/rafa-silva-pode-voltar-ao-benfica-eis-os-numeros-do-avancado-ao-servico-dos-encarnados\/\" target=\"_blank\" rel=\"noreferrer noopener nofollow\">cen\u00e1rio ideal para as \u00e1guias<\/a>, nesta altura, passa por tentar receber o avan\u00e7ado internacional portugu\u00eas a custo zero, ap\u00f3s o jogador rescindir com o Besiktas.<\/p>\n<p>O clube turco e Rafa Silva est\u00e3o incompatibilizados nesta altura e o cen\u00e1rio de sa\u00edda est\u00e1 em cima da mesa, ainda para mais depois do <a href=\"https:\/\/bolanarede.pt\/especial-bola-na-rede\/atualidade\/rafa-silva-responde-ao-besiktas-em-comunicado-com-21-pontos-inverdades-que-tem-sido-ditas-pelos-responsaveis-do-besiktas\/\" target=\"_blank\" rel=\"noreferrer noopener nofollow\">comunicado do jogador<\/a> a confirmar que pretende deixar o emblema de Istambul e por <a href=\"https:\/\/bolanarede.pt\/especial-bola-na-rede\/atualidade\/rafa-silva-falha-treino-matinal-no-besiktas-e-conflito-entre-partes-agrava-se\/\" target=\"_blank\" rel=\"noreferrer noopener nofollow\">ter faltado aos \u00faltimos dois treinos da equipa<\/a>.<\/p>\n<p>Face a este cen\u00e1rio, o Benfica v\u00ea com bons olhos a contrata\u00e7\u00e3o do jogador, sendo que Jos\u00e9 Mourinho e M\u00e1rio Branco j\u00e1 deram aval para a contrata\u00e7\u00e3o do jogador, que ajudaria a equipa a suprir uma vaga nos corredores do ataque. Outra forma dos encarnados conseguirem convencer o Besiktas passa por baixarem o valor da transfer\u00eancia de Orkun Kok\u00e7u e perdoarem uma parte do valor do neg\u00f3cio. O m\u00e9dio turco foi emprestado com uma<a href=\"https:\/\/bolanarede.pt\/especial-bola-na-rede\/atualidade\/benfica-pode-avancar-por-rafa-silva-atraves-de-orkun-kokcu\/\" target=\"_blank\" rel=\"noreferrer noopener nofollow\"> cl\u00e1usula de compra obrigat\u00f3ria de 25 milh\u00f5es de euros.<\/a><\/p>\n<p>Para j\u00e1, o interesse do Benfica em Rafa Silva \u00e9 real, mas as \u00e1guias est\u00e3o expectantes para ver como todo o processo se desenrola, at\u00e9 porque n\u00e3o pretendem exercer press\u00e3o no Besiktas para a sa\u00edda do jogador.<\/p>\n","protected":false},"excerpt":{"rendered":"&#8211; Advertisement &#8211; O Benfica est\u00e1 interessado na contrata\u00e7\u00e3o na Rafa Silva. No entanto, as \u00e1guias n\u00e3o pretendem&hellip;\n","protected":false},"author":2,"featured_media":154873,"comment_status":"","ping_status":"","sticky":false,"template":"","format":"standard","meta":{"footnotes":""},"categories":[87],"tags":[260,51,437,135,478,1401,32,479,33,134],"class_list":{"0":"post-154872","1":"post","2":"type-post","3":"status-publish","4":"format-standard","5":"has-post-thumbnail","7":"category-desporto","8":"tag-atualidade","9":"tag-benfica","10":"tag-besiktas","11":"tag-desporto","12":"tag-destaques-bnr","13":"tag-liga-turca","14":"tag-portugal","15":"tag-primeira-liga","16":"tag-pt","17":"tag-sports"},"share_on_mastodon":{"url":"https:\/\/pubeurope.com\/@pt\/115564495849266527","error":""},"_links":{"self":[{"href":"https:\/\/www.europesays.com\/pt\/wp-json\/wp\/v2\/posts\/154872","targetHints":{"allow":["GET"]}}],"collection":[{"href":"https:\/\/www.europesays.com\/pt\/wp-json\/wp\/v2\/posts"}],"about":[{"href":"https:\/\/www.europesays.com\/pt\/wp-json\/wp\/v2\/types\/post"}],"author":[{"embeddable":true,"href":"https:\/\/www.europesays.com\/pt\/wp-json\/wp\/v2\/users\/2"}],"replies":[{"embeddable":true,"href":"https:\/\/www.europesays.com\/pt\/wp-json\/wp\/v2\/comments?post=154872"}],"version-history":[{"count":0,"href":"https:\/\/www.europesays.com\/pt\/wp-json\/wp\/v2\/posts\/154872\/revisions"}],"wp:featuredmedia":[{"embeddable":true,"href":"https:\/\/www.europesays.com\/pt\/wp-json\/wp\/v2\/media\/154873"}],"wp:attachment":[{"href":"https:\/\/www.europesays.com\/pt\/wp-json\/wp\/v2\/media?parent=154872"}],"wp:term":[{"taxonomy":"category","embeddable":true,"href":"https:\/\/www.europesays.com\/pt\/wp-json\/wp\/v2\/categories?post=154872"},{"taxonomy":"post_tag","embeddable":true,"href":"https:\/\/www.europesays.com\/pt\/wp-json\/wp\/v2\/tags?post=154872"}],"curies":[{"name":"wp","href":"https:\/\/api.w.org\/{rel}","templated":true}]}}