{"id":154879,"date":"2025-11-17T10:14:08","date_gmt":"2025-11-17T10:14:08","guid":{"rendered":"https:\/\/www.europesays.com\/pt\/154879\/"},"modified":"2025-11-17T10:14:08","modified_gmt":"2025-11-17T10:14:08","slug":"donald-tusk-fala-em-acto-de-sabotagem-apos-explosao-em-linha-ferroviaria-donald-tusk","status":"publish","type":"post","link":"https:\/\/www.europesays.com\/pt\/154879\/","title":{"rendered":"Donald Tusk fala em \u201cacto de sabotagem\u201d ap\u00f3s explos\u00e3o em linha ferrovi\u00e1ria | Donald Tusk"},"content":{"rendered":"<p>A explos\u00e3o que destruiu uma via f\u00e9rrea na liga\u00e7\u00e3o Vars\u00f3via\u2013Lublin constitui \u201cum acto de sabotagem sem precedentes, dirigido \u00e0 seguran\u00e7a do Estado polaco e dos seus cidad\u00e3os\u201d, afirmou esta segunda-feira o primeiro-ministro da Pol\u00f3nia, Donald Tusk.<\/p>\n<p>Tusk j\u00e1 tinha dito, no domingo, que a explos\u00e3o resultara de um ato de sabotagem. O incidente, segundo escreve o<a href=\"https:\/\/www.theguardian.com\/world\/live\/2025\/nov\/17\/ukraine-russia-france-poland-zelenskyy-macron-eu-europe-news-latest-updates\" target=\"_blank\" rel=\"nofollow noopener\"> The Guardian<\/a>, foi comunicado na manh\u00e3 de domingo, depois de um maquinista de um comboio regional de passageiros ter detectado a falta de uma sec\u00e7\u00e3o da linha f\u00e9rrea, o que desencadeou uma investiga\u00e7\u00e3o \u00e0s causas dos danos.<\/p>\n<p>O primeiro-ministro polaco recorreu ao <a href=\"https:\/\/x.com\/donaldtusk\/status\/1990351051992768568\" target=\"_blank\" rel=\"nofollow\">X <\/a>para avan\u00e7ar que h\u00e1 uma investiga\u00e7\u00e3o em curso e que &#8220;como casos anteriores deste g\u00e9nero, vamos apanhar os autores, independentemente de quem sejam os seus apoiantes&#8221;, sublinhando que a linha Vars\u00f3via-Lublin \u00e9 &#8220;de import\u00e2ncia crucial para entregar ajuda \u00e0 Ucr\u00e2nia&#8221;.<\/p>\n<p>        &#13;<\/p>\n<blockquote class=\"twitter-tweet\" data-media-max-width=\"560\">\n<p lang=\"en\" dir=\"ltr\">Blowing up the rail track on the Warsaw-Lublin route is an unprecedented act of sabotage targeting directly the security of the Polish state and its civilians. This route is also crucially important for delivering aid to Ukraine. We will catch the perpetrators, whoever they are.<\/p>\n<p>\u2014 Donald Tusk (@donaldtusk) <a href=\"https:\/\/twitter.com\/donaldtusk\/status\/1990351051992768568?ref_src=twsrc%5Etfw\" rel=\"nofollow noopener\" target=\"_blank\">November 17, 2025<\/a><\/p><\/blockquote>\n<p> &#13;<\/p>\n<p>O caso aumenta as preocupa\u00e7\u00f5es na Pol\u00f3nia, que continua em alerta m\u00e1ximo perante <a href=\"https:\/\/www.publico.pt\/2025\/10\/04\/mundo\/noticia\/guerra-encoberta-russia-europa-2149334\" rel=\"nofollow noopener\" target=\"_blank\">amea\u00e7as h\u00edbridas<\/a> persistentes da R\u00fassia e da Bielorr\u00fassia, depois de mais de 20 drones terem entrado no espa\u00e7o a\u00e9reo polaco em Setembro, levando a uma resposta da NATO. Em Outubro, a Pol\u00f3nia j\u00e1 tinha confirmado que, em conjunto com a Rom\u00e9nia, tinham detido oito pessoas suspeitas de sabotagem por ordem russa.<\/p>\n<p>            <script async src=\"https:\/\/platform.twitter.com\/widgets.js\" charset=\"utf-8\"><\/script><\/p>\n","protected":false},"excerpt":{"rendered":"A explos\u00e3o que destruiu uma via f\u00e9rrea na liga\u00e7\u00e3o Vars\u00f3via\u2013Lublin constitui \u201cum acto de sabotagem sem precedentes, dirigido&hellip;\n","protected":false},"author":2,"featured_media":154880,"comment_status":"","ping_status":"","sticky":false,"template":"","format":"standard","meta":{"footnotes":""},"categories":[50],"tags":[2870,27,28,7517,353,15,16,14,25,26,21,22,62,12,13,19,20,23,24,839,26336,17,18,29,30,31,63,64,65],"class_list":{"0":"post-154879","1":"post","2":"type-post","3":"status-publish","4":"format-standard","5":"has-post-thumbnail","7":"category-mundo","8":"tag-bielorrussia","9":"tag-breaking-news","10":"tag-breakingnews","11":"tag-donald-tusk","12":"tag-em-destaque","13":"tag-featured-news","14":"tag-featurednews","15":"tag-headlines","16":"tag-latest-news","17":"tag-latestnews","18":"tag-main-news","19":"tag-mainnews","20":"tag-mundo","21":"tag-news","22":"tag-noticias","23":"tag-noticias-principais","24":"tag-noticiasprincipais","25":"tag-principais-noticias","26":"tag-principaisnoticias","27":"tag-russia","28":"tag-the-guardian","29":"tag-top-stories","30":"tag-topstories","31":"tag-ultimas","32":"tag-ultimas-noticias","33":"tag-ultimasnoticias","34":"tag-world","35":"tag-world-news","36":"tag-worldnews"},"share_on_mastodon":{"url":"https:\/\/pubeurope.com\/@pt\/115564515505554353","error":""},"_links":{"self":[{"href":"https:\/\/www.europesays.com\/pt\/wp-json\/wp\/v2\/posts\/154879","targetHints":{"allow":["GET"]}}],"collection":[{"href":"https:\/\/www.europesays.com\/pt\/wp-json\/wp\/v2\/posts"}],"about":[{"href":"https:\/\/www.europesays.com\/pt\/wp-json\/wp\/v2\/types\/post"}],"author":[{"embeddable":true,"href":"https:\/\/www.europesays.com\/pt\/wp-json\/wp\/v2\/users\/2"}],"replies":[{"embeddable":true,"href":"https:\/\/www.europesays.com\/pt\/wp-json\/wp\/v2\/comments?post=154879"}],"version-history":[{"count":0,"href":"https:\/\/www.europesays.com\/pt\/wp-json\/wp\/v2\/posts\/154879\/revisions"}],"wp:featuredmedia":[{"embeddable":true,"href":"https:\/\/www.europesays.com\/pt\/wp-json\/wp\/v2\/media\/154880"}],"wp:attachment":[{"href":"https:\/\/www.europesays.com\/pt\/wp-json\/wp\/v2\/media?parent=154879"}],"wp:term":[{"taxonomy":"category","embeddable":true,"href":"https:\/\/www.europesays.com\/pt\/wp-json\/wp\/v2\/categories?post=154879"},{"taxonomy":"post_tag","embeddable":true,"href":"https:\/\/www.europesays.com\/pt\/wp-json\/wp\/v2\/tags?post=154879"}],"curies":[{"name":"wp","href":"https:\/\/api.w.org\/{rel}","templated":true}]}}