{"id":154906,"date":"2025-11-17T10:44:20","date_gmt":"2025-11-17T10:44:20","guid":{"rendered":"https:\/\/www.europesays.com\/pt\/154906\/"},"modified":"2025-11-17T10:44:20","modified_gmt":"2025-11-17T10:44:20","slug":"lei-laboral-reformas-antecipadas-poderao-ser-acumuladas-com-salario-rtp","status":"publish","type":"post","link":"https:\/\/www.europesays.com\/pt\/154906\/","title":{"rendered":"Lei laboral. Reformas antecipadas poder\u00e3o ser acumuladas com sal\u00e1rio &#8211; RTP"},"content":{"rendered":"<ol>\n<li><a href=\"https:\/\/news.google.com\/rss\/articles\/CBMiswFBVV95cUxQMnp0WHNEQkVSeTY0c2hWVGZ6bExGY3ZOUmxrWFFpOGp4S0xtb2NBejI2enVKb0RFek0zSXVSZE1jSVQyNU5ZSmM5bV9Ma0tMZFJnOXVMNUpWS25DVnRuZElqeTBEREdFSVlpbGp0NU5pMHJSUURhYXkwV2I2V3lLWHBHSWhGdk5vZWdKeVVVeFZPa2hsdlA0NTZLNVNDT1dGNGQyYUFFUlVHMHJ6UFozRW8taw?oc=5\" target=\"_blank\" rel=\"nofollow noopener\">Lei laboral. Reformas antecipadas poder\u00e3o ser acumuladas com sal\u00e1rio<\/a>&nbsp;&nbsp;RTP<\/li>\n<li><a href=\"https:\/\/news.google.com\/rss\/articles\/CBMi6gFBVV95cUxOLWx5UGhSQjR0OE5zM0xNb0pjWmRQREVSNXhrTHY1bTM0d25IQlNNd1UtX3l4NDdzUVNQZUdaYUxaNk5JSzRLcTJGanpQbFpNVkdVQUU5VEFJNmtYZE9CRXFGX2dwUl9VMkVwUEhyUU1IWVJvMHNwdG40a1QyUkM2d3k4UnFfV05MOGlEZ3p0UFNSaG5zSHdsSWtNT2ZFSTI3TDNya0MtOU5lZG5EbEZqczhXT1ZZeXlxNjgxU0g0bW1xWDcxRGhaUTBTTHg5eDV1OV9SUUx5UlktaVJFUG9ydldxQ0VSNkpSNVE?oc=5\" target=\"_blank\" rel=\"nofollow noopener\">Governo quer acabar com regra que pro\u00edbe acumula\u00e7\u00e3o de reforma antecipada com sal\u00e1rio<\/a>&nbsp;&nbsp;Jornal de Neg\u00f3cios<\/li>\n<li><a href=\"https:\/\/news.google.com\/rss\/articles\/CBMi7gFBVV95cUxQbXB1eVdoQjFVOVQwc1pFZjB5d3hDV21YTm41cy1VeGo4SnhnYmpUUWNsSVh4U0d5em03VjF3YWJwOVZ0VF9TNld1RmgzUFNZcTNtOGdFcWpLNHFuVDk1ZDZUWm1tR0FURGRRRFNwdTgxX25GT1FpMlRRV2trNkZOdVNMTWJqNDlIRjRwUm9HOVhKOEk3Sl9MY1JqV09mYmY4LW1NZEdwRFU3bjcwSE9ZeXgtY2ZidENXbE5jb25GN2lja2tjWGNPdENXa1dLREN2bWZKOWRYM2lZSWRuWkppU3JKZnU1UE5jQ3FCMkRR?oc=5\" target=\"_blank\" rel=\"nofollow noopener\">Revista de imprensa: Governo elimina regra que pro\u00edbe acumular reforma antecipada com sal\u00e1rio<\/a>&nbsp;&nbsp;Di\u00e1rio de Not\u00edcias<\/li>\n<li><a href=\"https:\/\/news.google.com\/rss\/articles\/CBMitwFBVV95cUxOM3VIUGwwclhDWlg1el9neWFXb3FqTXlmMXh4d0xBVVBnRzEybmhCbW5STWNQQ0tKdVNDbEI1dEMyWk9kVGhwZ1l6QUtFb0NjWjNoUG5rcURYMUFmaWdoamZIVnB2YlpJekx4MU1lTVNldGc5MnBqMVZXQ2JacE5SUFg3WDNoVVI1b2VHYlhRY0g2RHNDUUQ2SmxFcjlMM0F2eEtVeEoyaHY3WTlyY0ZSWFV3UU1CVFk?oc=5\" target=\"_blank\" rel=\"nofollow noopener\">Hoje \u00e9 not\u00edcia: Ministros somam fortuna; Professores reformados diminuem<\/a>&nbsp;&nbsp;Not\u00edcias ao Minuto<\/li>\n<li><a href=\"https:\/\/news.google.com\/rss\/articles\/CBMiowFBVV95cUxNUThTUVUtcHRPekFTaThWTU1KQ1hGVGNkVFdUT3VjX3ZQSzhhQWVFVU1YSnd5WEJ3aGVtT0pZeFNITnZURE0zajZxM2h4SVYtUVBGbkkwWkJhMDlZVGxQRk1GYWdMaFk5aXJ4enRva1podlRKOGlUV0JmSldManNaeldPZVU3MVpKWWFjQVY4cW94d2lJSGQ1WTJmQ0NnLTl2dWlN?oc=5\" target=\"_blank\" rel=\"nofollow noopener\">Governo prop\u00f5e acabar com a proibi\u00e7\u00e3o de acumular reforma com sal\u00e1rio<\/a>&nbsp;&nbsp;Jornal SOL<\/li>\n<\/ol>\n","protected":false},"excerpt":{"rendered":"Lei laboral. Reformas antecipadas poder\u00e3o ser acumuladas com sal\u00e1rio&nbsp;&nbsp;RTP Governo quer acabar com regra que pro\u00edbe acumula\u00e7\u00e3o de&hellip;\n","protected":false},"author":2,"featured_media":154907,"comment_status":"","ping_status":"","sticky":false,"template":"","format":"standard","meta":{"footnotes":""},"categories":[10],"tags":[27,28,15,16,14,25,26,21,22,12,13,19,20,32,23,24,33,420,421,17,18,29,30,31],"class_list":{"0":"post-154906","1":"post","2":"type-post","3":"status-publish","4":"format-standard","5":"has-post-thumbnail","7":"category-portugal","8":"tag-breaking-news","9":"tag-breakingnews","10":"tag-featured-news","11":"tag-featurednews","12":"tag-headlines","13":"tag-latest-news","14":"tag-latestnews","15":"tag-main-news","16":"tag-mainnews","17":"tag-news","18":"tag-noticias","19":"tag-noticias-principais","20":"tag-noticiasprincipais","21":"tag-portugal","22":"tag-principais-noticias","23":"tag-principaisnoticias","24":"tag-pt","25":"tag-rtp","26":"tag-rtp-noticias","27":"tag-top-stories","28":"tag-topstories","29":"tag-ultimas","30":"tag-ultimas-noticias","31":"tag-ultimasnoticias"},"share_on_mastodon":{"url":"https:\/\/pubeurope.com\/@pt\/115564633303805802","error":""},"_links":{"self":[{"href":"https:\/\/www.europesays.com\/pt\/wp-json\/wp\/v2\/posts\/154906","targetHints":{"allow":["GET"]}}],"collection":[{"href":"https:\/\/www.europesays.com\/pt\/wp-json\/wp\/v2\/posts"}],"about":[{"href":"https:\/\/www.europesays.com\/pt\/wp-json\/wp\/v2\/types\/post"}],"author":[{"embeddable":true,"href":"https:\/\/www.europesays.com\/pt\/wp-json\/wp\/v2\/users\/2"}],"replies":[{"embeddable":true,"href":"https:\/\/www.europesays.com\/pt\/wp-json\/wp\/v2\/comments?post=154906"}],"version-history":[{"count":0,"href":"https:\/\/www.europesays.com\/pt\/wp-json\/wp\/v2\/posts\/154906\/revisions"}],"wp:featuredmedia":[{"embeddable":true,"href":"https:\/\/www.europesays.com\/pt\/wp-json\/wp\/v2\/media\/154907"}],"wp:attachment":[{"href":"https:\/\/www.europesays.com\/pt\/wp-json\/wp\/v2\/media?parent=154906"}],"wp:term":[{"taxonomy":"category","embeddable":true,"href":"https:\/\/www.europesays.com\/pt\/wp-json\/wp\/v2\/categories?post=154906"},{"taxonomy":"post_tag","embeddable":true,"href":"https:\/\/www.europesays.com\/pt\/wp-json\/wp\/v2\/tags?post=154906"}],"curies":[{"name":"wp","href":"https:\/\/api.w.org\/{rel}","templated":true}]}}