{"id":15491,"date":"2025-08-04T12:24:07","date_gmt":"2025-08-04T12:24:07","guid":{"rendered":"https:\/\/www.europesays.com\/pt\/15491\/"},"modified":"2025-08-04T12:24:07","modified_gmt":"2025-08-04T12:24:07","slug":"brasil-tem-mais-mulheres-do-que-homens-como-chefes-de-familia-mostra-pesquisa","status":"publish","type":"post","link":"https:\/\/www.europesays.com\/pt\/15491\/","title":{"rendered":"Brasil tem mais mulheres do que homens como chefes de fam\u00edlia, mostra pesquisa\u00a0"},"content":{"rendered":"<p>                            <a href=\"https:\/\/img.nsctotal.com.br\/wp-content\/uploads\/2025\/08\/Brasil-tem-mais-mulheres-do-que-homens-como-chefes-de-familia-mostra-pesquisa-.jpg\" data-caption=\"De cada 100 casas brasileiras, 52 s\u00e3o comandadas por pessoas do g\u00eanero feminino (Foto: Banco de Imagem) \" aria-label=\"De cada 100 casas brasileiras, 52 s\u00e3o comandadas por pessoas do g\u00eanero feminino (Foto: Banco de Imagem) \" rel=\"nofollow noopener\" target=\"_blank\"><img width=\"944\" height=\"531\" src=\"https:\/\/www.europesays.com\/pt\/wp-content\/uploads\/2025\/08\/Brasil-tem-mais-mulheres-do-que-homens-como-chefes-de-familia-mostra-pesquisa--944x531.jpg\" class=\"attachment-custom-large size-custom-large article-featured-image\" alt=\"Brasil tem mais mulheres do que homens como chefes de fam\u00edlia, mostra pesquisa\u00a0\" fetchpriority=\"high\" decoding=\"async\"  \/><\/a><\/p>\n<p>De cada 100 casas brasileiras, 52 s\u00e3o comandadas por pessoas do g\u00eanero feminino (Foto: Banco de Imagem) <\/p>\n<p>Mais de 41 milh\u00f5es de domic\u00edlios do Brasil t\u00eam mulheres como principais provedoras, mostra uma pesquisa da <strong><a href=\"https:\/\/portal.fgv.br\/\" target=\"_blank\" rel=\"noreferrer noopener nofollow\">Funda\u00e7\u00e3o Get\u00falio Vargas (FGV)<\/a><\/strong>, encomendada pelo Fant\u00e1stico, com base no Instituto Brasileiro de Geografia e Estat\u00edstica (IBGE). De cada 100 casas brasileiras, 52 s\u00e3o comandadas por pessoas do g\u00eanero feminino.<\/p>\n<p>Continua depois da publicidade<\/p>\n<p>A maioria das mulheres chefes de fam\u00edlia \u00e9 autodeclarada preta ou parda, com ensino m\u00e9dio ou superior incompleto, com grande parte residente na metr\u00f3poles do Sudeste. Muitas delas j\u00e1 acessaram a universidade, embora nem sempre tenham conclu\u00eddo.<\/p>\n<p>Conforme o estudo, conduzido pela pesquisadora Jana\u00edna Feij\u00f3, a educa\u00e7\u00e3o feminina, que aumentou o poder de barganha das mulheres, mudan\u00e7as econ\u00f4micas e programas sociais que as colocam como ponto focal, est\u00e3o entre os fatores do crescimento de mulheres como chefes de fam\u00edlia.<\/p>\n<p>Outro fator seria a queda de fecundidade, por permitir que as mulheres dediquem mais tempo ao trabalho e, consequentemente, aumentem sua renda. Um perfil crescente \u00e9 o de mulheres casadas e sem filhos, cujo n\u00famero saltou de quase 2 milh\u00f5es para mais de 6 milh\u00f5es em 12 anos.<\/p>\n<p>A pesquisa da FGV tamb\u00e9m fala dos desafios enfrentados por essas mulheres, que apesar dos avan\u00e7os conquistados, ainda enfrentam \u201cmuitas responsibildiades\u201d e sobrecarga.  Elas enfrentam as maiores taxas de desemprego, ganham menos mesmo na mesma fun\u00e7\u00e3o e est\u00e3o mais na informalidade do que os homens.<\/p>\n<p>Continua depois da publicidade<\/p>\n<p>Para Jana\u00edna Feij\u00f3, \u00e9 essencial desenvolver pol\u00edticas p\u00fablicas estrat\u00e9gicas e eficientes, adaptadas \u00e0s particularidades de cada localidade do Brasil. A historiadora Mary Del Priore diz que a educa\u00e7\u00e3o da mulher brasileira deve ser o maior projeto nacional, pois uma mulher formada e autossuficiente pode construir \u201co entorno necess\u00e1rio para termos uma sociedade mais saud\u00e1vel\u201d.<\/p>\n<p>Antonietas<\/p>\n<p>Antonietas \u00e9 um projeto da NSC que tem como objetivo dar visibilidade a for\u00e7a da mulher catarinense, independente da \u00e1rea de atua\u00e7\u00e3o, por meio de conte\u00fados multiplataforma, em todos os ve\u00edculos do grupo. Saiba mais acessando o\u00a0<strong><a href=\"https:\/\/www.nsctotal.com.br\/especiais\/antonietas\" target=\"_blank\" rel=\"noreferrer noopener nofollow\">link.<\/a><\/strong><\/p>\n<p><a href=\"https:\/\/www.europesays.com\/pt\/wp-content\/uploads\/2025\/08\/topo-antonietas-nsc-total-1.jpg\"><img loading=\"lazy\" decoding=\"async\" width=\"1200\" height=\"200\" src=\"https:\/\/www.europesays.com\/pt\/wp-content\/uploads\/2025\/08\/topo-antonietas-nsc-total-1.jpg\" alt=\"logo antonietas\" class=\"wp-image-7598990\"\/><\/a>Leia mais <\/p>\n<p><strong><a href=\"https:\/\/www.nsctotal.com.br\/noticias\/mulher-agredida-com-61-socos-por-namorado-fala-pela-primeira-vez-disse-que-eu-ia-morrer\" target=\"_blank\" rel=\"noreferrer noopener nofollow\">Mulher agredida com 61 socos por namorado fala pela primeira vez: \u201cDisse que eu ia morrer\u201d<\/a><\/strong><\/p>\n<p><strong><a href=\"https:\/\/www.nsctotal.com.br\/noticias\/antonietas-da-nsc-lanca-serie-de-conteudos-especiais-durante-o-agosto-lilas\" target=\"_blank\" rel=\"noreferrer noopener nofollow\">Antonietas, da NSC, lan\u00e7a s\u00e9rie de conte\u00fados especiais durante o Agosto Lil\u00e1s<\/a><\/strong><\/p>\n","protected":false},"excerpt":{"rendered":"De cada 100 casas brasileiras, 52 s\u00e3o comandadas por pessoas do g\u00eanero feminino (Foto: Banco de Imagem) Mais&hellip;\n","protected":false},"author":2,"featured_media":15492,"comment_status":"","ping_status":"","sticky":false,"template":"","format":"standard","meta":{"footnotes":""},"categories":[142],"tags":[6129,829,114,115,32,33,151],"class_list":{"0":"post-15491","1":"post","2":"type-post","3":"status-publish","4":"format-standard","5":"has-post-thumbnail","7":"category-tv","8":"tag-antonietas","9":"tag-conteudo-liberado","10":"tag-entertainment","11":"tag-entretenimento","12":"tag-portugal","13":"tag-pt","14":"tag-tv"},"share_on_mastodon":{"url":"","error":""},"_links":{"self":[{"href":"https:\/\/www.europesays.com\/pt\/wp-json\/wp\/v2\/posts\/15491","targetHints":{"allow":["GET"]}}],"collection":[{"href":"https:\/\/www.europesays.com\/pt\/wp-json\/wp\/v2\/posts"}],"about":[{"href":"https:\/\/www.europesays.com\/pt\/wp-json\/wp\/v2\/types\/post"}],"author":[{"embeddable":true,"href":"https:\/\/www.europesays.com\/pt\/wp-json\/wp\/v2\/users\/2"}],"replies":[{"embeddable":true,"href":"https:\/\/www.europesays.com\/pt\/wp-json\/wp\/v2\/comments?post=15491"}],"version-history":[{"count":0,"href":"https:\/\/www.europesays.com\/pt\/wp-json\/wp\/v2\/posts\/15491\/revisions"}],"wp:featuredmedia":[{"embeddable":true,"href":"https:\/\/www.europesays.com\/pt\/wp-json\/wp\/v2\/media\/15492"}],"wp:attachment":[{"href":"https:\/\/www.europesays.com\/pt\/wp-json\/wp\/v2\/media?parent=15491"}],"wp:term":[{"taxonomy":"category","embeddable":true,"href":"https:\/\/www.europesays.com\/pt\/wp-json\/wp\/v2\/categories?post=15491"},{"taxonomy":"post_tag","embeddable":true,"href":"https:\/\/www.europesays.com\/pt\/wp-json\/wp\/v2\/tags?post=15491"}],"curies":[{"name":"wp","href":"https:\/\/api.w.org\/{rel}","templated":true}]}}