{"id":154912,"date":"2025-11-17T10:52:08","date_gmt":"2025-11-17T10:52:08","guid":{"rendered":"https:\/\/www.europesays.com\/pt\/154912\/"},"modified":"2025-11-17T10:52:08","modified_gmt":"2025-11-17T10:52:08","slug":"video-neemias-bate-marca-pessoal-no-apertado-triunfo-dos-boston-celtics","status":"publish","type":"post","link":"https:\/\/www.europesays.com\/pt\/154912\/","title":{"rendered":"V\u00cdDEO: Neemias bate marca pessoal no apertado triunfo dos Boston Celtics"},"content":{"rendered":"<p style=\"margin-bottom:11px\">Neemias Queta exibiu-se a um muito bom n\u00edvel na vit\u00f3ria dos Boston Celtics frente aos Los Angeles Clippers, por 121-118, para a fase regular da NBA.<\/p>\n<p>O poste portugu\u00eas ficou \u00e0s portas do duplo-duplo, ao ter somado 14 pontos, nove ressaltos e tr\u00eas assist\u00eancias, em 33:27 minutos, um novo recorde pessoal de utiliza\u00e7\u00e3o num jogo\u00a0da Liga norte-americana de basquetebol.<\/p>\n<p>Neemias tamb\u00e9m fixou um novo m\u00e1ximo pessoal de lan\u00e7amentos tentados em partidas da NBA. Foram 16, dos quais converteu sete (44 por cento de efic\u00e1cia).<\/p>\n<p>Os Celtics passaram grande parte do encontro na frente ao marcador (chegaram a ter 24 pontos \u00e0 maior (79-55) no terceiro per\u00edodo), mas entraram no derradeiro parcial a ganhar por apenas cinco pontos (90-85).<\/p>\n<p>James Harden foi o jogador em maior destaque nos Clippers (37 pontos, oito assist\u00eancias e sete ressaltos), mas falhou por muito pouco, sob o soar da buzina, o triplo que levaria o jogo para prolongamento.<\/p>\n<p>Apesar do seu esfor\u00e7o, o MVP do encontro foi Jaylen Brown, dos Celtics, com 33 pontos, 12 ressaltos e tr\u00eas assist\u00eancias.<\/p>\n<p>Os Boston Celtics somaram a segunda vit\u00f3ria consecutiva na fase regular da NBA e chegaram aos sete triunfos, em 14 jogos, na Confer\u00eancia Este. Os Clippers, por seu turno, perderam pela nona vez, em 13 partidas.<\/p>\n<p>Na madrugada do dia 19 de novembro (00:30), os Celtics visitam o pavilh\u00e3o dos Brooklyn Nets. O duelo repete-se tr\u00eas dias depois (00:30), mas em Boston.<\/p>\n","protected":false},"excerpt":{"rendered":"Neemias Queta exibiu-se a um muito bom n\u00edvel na vit\u00f3ria dos Boston Celtics frente aos Los Angeles Clippers,&hellip;\n","protected":false},"author":2,"featured_media":154913,"comment_status":"","ping_status":"","sticky":false,"template":"","format":"standard","meta":{"footnotes":""},"categories":[87],"tags":[2694,22992,135,5433,33351,1356,46,1830,19519,7471,32,33,47,5434,5920,134],"class_list":{"0":"post-154912","1":"post","2":"type-post","3":"status-publish","4":"format-standard","5":"has-post-thumbnail","7":"category-desporto","8":"tag-basquetebol","9":"tag-boston-celtics","10":"tag-desporto","11":"tag-jogos-hoje","12":"tag-los-angeles-clippers","13":"tag-mais-futebol","14":"tag-maisfutebol","15":"tag-modalidades","16":"tag-nba","17":"tag-neemias-queta","18":"tag-portugal","19":"tag-pt","20":"tag-pura-paixao","21":"tag-resultados-hoje","22":"tag-resultados-maisfutebol","23":"tag-sports"},"share_on_mastodon":{"url":"https:\/\/pubeurope.com\/@pt\/115564664951374125","error":""},"_links":{"self":[{"href":"https:\/\/www.europesays.com\/pt\/wp-json\/wp\/v2\/posts\/154912","targetHints":{"allow":["GET"]}}],"collection":[{"href":"https:\/\/www.europesays.com\/pt\/wp-json\/wp\/v2\/posts"}],"about":[{"href":"https:\/\/www.europesays.com\/pt\/wp-json\/wp\/v2\/types\/post"}],"author":[{"embeddable":true,"href":"https:\/\/www.europesays.com\/pt\/wp-json\/wp\/v2\/users\/2"}],"replies":[{"embeddable":true,"href":"https:\/\/www.europesays.com\/pt\/wp-json\/wp\/v2\/comments?post=154912"}],"version-history":[{"count":0,"href":"https:\/\/www.europesays.com\/pt\/wp-json\/wp\/v2\/posts\/154912\/revisions"}],"wp:featuredmedia":[{"embeddable":true,"href":"https:\/\/www.europesays.com\/pt\/wp-json\/wp\/v2\/media\/154913"}],"wp:attachment":[{"href":"https:\/\/www.europesays.com\/pt\/wp-json\/wp\/v2\/media?parent=154912"}],"wp:term":[{"taxonomy":"category","embeddable":true,"href":"https:\/\/www.europesays.com\/pt\/wp-json\/wp\/v2\/categories?post=154912"},{"taxonomy":"post_tag","embeddable":true,"href":"https:\/\/www.europesays.com\/pt\/wp-json\/wp\/v2\/tags?post=154912"}],"curies":[{"name":"wp","href":"https:\/\/api.w.org\/{rel}","templated":true}]}}