{"id":154926,"date":"2025-11-17T11:06:10","date_gmt":"2025-11-17T11:06:10","guid":{"rendered":"https:\/\/www.europesays.com\/pt\/154926\/"},"modified":"2025-11-17T11:06:10","modified_gmt":"2025-11-17T11:06:10","slug":"espero-que-a-minha-equipa-ganhe-e-um-golinho-tambem","status":"publish","type":"post","link":"https:\/\/www.europesays.com\/pt\/154926\/","title":{"rendered":"\u00abEspero que a minha equipa ganhe e um golinho tamb\u00e9m\u00bb"},"content":{"rendered":"<p>&#8211; Advertisement &#8211;<\/p>\n<p><strong>Carlos Forbs fez o rescaldo do triunfo de Portugal sobre a Arm\u00e9nia por 9-1, resultado que garantiu \u00e0 Sele\u00e7\u00e3o Nacional a passagem ao Mundial 2026.<\/strong><\/p>\n<p>Carlos Forbs analisou o <a href=\"https:\/\/bolanarede.pt\/especial-bola-na-rede\/atualidade\/portugal-goleia-armenia-no-estadio-do-dragao-e-carimba-apuramento-para-o-mundial-2026\/\" target=\"_blank\" rel=\"noreferrer noopener nofollow\">triunfo de Portugal diante da Arm\u00e9nia por 9-1<\/a>, no decisivo jogo de qualifica\u00e7\u00e3o para o <a href=\"https:\/\/bolanarede.pt\/etiqueta\/mundial-2026\/\" target=\"_blank\" rel=\"noreferrer noopener nofollow\">Mundial 2026<\/a>. A vit\u00f3ria confirmou a presen\u00e7a da Sele\u00e7\u00e3o Nacional na pr\u00f3xima edi\u00e7\u00e3o da competi\u00e7\u00e3o.<\/p>\n<p>\u00abMuito feliz pela estreia, dia feliz para mim e para a minha fam\u00edlia. Muito orgulhoso. Vit\u00f3ria, acho que joguei bem e qualific\u00e1mo-nos para o Mundial\u00bb.<\/p>\n<p>\u00abFoi uma boa experi\u00eancia, estiveram super bem. Uma semana incr\u00edvel. Estivemos sempre confiantes, sab\u00edamos que t\u00ednhamos de ganhar para ir ao Mundial. Tenho de continuar a fazer o que tenho feito pelo clube, de continuar a trabalhar. Todos pensamos em estar no Mundial, tenho de fazer o meu melhor\u00bb.<\/p>\n<p>\u00abBrugge x Sporting? Vai ser um jogo importante. Espero que a minha equipa ganhe, um golinho tamb\u00e9m\u00bb.<\/p>\n","protected":false},"excerpt":{"rendered":"&#8211; Advertisement &#8211; Carlos Forbs fez o rescaldo do triunfo de Portugal sobre a Arm\u00e9nia por 9-1, resultado&hellip;\n","protected":false},"author":2,"featured_media":154927,"comment_status":"","ping_status":"","sticky":false,"template":"","format":"standard","meta":{"footnotes":""},"categories":[87],"tags":[8240,260,11705,135,12632,32,33,134],"class_list":{"0":"post-154926","1":"post","2":"type-post","3":"status-publish","4":"format-standard","5":"has-post-thumbnail","7":"category-desporto","8":"tag-armenia","9":"tag-atualidade","10":"tag-carlos-forbs","11":"tag-desporto","12":"tag-mundial-2026","13":"tag-portugal","14":"tag-pt","15":"tag-sports"},"share_on_mastodon":{"url":"https:\/\/pubeurope.com\/@pt\/115564719999480383","error":""},"_links":{"self":[{"href":"https:\/\/www.europesays.com\/pt\/wp-json\/wp\/v2\/posts\/154926","targetHints":{"allow":["GET"]}}],"collection":[{"href":"https:\/\/www.europesays.com\/pt\/wp-json\/wp\/v2\/posts"}],"about":[{"href":"https:\/\/www.europesays.com\/pt\/wp-json\/wp\/v2\/types\/post"}],"author":[{"embeddable":true,"href":"https:\/\/www.europesays.com\/pt\/wp-json\/wp\/v2\/users\/2"}],"replies":[{"embeddable":true,"href":"https:\/\/www.europesays.com\/pt\/wp-json\/wp\/v2\/comments?post=154926"}],"version-history":[{"count":0,"href":"https:\/\/www.europesays.com\/pt\/wp-json\/wp\/v2\/posts\/154926\/revisions"}],"wp:featuredmedia":[{"embeddable":true,"href":"https:\/\/www.europesays.com\/pt\/wp-json\/wp\/v2\/media\/154927"}],"wp:attachment":[{"href":"https:\/\/www.europesays.com\/pt\/wp-json\/wp\/v2\/media?parent=154926"}],"wp:term":[{"taxonomy":"category","embeddable":true,"href":"https:\/\/www.europesays.com\/pt\/wp-json\/wp\/v2\/categories?post=154926"},{"taxonomy":"post_tag","embeddable":true,"href":"https:\/\/www.europesays.com\/pt\/wp-json\/wp\/v2\/tags?post=154926"}],"curies":[{"name":"wp","href":"https:\/\/api.w.org\/{rel}","templated":true}]}}