{"id":154937,"date":"2025-11-17T11:17:08","date_gmt":"2025-11-17T11:17:08","guid":{"rendered":"https:\/\/www.europesays.com\/pt\/154937\/"},"modified":"2025-11-17T11:17:08","modified_gmt":"2025-11-17T11:17:08","slug":"exclusivo-a-protegida-mariana-segue-uma-nova-pista-e-vai-em-busca-de-jd-novelas","status":"publish","type":"post","link":"https:\/\/www.europesays.com\/pt\/154937\/","title":{"rendered":"Exclusivo \u00abA Protegida\u00bb: Mariana segue uma nova pista e vai em busca de JD &#8211; Novelas"},"content":{"rendered":"<p>Em \u00abA Protegida\u00bb, a surfista que j\u00e1 vimos antes e o namorado v\u00eam jantar ao Flores. A surfista sorri ao ouvir o nome do restaurante e diz que lhe \u00e9 familiar. Diana diz que \u00e9 natural, pois s\u00e3o muito premiados. <a href=\"https:\/\/tvi.iol.pt\/novelas\/ator\/mariana-vilalobos\/67ac80ecd34ef72ee44224fe\" wbo-id=\"51\" rel=\"nofollow noopener\" target=\"_blank\">Mariana (Matilde Reym\u00e3o)<\/a>\u00a0apresenta-se, simp\u00e1tica, e encaminha os clientes para o sal\u00e3o. A surfista diz que h\u00e1 uma roulotte na praia onde costuma ir, que vende um hamb\u00farguer chamado flores. Mariana estranha a coincid\u00eancia.<\/p>\n<p>A surfista diz que o rapaz gostou da sua mota e Mariana pergunta-lhe como se chama. A surfista diz-lhe que se chama Rodrigo e Mariana fica tensa. Mariana pergunta onde \u00e9 a praia. Mariana acaba de se arranjar, enquanto conta \u00e0 m\u00e3e as informa\u00e7\u00f5es que teve e que a podem levar at\u00e9 JD. <a href=\"https:\/\/tvi.iol.pt\/novelas\/search?pagina=1&amp;pesquisa=alexandra+lencastre\" rel=\"nofollow noopener\" target=\"_blank\">Laura (Alexandra Lencastre)<\/a>\u00a0acha que podem ser s\u00f3 coincid\u00eancias e tamb\u00e9m n\u00e3o percebe o que Mariana ainda quer com <a href=\"https:\/\/tvi.iol.pt\/novelas\/ator\/jose-diogo\/67ac875bd34ef72ee4422589\" wbo-id=\"52\" rel=\"nofollow noopener\" target=\"_blank\">Jos\u00e9 Diogo (Pedro Sousa)<\/a>. Mariana diz que precisa de ter uma conversa com ele, mas n\u00e3o sabe como vai reagir quando o vir. Laura quer ir com Mariana, mas ela prefere ir sozinha. <a href=\"https:\/\/tvi.iol.pt\/novelas\/fotos\/a-protegida-hector-seduz-mariana-com-dia-romantico\/67d7f8f2d34e3f0bae9bb7f9\" rel=\"nofollow noopener\" target=\"_blank\">Hector (Christian Escuredo)<\/a>\u00a0ouve parte da conversa e pergunta com quem \u00e9 que Mariana se vai encontrar. Ela disfar\u00e7a e diz que \u00e9 um amigo da faculdade.<\/p>\n<p>Hector reparou que Mariana voltou a usar a alian\u00e7a e pergunta a Laura se ela se vai encontrar com JD. Laura acha que n\u00e3o deve ser ela a responder a isso. Hector insiste em saber onde Mariana foi e se sabe onde JD est\u00e1. Laura diz-lhe que ela n\u00e3o sabe de nada, mas percebeu que Hector ainda n\u00e3o esqueceu Mariana, pois viu a foto de JD rasgada no lixo. Hector acha que JD n\u00e3o faz bem a Mariana. Laura at\u00e9 concorda, mas tem de ser Mariana a decidir isso e JD vai ser sempre o pai de Carlota.<\/p>\n<p>Recorde-se que a Mariana tinha mandado JD embora:<\/p>\n","protected":false},"excerpt":{"rendered":"Em \u00abA Protegida\u00bb, a surfista que j\u00e1 vimos antes e o namorado v\u00eam jantar ao Flores. A surfista&hellip;\n","protected":false},"author":2,"featured_media":154938,"comment_status":"","ping_status":"","sticky":false,"template":"","format":"standard","meta":{"footnotes":""},"categories":[142],"tags":[168,160,166,114,115,157,167,14916,164,884,881,161,158,165,159,32,33,156,163,151,162],"class_list":{"0":"post-154937","1":"post","2":"type-post","3":"status-publish","4":"format-standard","5":"has-post-thumbnail","7":"category-tv","8":"tag-a-protegida","9":"tag-ana-guiomar","10":"tag-cristina-ferreira","11":"tag-entertainment","12":"tag-entretenimento","13":"tag-festa-e-festa","14":"tag-ficcao","15":"tag-jd","16":"tag-jose-fidalgo","17":"tag-mariana","18":"tag-matilde-reymao","19":"tag-novelas","20":"tag-para-sempre","21":"tag-pedro-sousa","22":"tag-pedro-teixeira","23":"tag-portugal","24":"tag-pt","25":"tag-queridos-papas","26":"tag-tiago-teotonio-pereira","27":"tag-tv","28":"tag-tvi"},"share_on_mastodon":{"url":"https:\/\/pubeurope.com\/@pt\/115564763077573220","error":""},"_links":{"self":[{"href":"https:\/\/www.europesays.com\/pt\/wp-json\/wp\/v2\/posts\/154937","targetHints":{"allow":["GET"]}}],"collection":[{"href":"https:\/\/www.europesays.com\/pt\/wp-json\/wp\/v2\/posts"}],"about":[{"href":"https:\/\/www.europesays.com\/pt\/wp-json\/wp\/v2\/types\/post"}],"author":[{"embeddable":true,"href":"https:\/\/www.europesays.com\/pt\/wp-json\/wp\/v2\/users\/2"}],"replies":[{"embeddable":true,"href":"https:\/\/www.europesays.com\/pt\/wp-json\/wp\/v2\/comments?post=154937"}],"version-history":[{"count":0,"href":"https:\/\/www.europesays.com\/pt\/wp-json\/wp\/v2\/posts\/154937\/revisions"}],"wp:featuredmedia":[{"embeddable":true,"href":"https:\/\/www.europesays.com\/pt\/wp-json\/wp\/v2\/media\/154938"}],"wp:attachment":[{"href":"https:\/\/www.europesays.com\/pt\/wp-json\/wp\/v2\/media?parent=154937"}],"wp:term":[{"taxonomy":"category","embeddable":true,"href":"https:\/\/www.europesays.com\/pt\/wp-json\/wp\/v2\/categories?post=154937"},{"taxonomy":"post_tag","embeddable":true,"href":"https:\/\/www.europesays.com\/pt\/wp-json\/wp\/v2\/tags?post=154937"}],"curies":[{"name":"wp","href":"https:\/\/api.w.org\/{rel}","templated":true}]}}