{"id":154939,"date":"2025-11-17T11:19:09","date_gmt":"2025-11-17T11:19:09","guid":{"rendered":"https:\/\/www.europesays.com\/pt\/154939\/"},"modified":"2025-11-17T11:19:09","modified_gmt":"2025-11-17T11:19:09","slug":"como-e-ser-eddie-murphy-uma-longa-carreira-em-documentario-streaming","status":"publish","type":"post","link":"https:\/\/www.europesays.com\/pt\/154939\/","title":{"rendered":"Como \u00e9 ser Eddie Murphy? Uma longa carreira em document\u00e1rio | Streaming"},"content":{"rendered":"<p>Se alguma vez regressar \u00e0 com\u00e9dia feita em cima dos palcos, algo que n\u00e3o acontece h\u00e1 quase 40 anos, Eddie Murphy, que foi das maiores estrelas de stand-up dos anos 1980, diz que pegar\u00e1 em bonecos de <a href=\"https:\/\/www.publico.pt\/2022\/06\/22\/culturaipsilon\/noticia\/bill-cosby-considerado-culpado-agressao-sexual-menor-2010913\" rel=\"nofollow noopener\" target=\"_blank\">Bill Cosby<\/a> e <a href=\"https:\/\/www.publico.pt\/2005\/12\/12\/jornal\/morreu-richard-pryor-comico-irreverente-53403\" rel=\"nofollow noopener\" target=\"_blank\">Richard Pryor<\/a>. P\u00f4-los-\u00e1 a falar, como ventr\u00edloquo, um com o outro, com Murphy no meio. O actor, homem das mil vozes e dono de um dos risos e sorrisos mais c\u00e9lebres da cultura pop, torna isso realidade no final de Eu, Eddie, o document\u00e1rio Netflix por ele encabe\u00e7ado. Tem mesmo dois bonecos dos dois grandes astros c\u00f3micos negros que antecederam a entrada de um ainda adolescente Murphy no panorama americano, no in\u00edcio dos anos 1980.<\/p>\n<p>Murphy sempre foi muito mais Pryor do que Cosby, que apregoava uma com\u00e9dia limpinha, sem palavr\u00f5es, e hoje est\u00e1 ca\u00eddo em desgra\u00e7a e chegou a estar preso por dezenas de acusa\u00e7\u00f5es de viola\u00e7\u00e3o, viol\u00eancia sexual, ass\u00e9dio e abuso de crian\u00e7as. E isso est\u00e1 patente nesse segmento do filme e \u00e9 das coisas que t\u00eam mais piada no document\u00e1rio. Eu, Eddie \u00e9 daqueles formatos t\u00edpicos do streaming em que uma pessoa famosa j\u00e1 com alguma idade se explica a si pr\u00f3pria e \u00e0 sua longa carreira, com um tom confessional controlado e outras figuras conhecidas como cabe\u00e7as falantes.<\/p>\n<p>        &#13;<br \/>\n             <a class=\"embedly-card\" data-card-controls=\"0\" href=\"https:\/\/www.youtube.com\/watch?v=98xUkIDUPVg\" rel=\"nofollow noopener\" target=\"_blank\">&#13;<\/p>\n<p>Eu, Eddie \u200b\u00e9 realizado por Angus Wall, oscarizado montador de filmes de David Fincher como <a href=\"https:\/\/www.publico.pt\/2010\/11\/11\/culturaipsilon\/noticia\/a-rede-social-1656806\" rel=\"nofollow noopener\" target=\"_blank\">A Rede Social<\/a> ou <a href=\"https:\/\/www.publico.pt\/2012\/01\/18\/culturaipsilon\/noticia\/a-mulher-que-odeia-os-homens-1657570\" rel=\"nofollow noopener\" target=\"_blank\">Millennium 1 &#8211; Os Homens Que Odeiam as Mulheres<\/a>. O document\u00e1rio da Netflix p\u00f5e Murphy, que foi um dos grandes c\u00f3micos de stand-up dos anos 1980, passou por Saturday Night Live e quebrou barreiras no cinema como actor negro, a falar enquanto deambula pela sua enorme mans\u00e3o em Los Angeles.<\/p>\n<p>Murphy \u00e9 algu\u00e9m que tem trabalhado com a Netflix em produ\u00e7\u00f5es como <a href=\"https:\/\/www.publico.pt\/2019\/10\/27\/culturaipsilon\/noticia\/eddie-murphy-voltou-dolemite-1891364\" rel=\"nofollow noopener\" target=\"_blank\">Chamem-me Dolemite<\/a> \u2013 um dos t\u00edtulos mais interessantes que fez em tempos recentes \u2013 ou o quarto cap\u00edtulo da saga O Ca\u00e7a-Pol\u00edcias. Ou seja, se j\u00e1 seria expect\u00e1vel omitirem-se as partes mais pol\u00e9micas da sua carreira, que \u00e9 o que acontece neste tipo de empreitadas, aqui isso \u00e9 ainda mais necess\u00e1rio. No document\u00e1rio, o actor diz que o seu legado \u00e9 a sua fam\u00edlia, os seus dez filhos. Mas n\u00e3o h\u00e1 men\u00e7\u00e3o ao medi\u00e1tico caso de n\u00e3o querer reconhecer a <a href=\"https:\/\/www.publico.pt\/2007\/06\/26\/culturaipsilon\/noticia\/eddie-murphy-e-mesmo-o-pai-do-filho-de-mel-b-1297764\" rel=\"nofollow noopener\" target=\"_blank\">paternidade do filho que partilha com Mel B<\/a>, das Spice Girls, ou do epis\u00f3dio em que, nos anos 1990, foi apanhado com uma prostituta no carro. N\u00e3o se finge que a carreira de Murphy \u00e9 sempre maravilhosa, mas tamb\u00e9m pode ficar a parecer que os \u00fanicos pontos baixos da filmografia s\u00e3o Vampiro em Brooklyn e Pequeno Grande Dave, quando haveria muito mais por onde pegar.<\/p>\n<p>Aqui, ele explica-se a ele pr\u00f3prio, a como cresceu com transtorno obsessivo-compulsivo, como sabia aos dez anos que queria ser como o her\u00f3i Pryor e t\u00e3o fixe quanto Elvis Presley. Ia ser famoso, dizia aos 18 anos. Falhou por um ano. Era frequentemente comparado a Pryor, com quem trabalhou em Os Reis da Noite, algo que parece injusto, como se s\u00f3 pudesse existir um c\u00f3mico negro famoso de cada vez.<\/p>\n<p>No filme, vemos a vida caseira de Murphy, que adora, explica, estar em casa, e gira muito \u00e0 volta de ver YouTube \u2013 mostra, por exemplo, Jimi Hendrix aos filhos \u2013 ou o programa da MTV <a href=\"https:\/\/www.publico.pt\/2021\/08\/10\/culturaipsilon\/noticia\/series-fim-ninguem-notar-ridiculousness-maiores-series-tv-mundo-1971546\" rel=\"nofollow noopener\" target=\"_blank\">Ridiculousness<\/a>, de v\u00eddeos virais da internet, algo que o actor compara ao trabalho do realizador mexicano <a href=\"https:\/\/www.publico.pt\/2014\/09\/12\/culturaipsilon\/noticia\/-a-ressurreicao-de-alejandro-jodorowsky-1668966\" rel=\"nofollow noopener\" target=\"_blank\">Alejandro Jodorowsky<\/a>. Al\u00e9m das imagens de arquivo, ouvimos pares e gente por ele influenciada, como <a href=\"https:\/\/www.publico.pt\/2025\/09\/11\/culturaipsilon\/noticia\/jerry-seinfeld-compara-movimento-palestina-livre-ku-klux-klan-melhor-2146833\" rel=\"nofollow noopener\" target=\"_blank\">Jerry Seinfeld<\/a>, Dave Chappelle, <a href=\"https:\/\/www.publico.pt\/2025\/10\/06\/culturaipsilon\/noticia\/comicos-acham-piada-festival-comedia-internacional-riade-2149848\" rel=\"nofollow noopener\" target=\"_blank\">Pete Davidson<\/a>, Tracy Morgan, Kevin Hart, Chris Rock, Arsenio Hall, Kenan Thompson ou <a href=\"https:\/\/www.publico.pt\/2020\/01\/24\/culturaipsilon\/noticia\/adam-sandler-comico-nao-joia-bruto-1901251\" rel=\"nofollow noopener\" target=\"_blank\">Adam Sandler<\/a>, al\u00e9m dos realizadores John Landis e Reginald Hudlin, a actriz Tracee Ellis Ross ou a figurinista oscarizada Ruth E. Carter, entre muitos outros.<\/p>\n<p>D\u00e1-se muito espa\u00e7o, por exemplo, \u00e0 ideia de Murphy ter &#8220;aberto portas&#8221;, chamando-se a Pr\u00edncipe das Mulheres, que Hudlin assinou em 1992, a primeira com\u00e9dia rom\u00e2ntica negra \u2013 como se filmes como Claudine &#8211; Corpo e Alma, feito por John Berry 18 anos antes, n\u00e3o existissem. Tamb\u00e9m se fala muito do facto de Murphy ter sido gozado por Saturday Night Live por causa do falhan\u00e7o de Vampiro em Brooklyn, algo que o fez ficar ofendido com o programa que o tornou famoso \u2013 e que ele ajudou a salvar \u2013 e ao qual s\u00f3 voltou em 2019 para apresentar, um momento mostrado como um dos picos da carreira. Eu, Eddie n\u00e3o \u00e9 nada de novo ou imperd\u00edvel, mas \u00e9 Eddie Murphy em boa forma.<\/p>\n","protected":false},"excerpt":{"rendered":"Se alguma vez regressar \u00e0 com\u00e9dia feita em cima dos palcos, algo que n\u00e3o acontece h\u00e1 quase 40&hellip;\n","protected":false},"author":2,"featured_media":154940,"comment_status":"","ping_status":"","sticky":false,"template":"","format":"standard","meta":{"footnotes":""},"categories":[140],"tags":[767,315,1413,114,115,147,148,2595,222,146,716,32,33,940,218],"class_list":{"0":"post-154939","1":"post","2":"type-post","3":"status-publish","4":"format-standard","5":"has-post-thumbnail","7":"category-filmes","8":"tag-comedia","9":"tag-cultura","10":"tag-cultura-ipsilon","11":"tag-entertainment","12":"tag-entretenimento","13":"tag-film","14":"tag-filmes","15":"tag-hollywood","16":"tag-humor","17":"tag-movies","18":"tag-netflix","19":"tag-portugal","20":"tag-pt","21":"tag-streaming","22":"tag-televisao"},"share_on_mastodon":{"url":"https:\/\/pubeurope.com\/@pt\/115564771811451364","error":""},"_links":{"self":[{"href":"https:\/\/www.europesays.com\/pt\/wp-json\/wp\/v2\/posts\/154939","targetHints":{"allow":["GET"]}}],"collection":[{"href":"https:\/\/www.europesays.com\/pt\/wp-json\/wp\/v2\/posts"}],"about":[{"href":"https:\/\/www.europesays.com\/pt\/wp-json\/wp\/v2\/types\/post"}],"author":[{"embeddable":true,"href":"https:\/\/www.europesays.com\/pt\/wp-json\/wp\/v2\/users\/2"}],"replies":[{"embeddable":true,"href":"https:\/\/www.europesays.com\/pt\/wp-json\/wp\/v2\/comments?post=154939"}],"version-history":[{"count":0,"href":"https:\/\/www.europesays.com\/pt\/wp-json\/wp\/v2\/posts\/154939\/revisions"}],"wp:featuredmedia":[{"embeddable":true,"href":"https:\/\/www.europesays.com\/pt\/wp-json\/wp\/v2\/media\/154940"}],"wp:attachment":[{"href":"https:\/\/www.europesays.com\/pt\/wp-json\/wp\/v2\/media?parent=154939"}],"wp:term":[{"taxonomy":"category","embeddable":true,"href":"https:\/\/www.europesays.com\/pt\/wp-json\/wp\/v2\/categories?post=154939"},{"taxonomy":"post_tag","embeddable":true,"href":"https:\/\/www.europesays.com\/pt\/wp-json\/wp\/v2\/tags?post=154939"}],"curies":[{"name":"wp","href":"https:\/\/api.w.org\/{rel}","templated":true}]}}