{"id":154952,"date":"2025-11-17T11:28:15","date_gmt":"2025-11-17T11:28:15","guid":{"rendered":"https:\/\/www.europesays.com\/pt\/154952\/"},"modified":"2025-11-17T11:28:15","modified_gmt":"2025-11-17T11:28:15","slug":"virginia-se-despede-de-londres-e-retorna-ao-brasil-tem-que-trabalhar-ne-celebridades","status":"publish","type":"post","link":"https:\/\/www.europesays.com\/pt\/154952\/","title":{"rendered":"Virginia se despede de Londres e retorna ao Brasil: \u2018Tem que trabalhar, n\u00e9?\u2019 | Celebridades"},"content":{"rendered":"<p>                                        Virginia se prepara para retornar ao Brasil &#8211; Reprodu\u00e7\u00e3o\/Instagram<\/p>\n<p class=\"content-media__description\">Virginia se prepara para retornar ao BrasilReprodu\u00e7\u00e3o\/Instagram<\/p>\n<p>                            Publicado 16\/11\/2025 17:19\n                    <\/p>\n<p>                    Rio &#8211; Virginia, 26 anos, est\u00e1 se preparando para retornar ao Brasil neste domingo (16), ap\u00f3s passar alguns dias em Londres <a href=\"https:\/\/odia.ig.com.br\/diversao\/celebridades\/2025\/11\/7164006-virginia-fonseca-acompanha-jogo-da-selecao-e-demonstra-apoio-a-vini-jr-em-londres.html\" rel=\"nofollow noopener\" target=\"_blank\">para acompanhar o namorado, o jogador Vini Jr., no \u00faltimo jogo da Sele\u00e7\u00e3o<\/a>, realizado no dia 15.<\/p>\n<p>Em v\u00eddeos publicados por Hebert Gomes, amigo que viajou com ela, a influenciadora aparece dentro do carro a caminho do aeroporto, dando adeus \u00e0 capital brit\u00e2nica. \u201c\u00c9, meu povo, chegou a hora do fim\u201d, diz Hebert no registro. \u201cAi, tava gostando de Londres\u201d, responde Virginia. \u201cEu tamb\u00e9m, juro\u201d, comenta o amigo. \u201cMas tem que trabalhar, n\u00e9?\u201d, completa ela. \u201cAmiga, voc\u00ea tem\u201d, brinca ele.<\/p>\n<p>Mais cedo, Hebert j\u00e1 havia compartilhado um story em que aparece acordando a influenciadora, e a decora\u00e7\u00e3o rom\u00e2ntica do quarto chamou aten\u00e7\u00e3o. No v\u00eddeo, surgem flores, bal\u00f5es em formato de cora\u00e7\u00e3o, velas e at\u00e9 um porta-retrato com uma foto do casal, criando um clima especial preparado para Virginia e Vini Jr. durante a estadia na cidade.<\/p>\n<p>        &#13;<br \/>\n            fotogaleria&#13;<br \/>\n            &#13;<\/p>\n<p>                                <img decoding=\"async\" width=\"1920\" alt=\"Virginia acordou em quarto com decora\u00e7\u00e3o rom\u00e2ntica - Reprodu\u00e7\u00e3o\/Instagram\" class=\"lazyload\" src=\"https:\/\/www.europesays.com\/pt\/wp-content\/uploads\/2025\/11\/virginia1-37504697.jpeg\"\/><\/p>\n<p>                                <img decoding=\"async\" width=\"1920\" alt=\"Virginia acordou em quarto com decora\u00e7\u00e3o rom\u00e2ntica - Reprodu\u00e7\u00e3o\/Instagram\" class=\"lazyload\" src=\"https:\/\/www.europesays.com\/pt\/wp-content\/uploads\/2025\/11\/virginia2-37504686.jpeg\"\/><\/p>\n","protected":false},"excerpt":{"rendered":"Virginia se prepara para retornar ao Brasil &#8211; Reprodu\u00e7\u00e3o\/Instagram Virginia se prepara para retornar ao BrasilReprodu\u00e7\u00e3o\/Instagram Publicado 16\/11\/2025&hellip;\n","protected":false},"author":2,"featured_media":154953,"comment_status":"","ping_status":"","sticky":false,"template":"","format":"standard","meta":{"footnotes":""},"categories":[145],"tags":[211,210,114,115,5567,32,33,3126,973],"class_list":{"0":"post-154952","1":"post","2":"type-post","3":"status-publish","4":"format-standard","5":"has-post-thumbnail","7":"category-celebridades","8":"tag-celebridades","9":"tag-celebrities","10":"tag-entertainment","11":"tag-entretenimento","12":"tag-londres","13":"tag-portugal","14":"tag-pt","15":"tag-vini-jr","16":"tag-virginia"},"share_on_mastodon":{"url":"https:\/\/pubeurope.com\/@pt\/115564806573537797","error":""},"_links":{"self":[{"href":"https:\/\/www.europesays.com\/pt\/wp-json\/wp\/v2\/posts\/154952","targetHints":{"allow":["GET"]}}],"collection":[{"href":"https:\/\/www.europesays.com\/pt\/wp-json\/wp\/v2\/posts"}],"about":[{"href":"https:\/\/www.europesays.com\/pt\/wp-json\/wp\/v2\/types\/post"}],"author":[{"embeddable":true,"href":"https:\/\/www.europesays.com\/pt\/wp-json\/wp\/v2\/users\/2"}],"replies":[{"embeddable":true,"href":"https:\/\/www.europesays.com\/pt\/wp-json\/wp\/v2\/comments?post=154952"}],"version-history":[{"count":0,"href":"https:\/\/www.europesays.com\/pt\/wp-json\/wp\/v2\/posts\/154952\/revisions"}],"wp:featuredmedia":[{"embeddable":true,"href":"https:\/\/www.europesays.com\/pt\/wp-json\/wp\/v2\/media\/154953"}],"wp:attachment":[{"href":"https:\/\/www.europesays.com\/pt\/wp-json\/wp\/v2\/media?parent=154952"}],"wp:term":[{"taxonomy":"category","embeddable":true,"href":"https:\/\/www.europesays.com\/pt\/wp-json\/wp\/v2\/categories?post=154952"},{"taxonomy":"post_tag","embeddable":true,"href":"https:\/\/www.europesays.com\/pt\/wp-json\/wp\/v2\/tags?post=154952"}],"curies":[{"name":"wp","href":"https:\/\/api.w.org\/{rel}","templated":true}]}}