{"id":154954,"date":"2025-11-17T11:31:09","date_gmt":"2025-11-17T11:31:09","guid":{"rendered":"https:\/\/www.europesays.com\/pt\/154954\/"},"modified":"2025-11-17T11:31:09","modified_gmt":"2025-11-17T11:31:09","slug":"ana-cristina-desfaz-se-em-elogios-a-pedro-mas-acaba-de-boca-aberta-com-o-verdadeiro-segredo-com-a-marisa-secret-story","status":"publish","type":"post","link":"https:\/\/www.europesays.com\/pt\/154954\/","title":{"rendered":"Ana Cristina desfaz-se em elogios a Pedro, mas acaba de boca aberta com o verdadeiro segredo: \u00abCom a Marisa?\u00bb &#8211; Secret Story"},"content":{"rendered":"<p style=\"margin-bottom:11px\">Um dos momentos mais aguardados ap\u00f3s a expuls\u00e3o do Secret Story\u00a0<strong>\u00e9 a rea\u00e7\u00e3o dos ex-concorrentes ao descobrir que Pedro e Marisa s\u00e3o um casal.<\/strong> <a href=\"https:\/\/tvi.iol.pt\/secretstory\/search?pagina=1&amp;pesquisa=Ana+cristina\" rel=\"nofollow noopener\" target=\"_blank\">Ana Cristina<\/a>, a concorrente expulsa da noite deste domingo, dia 16 de novembro, n\u00e3o foi uma exce\u00e7\u00e3o.<\/p>\n<p>Ao chegar a est\u00fadio, Cristina Ferreira contou a <a href=\"https:\/\/tvi.iol.pt\/secretstory\/search?pagina=1&amp;pesquisa=Ana+cristina\" rel=\"nofollow noopener\" target=\"_blank\">Ana Cristina<\/a> que Pedro era casado e, ao dizer que a mulher dele estava dentro da casa, a <strong>concorrente ficou boquiaberta<\/strong>. Ana Cristina apontou de imediato para Marisa e n\u00e3o se conseguiu conformar com o facto de ter estado <strong>t\u00e3o perto de adivinhar o segredo<\/strong>.<\/p>\n<p><strong>Veja o momento completo aqui:<\/strong><\/p>\n","protected":false},"excerpt":{"rendered":"Um dos momentos mais aguardados ap\u00f3s a expuls\u00e3o do Secret Story\u00a0\u00e9 a rea\u00e7\u00e3o dos ex-concorrentes ao descobrir que&hellip;\n","protected":false},"author":2,"featured_media":154955,"comment_status":"","ping_status":"","sticky":false,"template":"","format":"standard","meta":{"footnotes":""},"categories":[142],"tags":[8113,19725,2632,329,333,328,335,336,114,115,334,330,1326,338,19184,19019,13,14646,32,33,1315,8174,151,162,19020,227],"class_list":{"0":"post-154954","1":"post","2":"type-post","3":"status-publish","4":"format-standard","5":"has-post-thumbnail","7":"category-tv","8":"tag-alice-alves","9":"tag-ana-cristina","10":"tag-casa-dos-segredos","11":"tag-claudio-ramos","12":"tag-comentadores","13":"tag-concorrentes","14":"tag-confrontos","15":"tag-discussoes","16":"tag-entertainment","17":"tag-entretenimento","18":"tag-exclusivos","19":"tag-gala","20":"tag-mafalda-castro","21":"tag-maria-botelho-moniz","22":"tag-marisa","23":"tag-marta-cardoso","24":"tag-noticias","25":"tag-pedro","26":"tag-portugal","27":"tag-pt","28":"tag-secret-story","29":"tag-segredos","30":"tag-tv","31":"tag-tvi","32":"tag-video-do-dia","33":"tag-videos"},"share_on_mastodon":{"url":"https:\/\/pubeurope.com\/@pt\/115564818136800172","error":""},"_links":{"self":[{"href":"https:\/\/www.europesays.com\/pt\/wp-json\/wp\/v2\/posts\/154954","targetHints":{"allow":["GET"]}}],"collection":[{"href":"https:\/\/www.europesays.com\/pt\/wp-json\/wp\/v2\/posts"}],"about":[{"href":"https:\/\/www.europesays.com\/pt\/wp-json\/wp\/v2\/types\/post"}],"author":[{"embeddable":true,"href":"https:\/\/www.europesays.com\/pt\/wp-json\/wp\/v2\/users\/2"}],"replies":[{"embeddable":true,"href":"https:\/\/www.europesays.com\/pt\/wp-json\/wp\/v2\/comments?post=154954"}],"version-history":[{"count":0,"href":"https:\/\/www.europesays.com\/pt\/wp-json\/wp\/v2\/posts\/154954\/revisions"}],"wp:featuredmedia":[{"embeddable":true,"href":"https:\/\/www.europesays.com\/pt\/wp-json\/wp\/v2\/media\/154955"}],"wp:attachment":[{"href":"https:\/\/www.europesays.com\/pt\/wp-json\/wp\/v2\/media?parent=154954"}],"wp:term":[{"taxonomy":"category","embeddable":true,"href":"https:\/\/www.europesays.com\/pt\/wp-json\/wp\/v2\/categories?post=154954"},{"taxonomy":"post_tag","embeddable":true,"href":"https:\/\/www.europesays.com\/pt\/wp-json\/wp\/v2\/tags?post=154954"}],"curies":[{"name":"wp","href":"https:\/\/api.w.org\/{rel}","templated":true}]}}