{"id":154956,"date":"2025-11-17T11:33:12","date_gmt":"2025-11-17T11:33:12","guid":{"rendered":"https:\/\/www.europesays.com\/pt\/154956\/"},"modified":"2025-11-17T11:33:12","modified_gmt":"2025-11-17T11:33:12","slug":"no-streaming-epico-de-fantasia-com-quase-3-horas-de-duracao-que-faz-parte-de-uma-saga-bilionaria-noticias-de-cinema","status":"publish","type":"post","link":"https:\/\/www.europesays.com\/pt\/154956\/","title":{"rendered":"No streaming: \u00c9pico de fantasia com quase 3 horas de dura\u00e7\u00e3o, que faz parte de uma saga bilion\u00e1ria &#8211; Not\u00edcias de cinema"},"content":{"rendered":"<p>Um espet\u00e1culo de fantasia m\u00e1gica que pertence a uma das maiores franquias de todos os tempos e impressiona com seu poder visual.<\/p>\n<p class=\"bo-p\">Ap\u00f3s o t\u00e9rmino da franquia <a href=\"https:\/\/www.adorocinema.com\/filmes\/filme-134925\/\" class=\"bo-link\" rel=\"nofollow noopener\" target=\"_blank\">Harry Potter<\/a> com seu oitavo filme em 2011, os f\u00e3s finalmente puderam respirar aliviados em 2016. A trilogia derivada <a href=\"https:\/\/www.adorocinema.com\/filmes\/filme-223940\/\" class=\"bo-link\" rel=\"nofollow noopener\" target=\"_blank\">Animais Fant\u00e1sticos<\/a> deu continuidade \u00e0 hist\u00f3ria da franquia, que arrecadou quase <b>10 bilh\u00f5es de d\u00f3lares<\/b> at\u00e9 o momento, apresentando diversos personagens familiares do Mundo M\u00e1gico.<\/p>\n<p class=\"bo-p\">No segundo filme, <a href=\"https:\/\/www.adorocinema.com\/filmes\/filme-228086\/\" class=\"bo-link\" rel=\"nofollow noopener\" target=\"_blank\">Animais Fant\u00e1sticos: Os Crimes de Grindelwald<\/a>, que est\u00e1, assim como restante dos longas do universo de <a href=\"https:\/\/www.adorocinema.com\/personalidades\/personalidade-68219\/\" class=\"bo-link\" rel=\"nofollow noopener\" target=\"_blank\">J.K. Rowling<\/a>, no cat\u00e1logo da HBO Max, descobrimos mais sobre o passado do amado professor de Hogwarts, Dumbledore (<a href=\"https:\/\/www.adorocinema.com\/personalidades\/personalidade-17802\/\" class=\"bo-link\" rel=\"nofollow noopener\" target=\"_blank\">Jude Law<\/a>).<\/p>\n<p>Johnny Depp como Grindelwald<\/p>\n<p>                                <img loading=\"lazy\" decoding=\"async\" class=\"article-figure-img\" src=\"https:\/\/www.europesays.com\/pt\/wp-content\/uploads\/2025\/11\/605ae92a6089e52de47ee4c6b746f00c.png\" width=\"640\" height=\"320\" alt=\"\"\/><\/p>\n<p>                                    HBO Max<\/p>\n<p class=\"bo-p\">Em Animais Fant\u00e1sticos: Os Crimes de Grindewald, Newt Scamander (<a href=\"https:\/\/www.adorocinema.com\/personalidades\/personalidade-190484\/\" class=\"bo-link\" rel=\"nofollow noopener\" target=\"_blank\">Eddie Redmayne<\/a>) reencontra os queridos amigos Tina Goldstein (<a href=\"https:\/\/www.adorocinema.com\/personalidades\/personalidade-154334\/\" class=\"bo-link\" rel=\"nofollow noopener\" target=\"_blank\">Katherine Waterston<\/a>), Queenie Goldstein (<a href=\"https:\/\/www.adorocinema.com\/personalidades\/personalidade-205678\/\" class=\"bo-link\" rel=\"nofollow noopener\" target=\"_blank\">Alison Sudol<\/a>) e Jacob Kowalski (<a href=\"https:\/\/www.adorocinema.com\/personalidades\/personalidade-137496\/\" class=\"bo-link\" rel=\"nofollow noopener\" target=\"_blank\">Dan Fogler<\/a>).<\/p>\n<p class=\"bo-p\">Ele \u00e9 recrutado pelo seu antigo professor em Hogwarts, Alvo Dumbledore (Jude Law), para enfrentar o terr\u00edvel bruxo das trevas Gellert Grindelwald (<a href=\"https:\/\/www.adorocinema.com\/personalidades\/personalidade-12839\/\" class=\"bo-link\" rel=\"nofollow noopener\" target=\"_blank\">Johnny Depp<\/a>), que escapou da cust\u00f3dia da MACUSA (Congresso M\u00e1gico dos EUA) e re\u00fane seguidores, dividindo o mundo entre seres de magos sangue puro e seres n\u00e3o-m\u00e1gicos.<\/p>\n<p>Os Crimes de Grindelwald impressiona pelo seu poder visual<\/p>\n<p class=\"bo-p\">Com cen\u00e1rios opulentos e efeitos especiais elaborados, o Mundo M\u00e1gico ganha vida em Animais Fant\u00e1sticos 2. In\u00fameros personagens, <a href=\"https:\/\/www.adorocinema.com\/noticias\/filmes\/noticia-1000158679\/\" class=\"bo-link\" rel=\"nofollow noopener\" target=\"_blank\">alguns j\u00e1 conhecidos de Harry Potter, tamb\u00e9m aparecem<\/a>. Isso cria momentos de familiaridade, mas ainda oferece uma narrativa completamente original com muitas novidades para descobrir.<\/p>\n<p class=\"bo-p\">Diversas falhas no roteiro causaram consider\u00e1vel descontentamento entre os f\u00e3s, pois <a href=\"https:\/\/www.adorocinema.com\/noticias\/filmes\/noticia-1000164744\/\" class=\"bo-link\" rel=\"nofollow noopener\" target=\"_blank\">n\u00e3o se encaixavam na hist\u00f3ria de Harry Potter<\/a>. Isso apesar de a pr\u00f3pria J.K. Rowling ser respons\u00e1vel pelos roteiros.<\/p>\n<p class=\"bo-p\">O spin-off, que antes prometia muito, foi perdendo cada vez mais espectadores, de modo que dos cinco filmes planejados, apenas tr\u00eas foram produzidos, e <a href=\"https:\/\/www.adorocinema.com\/noticias\/filmes\/noticia-1000111498\/\" class=\"bo-link\" rel=\"nofollow noopener\" target=\"_blank\">n\u00e3o parece haver esperan\u00e7a para um quarto filme<\/a>.<\/p>\n<p class=\"bo-p\">Apesar do enredo fraco do segundo longa, ele oferece muito visualmente. Os f\u00e3s de fantasia <a href=\"https:\/\/www.adorocinema.com\/noticias\/filmes\/noticia-1000117793\/\" class=\"bo-link\" rel=\"nofollow noopener\" target=\"_blank\">podem desfrutar de uma aventura m\u00e1gica<\/a> de quase tr\u00eas horas, com intervalos comerciais, perfeita para uma noite de cinema divertida.<\/p>\n","protected":false},"excerpt":{"rendered":"Um espet\u00e1culo de fantasia m\u00e1gica que pertence a uma das maiores franquias de todos os tempos e impressiona&hellip;\n","protected":false},"author":2,"featured_media":154957,"comment_status":"","ping_status":"","sticky":false,"template":"","format":"standard","meta":{"footnotes":""},"categories":[140],"tags":[114,115,147,148,146,32,33],"class_list":{"0":"post-154956","1":"post","2":"type-post","3":"status-publish","4":"format-standard","5":"has-post-thumbnail","7":"category-filmes","8":"tag-entertainment","9":"tag-entretenimento","10":"tag-film","11":"tag-filmes","12":"tag-movies","13":"tag-portugal","14":"tag-pt"},"share_on_mastodon":{"url":"https:\/\/pubeurope.com\/@pt\/115564826297751687","error":""},"_links":{"self":[{"href":"https:\/\/www.europesays.com\/pt\/wp-json\/wp\/v2\/posts\/154956","targetHints":{"allow":["GET"]}}],"collection":[{"href":"https:\/\/www.europesays.com\/pt\/wp-json\/wp\/v2\/posts"}],"about":[{"href":"https:\/\/www.europesays.com\/pt\/wp-json\/wp\/v2\/types\/post"}],"author":[{"embeddable":true,"href":"https:\/\/www.europesays.com\/pt\/wp-json\/wp\/v2\/users\/2"}],"replies":[{"embeddable":true,"href":"https:\/\/www.europesays.com\/pt\/wp-json\/wp\/v2\/comments?post=154956"}],"version-history":[{"count":0,"href":"https:\/\/www.europesays.com\/pt\/wp-json\/wp\/v2\/posts\/154956\/revisions"}],"wp:featuredmedia":[{"embeddable":true,"href":"https:\/\/www.europesays.com\/pt\/wp-json\/wp\/v2\/media\/154957"}],"wp:attachment":[{"href":"https:\/\/www.europesays.com\/pt\/wp-json\/wp\/v2\/media?parent=154956"}],"wp:term":[{"taxonomy":"category","embeddable":true,"href":"https:\/\/www.europesays.com\/pt\/wp-json\/wp\/v2\/categories?post=154956"},{"taxonomy":"post_tag","embeddable":true,"href":"https:\/\/www.europesays.com\/pt\/wp-json\/wp\/v2\/tags?post=154956"}],"curies":[{"name":"wp","href":"https:\/\/api.w.org\/{rel}","templated":true}]}}