{"id":154964,"date":"2025-11-17T11:39:17","date_gmt":"2025-11-17T11:39:17","guid":{"rendered":"https:\/\/www.europesays.com\/pt\/154964\/"},"modified":"2025-11-17T11:39:17","modified_gmt":"2025-11-17T11:39:17","slug":"trabalhadores-dos-portos-avancam-para-nova-greve-no-final-da-semana","status":"publish","type":"post","link":"https:\/\/www.europesays.com\/pt\/154964\/","title":{"rendered":"Trabalhadores dos portos avan\u00e7am para nova greve no final da semana"},"content":{"rendered":"<p>        Est\u00e3o marcadas mais tr\u00eas semanas de paralisa\u00e7\u00e3o, em per\u00edodos intercalados, a partir de 21 de novembro. A Associa\u00e7\u00e3o dos Agentes de Navega\u00e7\u00e3o avisa para o impacto nas empresas de cruzeiros.    <\/p>\n<p>Ainda a anterior paralisa\u00e7\u00e3o dos portos n\u00e3o tinha terminado e o Sindicato Nacional dos Trabalhadores das Administra\u00e7\u00f5es Portu\u00e1rias j\u00e1 apontava baterias para a pr\u00f3xima: h\u00e1 mais um pr\u00e9-aviso de greve, de per\u00edodos intercalados, para come\u00e7ar esta sexta-feira, 21 de novembro. Tem a dura\u00e7\u00e3o prevista de tr\u00eas semanas.<\/p>\n<p>O sindicato justifica a insist\u00eancia nas greves \u2014 terceira este ano, depois de junho\/julho e outubro\/novembro \u2014 com a \u201creiterada e incompreens\u00edvel posi\u00e7\u00e3o do Minist\u00e9rio das Finan\u00e7as que, h\u00e1 j\u00e1 muitos meses, impede que seja cumprido o acordo celebrado em 18 de dezembro de 2024, entre este Sindicato e todas as Administra\u00e7\u00f5es Portu\u00e1rias (por proposta das mesmas)\u201d.<\/p>\n<p>Marcada para seis per\u00edodos diferentes, a greve abrange os dias 21, 22, 25, 26, 28 e 29 de novembro, bem como 2, 3, 4, 9, 12 e 13 de dezembro, estando previstos servi\u00e7os m\u00ednimos. De fora ficam os portos da Madeira e dos A\u00e7ores, bem como as opera\u00e7\u00f5es em Portugal continental por parte de navios de mercadorias que tenham como destino ou proveni\u00eancia os dois arquip\u00e9lagos.<\/p>\n<p><strong>Greves afetam sobretudo cruzeiros<\/strong><\/p>\n<p>Na \u00faltima greve (em que n\u00e3o foi feito qualquer balan\u00e7o pelo sindicato ou pelas administra\u00e7\u00f5es dos portos), houve \u201cpelo menos, umas 30 ou 40 escalas canceladas\u201d, revela Ant\u00f3nio Belmar da Costa, presidente da Associa\u00e7\u00e3o dos Agentes de Navega\u00e7\u00e3o de Portugal (AGEPOR), ao Jornal Econ\u00f3mico.<\/p>\n<p>S\u00e3o \u201csobretudo cruzeiros\u201d, porque os navios de mercadorias \u201cse n\u00e3o v\u00eam amanh\u00e3, v\u00eam \u00e0 tarde\u201d. E o impacto foi \u201csignificativo, na ordem dos milh\u00f5es\u201d de euros, entre efeitos diretos e indiretos. \u201cTem de perceber que, se a n\u00edvel macro, 20 ou 30 escalas ao longo do ano n\u00e3o s\u00e3o muito significativas, para uma empresa, duas ou tr\u00eas escalas s\u00e3o significativas, t\u00eam impacto nas receitas\u201d, salienta Ant\u00f3nio Belmar da Costa. \u201cN\u00f3s estamos a falar, essencialmente, das lanchas \u2014 o servi\u00e7o que leva os pilotos para o bordo dos navios. Esses servi\u00e7os deixam de acontecer e paralisam completamente o porto. Meia d\u00fazia de pessoas\u201d, lamenta ainda.<\/p>\n<p>Para esta nova paralisa\u00e7\u00e3o, o respons\u00e1vel diz estar \u201cmuito preocupado\u201d porque \u00e9 tamb\u00e9m \u201cuma quest\u00e3o de imagem e reputa\u00e7\u00e3o\u201d \u2014 os armadores \u201cv\u00e3o-se afastando cada vez mais e depois vai ser complicado retomar\u201d, afirma Ant\u00f3nio Belmar da Costa.<\/p>\n<p>O presidente da AGEPOR, que antev\u00ea mais escalas canceladas a partir de dia 21, deixa cr\u00edticas ao Governo, porque havia \u201cum entendimento entre as administra\u00e7\u00f5es portu\u00e1rias e o sindicato\u201d com \u201ca ben\u00e7\u00e3o da tutela\u201d. Agora, por\u00e9m, \u201co que parece \u00e9 que as Finan\u00e7as n\u00e3o est\u00e3o a dar a ben\u00e7\u00e3o ao Minist\u00e9rio das Infraestruturas\u201d, afirma Ant\u00f3nio Belmar da Costa, concluindo que \u201cn\u00e3o se est\u00e1 a honrar o que foi prometido\u201d.<\/p>\n<p>\u201cDeveriam honrar o compromisso, que parece ter existido, pelas informa\u00e7\u00f5es que temos. N\u00e3o podemos ter um governo das Infraestruturas e um governo das Finan\u00e7as. Eu acho que o Governo tem de falar a uma s\u00f3 voz\u201d, atira o representante dos agentes de navega\u00e7\u00e3o.<\/p>\n","protected":false},"excerpt":{"rendered":"Est\u00e3o marcadas mais tr\u00eas semanas de paralisa\u00e7\u00e3o, em per\u00edodos intercalados, a partir de 21 de novembro. A Associa\u00e7\u00e3o&hellip;\n","protected":false},"author":2,"featured_media":154965,"comment_status":"","ping_status":"","sticky":false,"template":"","format":"standard","meta":{"footnotes":""},"categories":[50],"tags":[27,28,29818,15,16,301,10027,14,25,26,21,22,4468,18650,62,12,13,19,20,7263,23,24,17,18,29,30,31,63,64,65],"class_list":{"0":"post-154964","1":"post","2":"type-post","3":"status-publish","4":"format-standard","5":"has-post-thumbnail","7":"category-mundo","8":"tag-breaking-news","9":"tag-breakingnews","10":"tag-cruzeiros","11":"tag-featured-news","12":"tag-featurednews","13":"tag-governo","14":"tag-greves","15":"tag-headlines","16":"tag-latest-news","17":"tag-latestnews","18":"tag-main-news","19":"tag-mainnews","20":"tag-ministerio-das-financas","21":"tag-ministerio-das-infraestruturas","22":"tag-mundo","23":"tag-news","24":"tag-noticias","25":"tag-noticias-principais","26":"tag-noticiasprincipais","27":"tag-portos","28":"tag-principais-noticias","29":"tag-principaisnoticias","30":"tag-top-stories","31":"tag-topstories","32":"tag-ultimas","33":"tag-ultimas-noticias","34":"tag-ultimasnoticias","35":"tag-world","36":"tag-world-news","37":"tag-worldnews"},"share_on_mastodon":{"url":"https:\/\/pubeurope.com\/@pt\/115564849632168358","error":""},"_links":{"self":[{"href":"https:\/\/www.europesays.com\/pt\/wp-json\/wp\/v2\/posts\/154964","targetHints":{"allow":["GET"]}}],"collection":[{"href":"https:\/\/www.europesays.com\/pt\/wp-json\/wp\/v2\/posts"}],"about":[{"href":"https:\/\/www.europesays.com\/pt\/wp-json\/wp\/v2\/types\/post"}],"author":[{"embeddable":true,"href":"https:\/\/www.europesays.com\/pt\/wp-json\/wp\/v2\/users\/2"}],"replies":[{"embeddable":true,"href":"https:\/\/www.europesays.com\/pt\/wp-json\/wp\/v2\/comments?post=154964"}],"version-history":[{"count":0,"href":"https:\/\/www.europesays.com\/pt\/wp-json\/wp\/v2\/posts\/154964\/revisions"}],"wp:featuredmedia":[{"embeddable":true,"href":"https:\/\/www.europesays.com\/pt\/wp-json\/wp\/v2\/media\/154965"}],"wp:attachment":[{"href":"https:\/\/www.europesays.com\/pt\/wp-json\/wp\/v2\/media?parent=154964"}],"wp:term":[{"taxonomy":"category","embeddable":true,"href":"https:\/\/www.europesays.com\/pt\/wp-json\/wp\/v2\/categories?post=154964"},{"taxonomy":"post_tag","embeddable":true,"href":"https:\/\/www.europesays.com\/pt\/wp-json\/wp\/v2\/tags?post=154964"}],"curies":[{"name":"wp","href":"https:\/\/api.w.org\/{rel}","templated":true}]}}