{"id":154972,"date":"2025-11-17T11:47:13","date_gmt":"2025-11-17T11:47:13","guid":{"rendered":"https:\/\/www.europesays.com\/pt\/154972\/"},"modified":"2025-11-17T11:47:13","modified_gmt":"2025-11-17T11:47:13","slug":"black-panther-3-e-o-proximo-filme-de-ryan-coogler","status":"publish","type":"post","link":"https:\/\/www.europesays.com\/pt\/154972\/","title":{"rendered":"Black Panther 3 \u00e9 o pr\u00f3ximo filme de Ryan Coogler"},"content":{"rendered":"<p>&#13;<br \/>\nRyan Coogler conquistou recentemente as audi\u00eancias com Sinners, um dos grandes sucessos de Hollywood em 2025, mas ap\u00f3s uma pausa de 3 anos, parece mais do que pronto para voltar \u00e0 Marvel Studios.&#13;\n<\/p>\n<p>&#13;<br \/>\nNum recente evento organizado pelo Deadline, Coogler foi questionado sobre o atual momento da sua carreira e se o sucesso de Sinners interfere com o seu eventual trabalho no pr\u00f3ximo filme para Marvel Studios, o que o levou a responder que j\u00e1 trabalha novamente nesse universo.&#13;\n<\/p>\n<p>&#13;<br \/>\nCoogler revelou que Black Panther 3 \u00e9 o seu pr\u00f3ximo filme pois na sua resposta \u00e0 quest\u00e3o, disse que normalmente responderia que &#8220;n\u00e3o posso confirmar nem negar&#8221;, mas desta vez decidiu responder que &#8220;estamos a trabalhar arduamente nele&#8230;sim, \u00e9 o pr\u00f3ximo filme.&#8221;&#13;\n<\/p>\n<p>&#13;<br \/>\nPor enquanto, ainda n\u00e3o temos detalhes de Black Panther 3, mas Denzel Washington j\u00e1 confirmou que est\u00e1 no elenco.&#13;<\/p>\n","protected":false},"excerpt":{"rendered":"&#13; Ryan Coogler conquistou recentemente as audi\u00eancias com Sinners, um dos grandes sucessos de Hollywood em 2025, mas&hellip;\n","protected":false},"author":2,"featured_media":154973,"comment_status":"","ping_status":"","sticky":false,"template":"","format":"standard","meta":{"footnotes":""},"categories":[140],"tags":[114,115,147,148,146,32,33],"class_list":{"0":"post-154972","1":"post","2":"type-post","3":"status-publish","4":"format-standard","5":"has-post-thumbnail","7":"category-filmes","8":"tag-entertainment","9":"tag-entretenimento","10":"tag-film","11":"tag-filmes","12":"tag-movies","13":"tag-portugal","14":"tag-pt"},"share_on_mastodon":{"url":"https:\/\/pubeurope.com\/@pt\/115564880969744565","error":""},"_links":{"self":[{"href":"https:\/\/www.europesays.com\/pt\/wp-json\/wp\/v2\/posts\/154972","targetHints":{"allow":["GET"]}}],"collection":[{"href":"https:\/\/www.europesays.com\/pt\/wp-json\/wp\/v2\/posts"}],"about":[{"href":"https:\/\/www.europesays.com\/pt\/wp-json\/wp\/v2\/types\/post"}],"author":[{"embeddable":true,"href":"https:\/\/www.europesays.com\/pt\/wp-json\/wp\/v2\/users\/2"}],"replies":[{"embeddable":true,"href":"https:\/\/www.europesays.com\/pt\/wp-json\/wp\/v2\/comments?post=154972"}],"version-history":[{"count":0,"href":"https:\/\/www.europesays.com\/pt\/wp-json\/wp\/v2\/posts\/154972\/revisions"}],"wp:featuredmedia":[{"embeddable":true,"href":"https:\/\/www.europesays.com\/pt\/wp-json\/wp\/v2\/media\/154973"}],"wp:attachment":[{"href":"https:\/\/www.europesays.com\/pt\/wp-json\/wp\/v2\/media?parent=154972"}],"wp:term":[{"taxonomy":"category","embeddable":true,"href":"https:\/\/www.europesays.com\/pt\/wp-json\/wp\/v2\/categories?post=154972"},{"taxonomy":"post_tag","embeddable":true,"href":"https:\/\/www.europesays.com\/pt\/wp-json\/wp\/v2\/tags?post=154972"}],"curies":[{"name":"wp","href":"https:\/\/api.w.org\/{rel}","templated":true}]}}