{"id":154982,"date":"2025-11-17T11:56:12","date_gmt":"2025-11-17T11:56:12","guid":{"rendered":"https:\/\/www.europesays.com\/pt\/154982\/"},"modified":"2025-11-17T11:56:12","modified_gmt":"2025-11-17T11:56:12","slug":"quem-e-tania-maria-a-atriz-que-rouba-a-cena-como-dona-sebastiana-em-o-agente-secreto-r7-entretenimento","status":"publish","type":"post","link":"https:\/\/www.europesays.com\/pt\/154982\/","title":{"rendered":"Quem \u00e9 T\u00e2nia Maria, a atriz que rouba a cena como dona Sebastiana em \u2018O Agente Secreto\u2019 \u2013 R7 Entretenimento"},"content":{"rendered":"<p>LEIA AQUI O RESUMO DA NOT\u00cdCIA<\/p>\n<ul class=\"b-article-body-custom-embed-brief-news__list\" style=\"margin: 0; padding-left: 20px; list-style-type: disc;\">\n<li>T\u00e2nia Maria \u00e9 uma atriz de 78 anos que brilha como dona Sebastiana no filme &#8216;O Agente Secreto&#8217;.<\/li>\n<li>Ela foi descoberta durante as grava\u00e7\u00f5es de &#8216;Bacurau&#8217; e nunca tinha atuado antes.<\/li>\n<li>A atriz, que trabalhou como costureira, destaca a import\u00e2ncia de viver plenamente e n\u00e3o se considerar velha.<\/li>\n<li>Seu carisma conquistou o elenco, incluindo Wagner Moura, que elogiou sua performance e personalidade.<\/li>\n<\/ul>\n<p style=\"font-size: 0.8em; font-style: italic; text-align: right; margin-top: 15px; padding-bottom: 5px; margin-bottom: 0;\">Produzido pela Ri7a &#8211; a Intelig\u00eancia Artificial do R7<\/p>\n<p><img decoding=\"async\" data-chromatic=\"ignore\" alt=\"\" class=\"c-image\" loading=\"lazy\" src=\"https:\/\/www.europesays.com\/pt\/wp-content\/uploads\/2025\/11\/OT3NZGQT2BF5RN4RIMJAQKGCPQ.jpg\"  width=\"1200\" height=\"1200\"\/>T\u00e2nia Maria brilha como dona Sebastiana em &#8216;O Agente Secreto&#8217; Victor Juc\u00e1\/Divulga\u00e7\u00e3o <\/p>\n<p class=\"jarvics:base-text-neutral-high-400 base-text-[calc(theme(fontSize.xs)_*_var(--font-size,_1))] base-font-normal base-font-primary base-text-neutral-low-500 base-text-left\"><a href=\"https:\/\/www.r7.com\/tudo-sobre\/wagner-moura\/\" target=\"_self\" rel=\"nofollow noopener\" title=\"https:\/\/www.r7.com\/tudo-sobre\/wagner-moura\/\"><b>Wagner Moura<\/b><\/a> est\u00e1 excelente em <a href=\"https:\/\/www.r7.com\/tudo-sobre\/o-agente-secreto\/\" target=\"_self\" rel=\"nofollow noopener\" title=\"https:\/\/www.r7.com\/tudo-sobre\/o-agente-secreto\/\"><b>O Agente Secreto<\/b><\/a>. Mas quem rouba mesmo a cena \u00e9 <b>T\u00e2nia Maria<\/b>, que interpreta a <b>dona Sebastiana<\/b> no filme dirigido por <a href=\"https:\/\/www.r7.com\/tudo-sobre\/kleber-mendonca-filho\/\" target=\"_self\" rel=\"nofollow noopener\" title=\"https:\/\/www.r7.com\/tudo-sobre\/kleber-mendonca-filho\/\"><b>Kleber Mendon\u00e7a Filho<\/b><\/a>, em cartaz nos cinemas.<\/p>\n<p class=\"jarvics:base-text-neutral-high-400 base-text-[calc(theme(fontSize.xs)_*_var(--font-size,_1))] base-font-normal base-font-primary base-text-neutral-low-500 base-text-left\">Determinada, destemida, direta, acolhedora e engra\u00e7ada, dona Sebastiana \u00e9 um dos <b>alicerces morais do filme<\/b>. E tamb\u00e9m representa o que T\u00e2nia Maria \u00e9 na vida real.<\/p>\n<p class=\"jarvics:base-text-neutral-high-400 base-text-[calc(theme(fontSize.xs)_*_var(--font-size,_1))] base-font-normal base-font-primary base-text-neutral-low-500 base-text-left\">\u201cEu sou do jeito que t\u00e1 no filme. Gosto de acolher, gosto de brigar, de reclamar\u201d, disse a atriz, em conversa com a imprensa antes da estreia. <\/p>\n<p class=\"jarvics:base-text-neutral-high-400 base-text-[calc(theme(fontSize.xs)_*_var(--font-size,_1))] base-font-normal base-font-primary base-text-neutral-low-500 base-text-left\">Aos 78 anos, T\u00e2nia Maria <b>virou o xod\u00f3 do elenco<\/b>. E com raz\u00e3o. Ela esbanja carisma. <\/p>\n<p class=\"jarvics:base-text-neutral-high-400 base-text-[calc(theme(fontSize.xs)_*_var(--font-size,_1))] base-font-normal base-font-primary base-text-neutral-low-500 base-text-left\">\u201cA primeira cena que eu fiz foi dona T\u00e2nia mostrando o apartamento para mim. A gente j\u00e1 tinha ensaiado e tudo, j\u00e1 tava vendo essa mulher muito maravilhosa. Mas quando come\u00e7ou, voc\u00ea v\u00ea que na cena eu t\u00f4 s\u00f3 assim, olhando para ela. Que mulher incr\u00edvel \u00e9 essa? Impressionado, abestalhado, apaixonado por ela. Eu sou louco por ela. Essa mulher \u00e9 loucura\u201d, contou Wagner Moura.<\/p>\n<p>De figurante a estrela ap\u00f3s os 70 anos<\/p>\n<p class=\"jarvics:base-text-neutral-high-400 base-text-[calc(theme(fontSize.xs)_*_var(--font-size,_1))] base-font-normal base-font-primary base-text-neutral-low-500 base-text-left\">A atriz foi descoberta por Kleber Mendon\u00e7a Filho h\u00e1 seis anos, nas filmagens de <b>Bacurau<\/b>. O trabalho como figurante foi o primeiro de T\u00e2nia Maria no cinema. Ela nunca tinha atuado antes.<\/p>\n<p class=\"jarvics:base-text-neutral-high-400 base-text-[calc(theme(fontSize.xs)_*_var(--font-size,_1))] base-font-normal base-font-primary base-text-neutral-low-500 base-text-left\">Depois disso, ela conseguiu pap\u00e9is nos filmes Seu Cavalcante e Almeidinha. Mas o brilho veio mesmo com O Agente Secreto.<\/p>\n<p class=\"jarvics:base-text-neutral-high-400 base-text-[calc(theme(fontSize.xs)_*_var(--font-size,_1))] base-font-normal base-font-primary base-text-neutral-low-500 base-text-left\">Nascida no <a href=\"https:\/\/www.r7.com\/tudo-sobre\/rio-grande-do-norte\/\" target=\"_self\" rel=\"nofollow noopener\" title=\"https:\/\/www.r7.com\/tudo-sobre\/rio-grande-do-norte\/\">Rio Grande do Norte<\/a> e moradora do vilarejo de Santo Ant\u00f4nio da Cobra, em Parelhas, no agreste potiguar, ela trabalhou como costureira antes de se tornar artes\u00e3, criando principalmente <b>tapetinhos para banheiro<\/b> (e fez quest\u00e3o, \u00e9 claro, de presentear Wagner Moura com um deles).<\/p>\n<p>Recado para a vida<\/p>\n<p class=\"jarvics:base-text-neutral-high-400 base-text-[calc(theme(fontSize.xs)_*_var(--font-size,_1))] base-font-normal base-font-primary base-text-neutral-low-500 base-text-left\">E dona T\u00e2nia esbanja vitalidade. Ela at\u00e9 parou de fumar, depois de 65 anos, para poder viajar na campanha de divulga\u00e7\u00e3o do filme. E sobre a idade, ela tem um recado:<\/p>\n<p class=\"jarvics:base-text-neutral-high-400 base-text-[calc(theme(fontSize.xs)_*_var(--font-size,_1))] base-font-normal base-font-primary base-text-neutral-low-500 base-text-left\">\u201cA idade \u00e9 o que a pessoa quer. Se voc\u00ea quer ser velha, fica velha. N\u00e3o sou velha. Eu costuro, eu decoro as coisas. Ent\u00e3o eu trabalho, eu n\u00e3o sou velha. Tu nunca pense que ningu\u00e9m \u00e9 velho. Queira viver. O neg\u00f3cio \u00e9 viver. Viva a sua vida\u201d, ensina dona T\u00e2nia.<\/p>\n<p class=\"jarvics:base-text-neutral-high-400 base-text-[calc(theme(fontSize.xs)_*_var(--font-size,_1))] base-font-normal base-font-primary base-text-neutral-low-500 base-text-left\">\ud83d\udc49 <b>Siga o Cinema de Segunda no <\/b><a href=\"https:\/\/www.instagram.com\/cinemadesegunda\/\" target=\"_blank\" rel=\"nofollow noopener\" title=\"https:\/\/www.instagram.com\/cinemadesegunda\/\"><b>Instagram<\/b><\/a><b>, no <\/b><a href=\"https:\/\/www.youtube.com\/@CinemadeSegunda\" target=\"_blank\" rel=\"nofollow noopener\" title=\"https:\/\/www.youtube.com\/@CinemadeSegunda\"><b>YouTube<\/b><\/a><b> e no <\/b><a href=\"https:\/\/www.tiktok.com\/@cinemadesegunda\" target=\"_blank\" rel=\"nofollow noopener\" title=\"https:\/\/www.tiktok.com\/@cinemadesegunda\"><b>TikTok<\/b><\/a><b>!<\/b><\/p>\n<p class=\"jarvics:base-text-neutral-high-400 base-text-[calc(theme(fontSize.xs)_*_var(--font-size,_1))] base-font-normal base-font-primary base-text-neutral-low-500 base-text-left\"><b>\u2705Para saber tudo do mundo dos famosos, <\/b><a href=\"https:\/\/whatsapp.com\/channel\/0029Va9UfKcHQbRyCyhPt71R\" rel=\"nofollow noopener\" title=\"https:\/\/whatsapp.com\/channel\/0029Va9UfKcHQbRyCyhPt71R\" target=\"_blank\"><b>siga o canal de entretenimento do R7<\/b><\/a><b>, o portal de not\u00edcias da Record, no WhatsApp<\/b><\/p>\n<p>Os textos aqui publicados <strong>n\u00e3o refletem<\/strong> necessariamente a opini\u00e3o do<strong> Grupo Record<\/strong>.<\/p>\n<p><script async src=\"\/\/www.instagram.com\/embed.js\"><\/script><script async src=\"\/\/www.tiktok.com\/embed.js\"><\/script><\/p>\n","protected":false},"excerpt":{"rendered":"LEIA AQUI O RESUMO DA NOT\u00cdCIA T\u00e2nia Maria \u00e9 uma atriz de 78 anos que brilha como dona&hellip;\n","protected":false},"author":2,"featured_media":154983,"comment_status":"","ping_status":"","sticky":false,"template":"","format":"standard","meta":{"footnotes":""},"categories":[145],"tags":[211,210,470,6724,5932,114,115,2158,32,33],"class_list":{"0":"post-154982","1":"post","2":"type-post","3":"status-publish","4":"format-standard","5":"has-post-thumbnail","7":"category-celebridades","8":"tag-celebridades","9":"tag-celebrities","10":"tag-cinema","11":"tag-cinema-brasileiro","12":"tag-cultura-pop","13":"tag-entertainment","14":"tag-entretenimento","15":"tag-o-agente-secreto","16":"tag-portugal","17":"tag-pt"},"share_on_mastodon":{"url":"https:\/\/pubeurope.com\/@pt\/115564916805022054","error":""},"_links":{"self":[{"href":"https:\/\/www.europesays.com\/pt\/wp-json\/wp\/v2\/posts\/154982","targetHints":{"allow":["GET"]}}],"collection":[{"href":"https:\/\/www.europesays.com\/pt\/wp-json\/wp\/v2\/posts"}],"about":[{"href":"https:\/\/www.europesays.com\/pt\/wp-json\/wp\/v2\/types\/post"}],"author":[{"embeddable":true,"href":"https:\/\/www.europesays.com\/pt\/wp-json\/wp\/v2\/users\/2"}],"replies":[{"embeddable":true,"href":"https:\/\/www.europesays.com\/pt\/wp-json\/wp\/v2\/comments?post=154982"}],"version-history":[{"count":0,"href":"https:\/\/www.europesays.com\/pt\/wp-json\/wp\/v2\/posts\/154982\/revisions"}],"wp:featuredmedia":[{"embeddable":true,"href":"https:\/\/www.europesays.com\/pt\/wp-json\/wp\/v2\/media\/154983"}],"wp:attachment":[{"href":"https:\/\/www.europesays.com\/pt\/wp-json\/wp\/v2\/media?parent=154982"}],"wp:term":[{"taxonomy":"category","embeddable":true,"href":"https:\/\/www.europesays.com\/pt\/wp-json\/wp\/v2\/categories?post=154982"},{"taxonomy":"post_tag","embeddable":true,"href":"https:\/\/www.europesays.com\/pt\/wp-json\/wp\/v2\/tags?post=154982"}],"curies":[{"name":"wp","href":"https:\/\/api.w.org\/{rel}","templated":true}]}}