{"id":154986,"date":"2025-11-17T11:59:12","date_gmt":"2025-11-17T11:59:12","guid":{"rendered":"https:\/\/www.europesays.com\/pt\/154986\/"},"modified":"2025-11-17T11:59:12","modified_gmt":"2025-11-17T11:59:12","slug":"vem-ai-em-terra-forte-flor-recusa-ficar-com-sammy-por-ter-uma-divida-de-gratidao-com-antonio-novelas","status":"publish","type":"post","link":"https:\/\/www.europesays.com\/pt\/154986\/","title":{"rendered":"Vem a\u00ed em \u00abTerra Forte\u00bb: Flor recusa ficar com Sammy, por ter uma d\u00edvida de gratid\u00e3o com Ant\u00f3nio &#8211; Novelas"},"content":{"rendered":"<p>Em \u00abTerra Forte\u00bb, <a href=\"https:\/\/tvi.iol.pt\/novelas\/videos\/terra-forte-no-dia-do-seu-aniversario-flor-recebe-uma-visita-inesperada\/68f65c7a0cf29d28d82976c8\" rel=\"nofollow noopener\" target=\"_blank\">Flor (Benedita Pereira)<\/a>\u00a0senta-se na sala sem conseguir tirar <a href=\"https:\/\/tvi.iol.pt\/novelas\/videos\/terra-forte-sammy-fica-sem-chao-ao-descobrir-que-flor-e-a-mae-de-rosinha\/68f7b83e0cf29d28d8297a75\" rel=\"nofollow noopener\" target=\"_blank\">Sammy (Jos\u00e9 Fidalgo)<\/a>\u00a0dos seus pensamentos. Estaca tensa ao v\u00ea-lo \u00e0 sua frente.<\/p>\n<p>Sammy puxa Flor para a biblioteca e beijam-se apaixonadamente.<\/p>\n<p>Sammy olha apaixonado para Flor, mas ela mostra-se culpada. Sammy diz a Flor que pretende ficar com ela, deixando-a at\u00f3nita.<\/p>\n<p>Flor diz a Sammy que \u00e9 imposs\u00edvel ficarem juntos por ter uma d\u00edvida de gratid\u00e3o com <a href=\"https:\/\/tvi.iol.pt\/novelas\/videos\/terra-forte-emocionante-antonio-e-flor-trocam-juras-de-amor\/68f7b89d0cf29d28d8297a77\" rel=\"nofollow noopener\" target=\"_blank\">Ant\u00f3nio (Jo\u00e3o Catarr\u00e9)<\/a>, que a protegeu a vida toda e ter sido ele quem a salvou de morrer quando caiu do cruzeiro.<\/p>\n<p>Sammy diz a Flor que ela n\u00e3o pode fugir \u00e0 atra\u00e7\u00e3o que sentem um pelo outro, ficando em choque por Flor dizer que a rela\u00e7\u00e3o deles se limita a desejo, e que com Ant\u00f3nio \u00e9 muito mais que isso, indo continuar com ele por ser com o marido que se sente segura e protegida.<\/p>\n<p>Flor continua a argumentar a Sammy n\u00e3o fazer sentido que ele pense que v\u00e3o ficar juntos por ele lhe ser um completo estranho. Sammy insiste que ela \u00e9 a mulher da sua vida, mas Flor vinca que vai mesmo continuar com Ant\u00f3nio.<\/p>\n<p>Recorde o momento em que Ant\u00f3nio salvou Flor:<\/p>\n","protected":false},"excerpt":{"rendered":"Em \u00abTerra Forte\u00bb, Flor (Benedita Pereira)\u00a0senta-se na sala sem conseguir tirar Sammy (Jos\u00e9 Fidalgo)\u00a0dos seus pensamentos. Estaca tensa&hellip;\n","protected":false},"author":2,"featured_media":154987,"comment_status":"","ping_status":"","sticky":false,"template":"","format":"standard","meta":{"footnotes":""},"categories":[142],"tags":[160,27121,7951,166,114,115,157,167,978,2727,164,161,158,165,159,32,33,156,26751,18614,163,151,162],"class_list":{"0":"post-154986","1":"post","2":"type-post","3":"status-publish","4":"format-standard","5":"has-post-thumbnail","7":"category-tv","8":"tag-ana-guiomar","9":"tag-antonio","10":"tag-benedita-pereira","11":"tag-cristina-ferreira","12":"tag-entertainment","13":"tag-entretenimento","14":"tag-festa-e-festa","15":"tag-ficcao","16":"tag-flor","17":"tag-joao-catarre","18":"tag-jose-fidalgo","19":"tag-novelas","20":"tag-para-sempre","21":"tag-pedro-sousa","22":"tag-pedro-teixeira","23":"tag-portugal","24":"tag-pt","25":"tag-queridos-papas","26":"tag-sammy","27":"tag-terra-forte","28":"tag-tiago-teotonio-pereira","29":"tag-tv","30":"tag-tvi"},"share_on_mastodon":{"url":"https:\/\/pubeurope.com\/@pt\/115564928169271499","error":""},"_links":{"self":[{"href":"https:\/\/www.europesays.com\/pt\/wp-json\/wp\/v2\/posts\/154986","targetHints":{"allow":["GET"]}}],"collection":[{"href":"https:\/\/www.europesays.com\/pt\/wp-json\/wp\/v2\/posts"}],"about":[{"href":"https:\/\/www.europesays.com\/pt\/wp-json\/wp\/v2\/types\/post"}],"author":[{"embeddable":true,"href":"https:\/\/www.europesays.com\/pt\/wp-json\/wp\/v2\/users\/2"}],"replies":[{"embeddable":true,"href":"https:\/\/www.europesays.com\/pt\/wp-json\/wp\/v2\/comments?post=154986"}],"version-history":[{"count":0,"href":"https:\/\/www.europesays.com\/pt\/wp-json\/wp\/v2\/posts\/154986\/revisions"}],"wp:featuredmedia":[{"embeddable":true,"href":"https:\/\/www.europesays.com\/pt\/wp-json\/wp\/v2\/media\/154987"}],"wp:attachment":[{"href":"https:\/\/www.europesays.com\/pt\/wp-json\/wp\/v2\/media?parent=154986"}],"wp:term":[{"taxonomy":"category","embeddable":true,"href":"https:\/\/www.europesays.com\/pt\/wp-json\/wp\/v2\/categories?post=154986"},{"taxonomy":"post_tag","embeddable":true,"href":"https:\/\/www.europesays.com\/pt\/wp-json\/wp\/v2\/tags?post=154986"}],"curies":[{"name":"wp","href":"https:\/\/api.w.org\/{rel}","templated":true}]}}