{"id":154988,"date":"2025-11-17T12:01:33","date_gmt":"2025-11-17T12:01:33","guid":{"rendered":"https:\/\/www.europesays.com\/pt\/154988\/"},"modified":"2025-11-17T12:01:33","modified_gmt":"2025-11-17T12:01:33","slug":"hyuna-atualiza-estado-de-saude-apos-desmaiar-no-palco","status":"publish","type":"post","link":"https:\/\/www.europesays.com\/pt\/154988\/","title":{"rendered":"HyunA atualiza estado de sa\u00fade ap\u00f3s desmaiar no palco"},"content":{"rendered":"<p>A idol <strong><a href=\"https:\/\/recreio.com.br\/tags\/hyuna\" rel=\"nofollow noopener\" target=\"_blank\">HyunA<\/a> <\/strong>causou preocupa\u00e7\u00e3o ao passar mal no palco, desmaiar e ter o show interrompido durante o festival WATERBOMB MACAO 2025 realizado em Macau no \u00faltimo final de semana. Na madrugada desta segunda-feira, 10, ela contou como est\u00e1 de sa\u00fade em uma carta aberta.<\/p>\n<p>Durante a apresenta\u00e7\u00e3o de seu hit \u201cBubble Pop\u201d, a artista perdeu a consci\u00eancia e precisou ser retirada do palco com a ajuda dos dan\u00e7arinos e dos seguran\u00e7as do local. A causa do desmaio ainda \u00e9 desconhecida, por\u00e9m, alguns fatos ligam o acontecimento \u00e0 dieta extrema realizada por <strong>HyunA<\/strong> revelada pela cantora em 4 de novembro, e que resultou na perda de 10 quilos em um m\u00eas. Na <a href=\"https:\/\/www.instagram.com\/p\/DQ1oCTLj4FP\/\" rel=\"nofollow noopener\" target=\"_blank\">carta publicada em seu Instagram<\/a>, a ex-integrante do 4Minute pediu desculpas e iniciou:<\/p>\n<blockquote>\n<p>\u201cEmbora tenha passado pouco tempo desde minha \u00faltima apresenta\u00e7\u00e3o, eu queria dar a voc\u00eas uma \u00f3tima performance, mas n\u00e3o sinto que consegui ser profissional e, para ser sincera, n\u00e3o me lembro de nada.\u201d<\/p>\n<\/blockquote>\n<p>Ela seguiu no pedido de desculpas e se disse \u201carrependida\u201d por desmaiar, e ter feito com que os f\u00e3s que pagaram a apresenta\u00e7\u00e3o assistissem a um show incompleto. <strong>HyunA<\/strong> disse que tentar\u00e1 melhorar sua \u201cresist\u00eancia\u201d e ir\u00e1 se esfor\u00e7ar para uma compensa\u00e7\u00e3o. A idol agradeceu pelo carinho que recebe dos f\u00e3s e por fim, afirmou que est\u00e1 bem e que n\u00e3o \u00e9 necess\u00e1ria nenhuma preocupa\u00e7\u00e3o, finalizando o recado dizendo que todos \u201cdurmam bem\u201d.<\/p>\n<blockquote>\n<p>\u201cVou tentar melhorar minha resist\u00eancia e me esfor\u00e7ar bastante no futuro. Seria incr\u00edvel se tudo sa\u00edsse como eu quero, mas vou me empenhar ao m\u00e1ximo! Quero agradecer por sempre me adorarem, me amarem e me valorizarem desde que eu era crian\u00e7a, apesar das minhas falhas.\u201d<\/p>\n<\/blockquote>\n<p> <strong>Mais sobre HyunA<\/strong> <\/p>\n<p>Extremamente conhecida na ind\u00fastria do k-pop, <strong><a href=\"https:\/\/pt.wikipedia.org\/wiki\/Kim_Hyun-ah\" rel=\"nofollow noopener\" target=\"_blank\">HyunA<\/a> <\/strong>possui uma carreira de quase 20 anos, passando por diversas experi\u00eancias. Cantora, rapper, compositora e dan\u00e7arina, a idol debutou em 2007 como parte do Wonder Girls. Depois, fez parte do 4Minute, e se separou do girlgroup em 2016. \u201cBubble Pop\u201d foi seu primeiro hit solo, com o v\u00eddeo ultrapassando rapidamente os 100 milh\u00f5es de visualiza\u00e7\u00f5es. Atualmente, a artista est\u00e1 na empresa <a href=\"http:\/\/atareaofficial.com\/\" rel=\"nofollow noopener\" target=\"_blank\">AT AREA<\/a>, e seu comeback mais recente \u00e9 de 2025 com a faixa \u201cMrs.Nails.\u201d<\/p>\n<p>\t                                            <script async src=\"\/\/www.instagram.com\/embed.js\"><\/script><\/p>\n","protected":false},"excerpt":{"rendered":"A idol HyunA causou preocupa\u00e7\u00e3o ao passar mal no palco, desmaiar e ter o show interrompido durante o&hellip;\n","protected":false},"author":2,"featured_media":154989,"comment_status":"","ping_status":"","sticky":false,"template":"","format":"standard","meta":{"footnotes":""},"categories":[141],"tags":[114,115,33356,1688,149,150,32,33,117],"class_list":{"0":"post-154988","1":"post","2":"type-post","3":"status-publish","4":"format-standard","5":"has-post-thumbnail","7":"category-musica","8":"tag-entertainment","9":"tag-entretenimento","10":"tag-hyuna","11":"tag-k-pop","12":"tag-music","13":"tag-musica","14":"tag-portugal","15":"tag-pt","16":"tag-saude"},"share_on_mastodon":{"url":"https:\/\/pubeurope.com\/@pt\/115564936054794523","error":""},"_links":{"self":[{"href":"https:\/\/www.europesays.com\/pt\/wp-json\/wp\/v2\/posts\/154988","targetHints":{"allow":["GET"]}}],"collection":[{"href":"https:\/\/www.europesays.com\/pt\/wp-json\/wp\/v2\/posts"}],"about":[{"href":"https:\/\/www.europesays.com\/pt\/wp-json\/wp\/v2\/types\/post"}],"author":[{"embeddable":true,"href":"https:\/\/www.europesays.com\/pt\/wp-json\/wp\/v2\/users\/2"}],"replies":[{"embeddable":true,"href":"https:\/\/www.europesays.com\/pt\/wp-json\/wp\/v2\/comments?post=154988"}],"version-history":[{"count":0,"href":"https:\/\/www.europesays.com\/pt\/wp-json\/wp\/v2\/posts\/154988\/revisions"}],"wp:featuredmedia":[{"embeddable":true,"href":"https:\/\/www.europesays.com\/pt\/wp-json\/wp\/v2\/media\/154989"}],"wp:attachment":[{"href":"https:\/\/www.europesays.com\/pt\/wp-json\/wp\/v2\/media?parent=154988"}],"wp:term":[{"taxonomy":"category","embeddable":true,"href":"https:\/\/www.europesays.com\/pt\/wp-json\/wp\/v2\/categories?post=154988"},{"taxonomy":"post_tag","embeddable":true,"href":"https:\/\/www.europesays.com\/pt\/wp-json\/wp\/v2\/tags?post=154988"}],"curies":[{"name":"wp","href":"https:\/\/api.w.org\/{rel}","templated":true}]}}