{"id":154999,"date":"2025-11-17T12:15:18","date_gmt":"2025-11-17T12:15:18","guid":{"rendered":"https:\/\/www.europesays.com\/pt\/154999\/"},"modified":"2025-11-17T12:15:18","modified_gmt":"2025-11-17T12:15:18","slug":"novela-da-globo-sobre-musica-sertaneja-vai-mostrar-casos-de-assedio-contra-mulheres-uol","status":"publish","type":"post","link":"https:\/\/www.europesays.com\/pt\/154999\/","title":{"rendered":"Novela da Globo sobre m\u00fasica sertaneja vai mostrar casos de ass\u00e9dio contra mulheres &#8211; UOL"},"content":{"rendered":"<ol>\n<li><a href=\"https:\/\/news.google.com\/rss\/articles\/CBMi4gFBVV95cUxQVkNDZXd1YjRtcTVrU05xTnVmR2ZPQ0dERTg3ZnNyWTk1SFRKd3N4VGk0MjAxRGN4Zi1kRW9wYXZOTk1HdVA0OVRyMHpocUowZ1p5VlJ6WlFNMktkRWxNaTk0ZUp5WllSczM3djh3b3E2OU9qMWpKNzdzMnhnS3VHRFBaM1lfUi1ZTEcyX0FEMGdJcjhORF9JXzBkYTZyLUo4ZEQ3RUt1ZjR2YUlWcmRpNnlzUFFFTm1JQ3JvLWZ3MW92LXdHZVVuQUY0MkU1Vk41dDJ1OVdPRFlOMXJnV0ZYVXJB0gHnAUFVX3lxTE0xSng2SDVYNUptSWpRUHgyZ0dIZ1VCaElDMHhwX05nd2M5cWlhZDZ6SGg0aF9UODVQNkxtUnNnX1htM3NNa3otbnV5elBvdGlBb25tenI5ajJrODBvUDdQT1phRjNTNDZ1ekN6ZVVzYVQwXzlPazN4dnQtTVpobGVRMW8yeU40MmFucG5tLXp0ME5Za3o1QUxncUNnV2toNng3SUJqa0pLYUJqc0VRRko4TDJsZVJ1TDBDQXlTMjZNc1hhcGxUcGlNZ0RYSkZ0eGU0OS1EbmZMR1NxcTRYWmZNTUZxTHBCWQ?oc=5\" target=\"_blank\" rel=\"nofollow noopener\">Novela da Globo sobre m\u00fasica sertaneja vai mostrar casos de ass\u00e9dio contra mulheres<\/a>&nbsp;&nbsp;UOL<\/li>\n<li><a href=\"https:\/\/news.google.com\/rss\/articles\/CBMiggJBVV95cUxPeUtBN3BzMjNWc1B1VEpscVpIdnJ1aGRaU3R1bUc3dU5tYnMtbm9oaUo4M2M3NUpGRTJmTlZWTElvLXBuQ2NEYWRVTTdpQXBNNjZmb2JnM3E5bTZ6UkFCVGxpcnpfNFpmU3Z0VlJVR3ZwSUJhblY4aXZLb090b21SZFVKc0x5dlhXYTh0LUxjVTVLN3FrZ2JaMldMRURwOURKX2hmNmszWUE4SXQwbW9nWGVKa3Jzd0ZKbFoyTmVrbWpCd1pWZWptUTdYZXdfdW51c1lwUGtWR0Y1aEtET3EzMVFwa0pHQjl6c0o0VGh2enVmX1BieEFzR1paTjUxWHlYQVE?oc=5\" target=\"_blank\" rel=\"nofollow noopener\">&#8216;Cora\u00e7\u00e3o acelerado&#8217;: Antonio Calloni surge em primeira foto como pai do mocinho interpretado por Filipe Bragan\u00e7a<\/a>&nbsp;&nbsp;O Globo<\/li>\n<li><a href=\"https:\/\/news.google.com\/rss\/articles\/CBMitwFBVV95cUxOOG1zdE0zT19sZnBTRm1fNVQ3Z282cVdYVjdueTJsYzNJbEU2eS15LS1uUU56TFk0VWhUMGNlVFN3OFJfbFVDdngyWExhRDZlbGR4c0VfRlVXb054VlBERWtTdkVMWFQxV2I2U3RGNXNlSzFaN1B2U1lMX19lR3pqeUM5UnBzLU9CNjk3UjhJczBmM0lRMk1LTWpDUlYtbGtBWEhCc0xMREtmUXhZUkc3MVRrRFQzRTQ?oc=5\" target=\"_blank\" rel=\"nofollow noopener\">O que levou Isabelle Drummond a voltar \u00e0s novelas com \u2018Cora\u00e7\u00e3o Acelerado\u2019<\/a>&nbsp;&nbsp;VEJA<\/li>\n<li><a href=\"https:\/\/news.google.com\/rss\/articles\/CBMivAFBVV95cUxQVTgxa2NFLVZtN1FTY1Q3UmtVVEN5TzVLSTJSQ01fNGFoYUtwVHZpdXpKdjZqajJfZE10VENLVFpjQ1VZMUpmbXR2UnZEWTh1SkZEQ2FrTmNfYjJZQnF6MUhZRC04Yk1DaFV4Y0VhRm9QeHM0ZHRpQlV3RXJXSjIwY1Rnc3lMeFg0VnhRNEptQm5rUEp2eEFCTC1CRXI0dW5tQzROYVFTOWM5R2Z2X0pkaWxuS3JOaVBUMDBXZg?oc=5\" target=\"_blank\" rel=\"nofollow noopener\">Conhe\u00e7a a trajet\u00f3ria dos protagonistas da pr\u00f3xima trama das 19 horas da Globo<\/a>&nbsp;&nbsp;O Popular<\/li>\n<li><a href=\"https:\/\/news.google.com\/rss\/articles\/CBMijAJBVV95cUxOTGtHYzNwaHFINVRQVE9RY1dfVi1zdXROdDRFR1Q1UENEeDFibTJJWEJnYzd6OU9tbXFzYm80NGp1dDBQTXJ1eW1sZndtU1I2T2NEX2hQWTJBYm42eGEwU2ZVU0ZOQVRvdVJkWFlIcURvUUpOcjcwLXdQRWFSb01BQXZMNXZvZVZMZ0puTDk1X3pfYWVRbThmUHpHczdzbTJlZ05pY05rNERRRlVXYUhfQnF4NURBQ0xkVVYxVlFuX1dIS3ljd2lneFc1b2daZllUUUJsOVFaSHdOMDhzVy13RkRhNHpVa0Qwb0l2TzU0UVlUN3VFX0dGRWFxeC1QVF9Wcks1QWt4ZWUxRld0?oc=5\" target=\"_blank\" rel=\"nofollow noopener\">Carolina Ferreira, de 12 anos, estreia na Globo em Cora\u00e7\u00e3o Acelerado e encanta como a antagonista mirim da nova novela das sete<\/a>&nbsp;&nbsp;Revista Ana Maria<\/li>\n<\/ol>\n","protected":false},"excerpt":{"rendered":"Novela da Globo sobre m\u00fasica sertaneja vai mostrar casos de ass\u00e9dio contra mulheres&nbsp;&nbsp;UOL &#8216;Cora\u00e7\u00e3o acelerado&#8217;: Antonio Calloni surge&hellip;\n","protected":false},"author":2,"featured_media":155000,"comment_status":"","ping_status":"","sticky":false,"template":"","format":"standard","meta":{"footnotes":""},"categories":[142],"tags":[219,935,211,223,11259,114,115,224,225,226,753,221,220,222,5550,2931,32,33,3962,2566,218,228,151,227],"class_list":{"0":"post-154999","1":"post","2":"type-post","3":"status-publish","4":"format-standard","5":"has-post-thumbnail","7":"category-tv","8":"tag-bichos","9":"tag-canais-de-tv","10":"tag-celebridades","11":"tag-colunistas","12":"tag-corao-acelerado","13":"tag-entertainment","14":"tag-entretenimento","15":"tag-estranho","16":"tag-eu-amo","17":"tag-fofices","18":"tag-globo","19":"tag-horoscopo","20":"tag-humanos","21":"tag-humor","22":"tag-isadora-cruz","23":"tag-novela","24":"tag-portugal","25":"tag-pt","26":"tag-sertanejo","27":"tag-televiso","28":"tag-televisao","29":"tag-tudo","30":"tag-tv","31":"tag-videos"},"share_on_mastodon":{"url":"https:\/\/pubeurope.com\/@pt\/115564991174014547","error":""},"_links":{"self":[{"href":"https:\/\/www.europesays.com\/pt\/wp-json\/wp\/v2\/posts\/154999","targetHints":{"allow":["GET"]}}],"collection":[{"href":"https:\/\/www.europesays.com\/pt\/wp-json\/wp\/v2\/posts"}],"about":[{"href":"https:\/\/www.europesays.com\/pt\/wp-json\/wp\/v2\/types\/post"}],"author":[{"embeddable":true,"href":"https:\/\/www.europesays.com\/pt\/wp-json\/wp\/v2\/users\/2"}],"replies":[{"embeddable":true,"href":"https:\/\/www.europesays.com\/pt\/wp-json\/wp\/v2\/comments?post=154999"}],"version-history":[{"count":0,"href":"https:\/\/www.europesays.com\/pt\/wp-json\/wp\/v2\/posts\/154999\/revisions"}],"wp:featuredmedia":[{"embeddable":true,"href":"https:\/\/www.europesays.com\/pt\/wp-json\/wp\/v2\/media\/155000"}],"wp:attachment":[{"href":"https:\/\/www.europesays.com\/pt\/wp-json\/wp\/v2\/media?parent=154999"}],"wp:term":[{"taxonomy":"category","embeddable":true,"href":"https:\/\/www.europesays.com\/pt\/wp-json\/wp\/v2\/categories?post=154999"},{"taxonomy":"post_tag","embeddable":true,"href":"https:\/\/www.europesays.com\/pt\/wp-json\/wp\/v2\/tags?post=154999"}],"curies":[{"name":"wp","href":"https:\/\/api.w.org\/{rel}","templated":true}]}}