{"id":155009,"date":"2025-11-17T12:25:08","date_gmt":"2025-11-17T12:25:08","guid":{"rendered":"https:\/\/www.europesays.com\/pt\/155009\/"},"modified":"2025-11-17T12:25:08","modified_gmt":"2025-11-17T12:25:08","slug":"confirmado-portugal-vai-reinaugurar-um-dos-estadios-miticos-do-futebol","status":"publish","type":"post","link":"https:\/\/www.europesays.com\/pt\/155009\/","title":{"rendered":"Confirmado: Portugal vai reinaugurar um dos est\u00e1dios m\u00edticos do futebol"},"content":{"rendered":"<p>A not\u00edcia j\u00e1 tinha sido <strong><a href=\"https:\/\/maisfutebol.iol.pt\/selecao\/portugal\/selecao-mexico-anuncia-particular-com-portugal-antes-do-mundial-2026\" rel=\"nofollow noopener\" target=\"_blank\">avan\u00e7ada em outubro<\/a><\/strong>, mas como avan\u00e7a a imprensa mexicana por esta altura, agora est\u00e1 confirmado: a Sele\u00e7\u00e3o Nacional \u00e9 a convidada de luxo para a reinaugura\u00e7\u00e3o do m\u00edtico Est\u00e1dio Azteca.<\/p>\n<p>\u00abSabemos que Portugal est\u00e1 a ultimar o apuramento para o Muncial. Os pormenores t\u00e9cnicos ainda est\u00e3o pendentes, mas est\u00e1 tudo quase finalizado para que esteja na reabertura do Est\u00e1dio Azteca\u00bb, referiu na altura o comiss\u00e1rio da Federa\u00e7\u00e3o Mexicana de Futebol, Mikel Arraiola.<\/p>\n<p>Ora a imprensa mexicana garante que os pormenores t\u00e9cnicos que faltava acertar passavam pelo apuramento de Portugal para o Mundial 2026, condi\u00e7\u00e3o indispens\u00e1vel para ser o convidado de luxo para a inaugura\u00e7\u00e3o.<\/p>\n<p>Recorde-se que o Est\u00e1dio Azteca &#8211; que agora, por motivos comerciais, se chama Est\u00e1dio Banorte &#8211; \u00e9 o recinto onde Maradona fez o famoso golo com a m\u00e3o \u00e0 Inglaterra, sendo ainda considerado o palco dos dois melhores golos da hist\u00f3ria do futebol. Em primeiro lugar, o slalom individual de Maradona, tamb\u00e9m frente \u00e0 Inglaterra.<\/p>\n<p>E depois o fant\u00e1stico golo coletivo do Brasil, em 1970, na final frente \u00e0 It\u00e1lia, finalizado num remate cruzado de Carlos Alberto.<\/p>\n<p>Depois de Pel\u00e9 e de Maradona, ser\u00e1 a vez do Est\u00e1dio Azteca testemunhar agora o talento de Cristiano Ronaldo, que n\u00e3o deve querer perder a reinaugara\u00e7\u00e3o de um dos santu\u00e1rios do futebol, o recinto de todos no mundo que j\u00e1 recebeu mais jogos de Campeonatos do Mundo (19 partidas), incluindo duas finais nos Mundiais 1970 e 1986.<\/p>\n<p>Uns dias antes de jogar na Cidade do M\u00e9xico, a Sele\u00e7\u00e3o Nacional tem outro jogo particular, de prepara\u00e7\u00e3o para o Campeonato do mundo, este realizado nos Estados Unidos.\u00a0<\/p>\n","protected":false},"excerpt":{"rendered":"A not\u00edcia j\u00e1 tinha sido avan\u00e7ada em outubro, mas como avan\u00e7a a imprensa mexicana por esta altura, agora&hellip;\n","protected":false},"author":2,"featured_media":155010,"comment_status":"","ping_status":"","sticky":false,"template":"","format":"standard","meta":{"footnotes":""},"categories":[8],"tags":[33358,27,28,668,667,33359,15,16,14,25,26,21,22,46,1872,12,13,19,20,32,23,24,33,47,33360,669,4338,5420,17,18,29,30,31],"class_list":{"0":"post-155009","1":"post","2":"type-post","3":"status-publish","4":"format-standard","5":"has-post-thumbnail","7":"category-principais-noticias","8":"tag-azteca","9":"tag-breaking-news","10":"tag-breakingnews","11":"tag-cr7","12":"tag-cristiano-ronaldo","13":"tag-estadio-azteca","14":"tag-featured-news","15":"tag-featurednews","16":"tag-headlines","17":"tag-latest-news","18":"tag-latestnews","19":"tag-main-news","20":"tag-mainnews","21":"tag-maisfutebol","22":"tag-mexico","23":"tag-news","24":"tag-noticias","25":"tag-noticias-principais","26":"tag-noticiasprincipais","27":"tag-portugal","28":"tag-principais-noticias","29":"tag-principaisnoticias","30":"tag-pt","31":"tag-pura-paixao","32":"tag-reinauguracao","33":"tag-ronaldo","34":"tag-selecao","35":"tag-selecao-nacional","36":"tag-top-stories","37":"tag-topstories","38":"tag-ultimas","39":"tag-ultimas-noticias","40":"tag-ultimasnoticias"},"share_on_mastodon":{"url":"","error":"Validation failed: Text character limit of 500 exceeded"},"_links":{"self":[{"href":"https:\/\/www.europesays.com\/pt\/wp-json\/wp\/v2\/posts\/155009","targetHints":{"allow":["GET"]}}],"collection":[{"href":"https:\/\/www.europesays.com\/pt\/wp-json\/wp\/v2\/posts"}],"about":[{"href":"https:\/\/www.europesays.com\/pt\/wp-json\/wp\/v2\/types\/post"}],"author":[{"embeddable":true,"href":"https:\/\/www.europesays.com\/pt\/wp-json\/wp\/v2\/users\/2"}],"replies":[{"embeddable":true,"href":"https:\/\/www.europesays.com\/pt\/wp-json\/wp\/v2\/comments?post=155009"}],"version-history":[{"count":0,"href":"https:\/\/www.europesays.com\/pt\/wp-json\/wp\/v2\/posts\/155009\/revisions"}],"wp:featuredmedia":[{"embeddable":true,"href":"https:\/\/www.europesays.com\/pt\/wp-json\/wp\/v2\/media\/155010"}],"wp:attachment":[{"href":"https:\/\/www.europesays.com\/pt\/wp-json\/wp\/v2\/media?parent=155009"}],"wp:term":[{"taxonomy":"category","embeddable":true,"href":"https:\/\/www.europesays.com\/pt\/wp-json\/wp\/v2\/categories?post=155009"},{"taxonomy":"post_tag","embeddable":true,"href":"https:\/\/www.europesays.com\/pt\/wp-json\/wp\/v2\/tags?post=155009"}],"curies":[{"name":"wp","href":"https:\/\/api.w.org\/{rel}","templated":true}]}}