{"id":155029,"date":"2025-11-17T12:48:15","date_gmt":"2025-11-17T12:48:15","guid":{"rendered":"https:\/\/www.europesays.com\/pt\/155029\/"},"modified":"2025-11-17T12:48:15","modified_gmt":"2025-11-17T12:48:15","slug":"netflix-lancamentos-da-semana-17-a-23-de-novembro","status":"publish","type":"post","link":"https:\/\/www.europesays.com\/pt\/155029\/","title":{"rendered":"Netflix: lan\u00e7amentos da semana (17 a 23 de novembro)"},"content":{"rendered":"<p>Entre as produ\u00e7\u00f5es que chegam ao cat\u00e1logo da Netflix nesta semana, est\u00e3o o filme &#8220;O Filho de Mil Homens&#8221; e a s\u00e9rie &#8220;Um Espi\u00e3o Infiltrado&#8221;<\/p>\n<p><img decoding=\"async\" src=\"https:\/\/www.europesays.com\/pt\/wp-content\/uploads\/2025\/11\/Destaque-Lancamentos-da-semana-Netflix-17-a-23-de-novembro-1920x1080.jpg\" class=\"attachment-banner size-banner\" alt=\"Montagem com p\u00f4steres do filme Filho de Mil Homens e da s\u00e9rie Um Espi\u00e3o Infiltrado, ambos da Netflix\" loading=\"eager\" fetchpriority=\"high\" width=\"1920\" height=\"1080\"\/><br \/>\n\t\t\t(Imagem: Divulga\u00e7\u00e3o e Olhar Digital)<\/p>\n<p>Compartilhe esta mat\u00e9ria<\/p>\n<p class=\"fitec-embcmp\"><a href=\"https:\/\/profile.google.com\/cp\/CgsvZy8xMjFqY2oxMw\" target=\"_blank\" class=\"ftecmp-button\" rel=\"nofollow noopener\">Siga o Olhar Digital no Google Discover<\/a><\/p>\n<p>O <strong>Olhar Digital <\/strong>traz, todas as semanas, os principais<strong> lan\u00e7amentos da <\/strong><a href=\"https:\/\/olhardigital.com.br\/tag\/netflix\/\" target=\"_blank\" rel=\"noreferrer noopener nofollow\"><strong>Netfli<\/strong>x<\/a>. Nesta, voc\u00ea confere as produ\u00e7\u00f5es que chegam ao cat\u00e1logo do <a href=\"https:\/\/olhardigital.com.br\/tag\/streaming\/\" target=\"_blank\" rel=\"noreferrer noopener nofollow\">streaming<\/a> entre os dias 17 e 23 de novembro.<\/p>\n<p>Dentre as estreias, os assinantes poder\u00e3o assistir a t\u00edtulos como o drama nacional O Filho de Mil Homens, o document\u00e1rio de true crime O Mist\u00e9rio da Fam\u00edlia Carman e a segunda temporada de Um Espi\u00e3o Infiltrado. Tamb\u00e9m chega ao cat\u00e1logo da Netflix o filme A Grande Mentira, com Ian McKellen e Helen Mirren.<\/p>\n<p>Lan\u00e7amentos da Netflix de 17 a 23 de novembro<\/p>\n<p>Confira abaixo a lista completa de <a href=\"https:\/\/olhardigital.com.br\/tag\/lancamentos-da-semana-2\/\" target=\"_blank\" rel=\"noreferrer noopener nofollow\">lan\u00e7amentos<\/a> da Netflix no per\u00edodo de <strong>17 a 23 de novembro<\/strong>:<\/p>\n<p>Segunda-feira \u2013 17\/11<\/p>\n<ul>\n<li><strong>Selena y Los Dinos: Legado de Fam\u00edlia<\/strong>\n<ul>\n<li>Filme | Original Netflix | Document\u00e1rio | M\u00fasica | Ano de Lan\u00e7amento: 2025 (Estados Unidos)<\/li>\n<li>Com imagens in\u00e9ditas de arquivos pessoais, Selena y Los Dinos: Legado de Fam\u00edlia celebra a vida e a obra da Rainha da M\u00fasica Tejana Selena Quintanilla que, ao lado da fam\u00edlia, trabalhou, alcan\u00e7ou o sucesso e redefiniu g\u00eaneros.<\/li>\n<\/ul>\n<\/li>\n<\/ul>\n<ul>\n<li><strong>A Grande Mentira<\/strong>\n<ul>\n<li>Filme | Drama | Suspense | Ano de Lan\u00e7amento: 2019 (Canad\u00e1 e Estados Unidos)<\/li>\n<li>Num jogo de gato e rato, o golpista Roy Courtnay (Ian McKellen) n\u00e3o resiste aplicar seu golpe mais uma vez quando conhece a rec\u00e9m-vi\u00fava Betty McLeish (Helen Mirren) online. Por\u00e9m, \u00e0 medida em que a mulher abre sua casa e sua vida para o vigarista, ele se surpreende quando come\u00e7a a se importar com ela.<\/li>\n<\/ul>\n<\/li>\n<\/ul>\n<p>Ter\u00e7a-feira \u2013 18\/11<\/p>\n<ul>\n<li><strong>O Exorcista do Papa<\/strong> (filme)<\/li>\n<\/ul>\n<p>Quarta-feira \u2013 19\/11<\/p>\n<ul>\n<li><strong>O Filho de Mil Homens<\/strong>\n<ul>\n<li>Filme | Original Netflix | Drama | Ano de Lan\u00e7amento: 2025 (Brasil)<\/li>\n<li>Numa pequena vila, um pescador solit\u00e1rio com o sonho de ter um filho se conexta, de forma extraordin\u00e1ria, a um grupo de pessoas e seus segredos.<\/li>\n<\/ul>\n<\/li>\n<\/ul>\n<ul>\n<li><strong>O Mist\u00e9rio da Fam\u00edlia Carman<\/strong>\n<ul>\n<li>Filme | Original Netflix | Document\u00e1rio | True crime | Ano de Lan\u00e7amento: 2025 (Estados Unidos)<\/li>\n<li>Um jovem resgatado no mar \u00e9 acusado de assassinar dois membros da pr\u00f3pria fam\u00edlia abastada. E este document\u00e1rio te explica melhor essa hist\u00f3ria.<\/li>\n<\/ul>\n<\/li>\n<\/ul>\n<ul>\n<li><strong>Borbulhas de Amor<\/strong>\n<ul>\n<li>Filme | Original Netflix | Com\u00e9dia | Romance | Ano de Lan\u00e7amento: 2025 (Estados Unidos)<\/li>\n<li>Uma executiva viaja \u00e0 Fran\u00e7a para fechar a aquisi\u00e7\u00e3o de uma famosa marca de champanhe antes do Natal. Mas os planos dela v\u00e3o por \u00e1gua abaixo quando ela se apaixona por um parisiense muito charmoso, que ainda por cima \u00e9 herdeiro da marca.<\/li>\n<\/ul>\n<\/li>\n<\/ul>\n<ul>\n<li><strong>Invejosa \u2013 Temporada 3<\/strong>\n<ul>\n<li>S\u00e9rie | Original Netflix | Com\u00e9dia| Ano de Lan\u00e7amento: 2025 (Argentina)<\/li>\n<li>Depois de resolver v\u00e1rias inseguran\u00e7as do passado, Vicky est\u00e1 numa fase de mudan\u00e7as e novos desafios, diante de um mundo de possibilidades. Embora sua rela\u00e7\u00e3o com Mat\u00edas esteja mais estabelecida, esse amor exige que ela encare v\u00e1rias quest\u00f5es: a vida de casal, os ci\u00fames, a maternidade e a oportunidade de avan\u00e7ar profissionalmente num ambiente competitivo. Assim, o que parecia ser um per\u00edodo de estabilidade vai se transformar numa jornada de emo\u00e7\u00f5es e contradi\u00e7\u00f5es.<\/li>\n<\/ul>\n<\/li>\n<\/ul>\n<p>Quinta-feira \u2013 20\/11<\/p>\n<ul>\n<li><strong>As Loucuras<\/strong>\n<ul>\n<li>Filme | Original Netflix | Drama | Ano de Lan\u00e7amento: 2025 (M\u00e9xico)<\/li>\n<li>O longa abra\u00e7a a intensidade e a autenticidade das emo\u00e7\u00f5es humanas quando levadas ao limite. Seis mulheres, cada uma numa jornada de autodescoberta marcada por confinamento, autocensura e press\u00e3o social e familiar, cruzam seus caminhos inesperadamente num dia chuvoso na Cidade do M\u00e9xico.<\/li>\n<\/ul>\n<\/li>\n<\/ul>\n<ul>\n<li><strong>Um Espi\u00e3o Infiltrado \u2013 Temporada 2<\/strong>\n<ul>\n<li>S\u00e9rie | Original Netflix | Com\u00e9dia | Ano de Lan\u00e7amento: 2025 (Estados Unidos)<\/li>\n<li>Buscando trabalhar como infiltrado em outro caso importante, Charles Nieuwendyk (Ted Danson) encontra uma chance quando Jack Berenger (Max Greenfield), presidente do Wheeler College, come\u00e7a a receber chantagens misteriosas. Ele pede para Charles se infiltrar como professor e descobrir quem est\u00e1 fazendo essas amea\u00e7as. Charles tem uma lista enorme de suspeitos, mas acaba se distraindo quando conhece Mona (Mary Steenburgen), uma professora de m\u00fasica livre, leve e solta.<\/li>\n<\/ul>\n<\/li>\n<\/ul>\n<ul>\n<li><strong>O Pior Vizinho do Mundo<\/strong>\n<ul>\n<li>Filme | Com\u00e9dia | Drama | Ano de Lan\u00e7amento: 2023 (Estados Unidos e Su\u00e9cia)<\/li>\n<li>No longa, acompanhamos um homem chato, aposentado e rabugento, Otto (Tom Hanks), de 59 anos. V\u00e1rios anos antes, ele foi deposto como presidente da associa\u00e7\u00e3o de condom\u00ednios, mas n\u00e3o se importava com a deposi\u00e7\u00e3o e, por isso, continua vigiando o bairro com m\u00e3o de ferro. Quando a gr\u00e1vida Parvaneh e sua fam\u00edlia se mudam para a casa geminada em frente e as cartas da nova vizinha acidentalmente v\u00e3o parar na caixa de correio de Otto, uma amizade inesperada acaba se formando e a vida dos dois mudam drasticamente.<\/li>\n<\/ul>\n<\/li>\n<\/ul>\n<ul>\n<li><strong>Natal dos Pequenos<\/strong> (novas cole\u00e7\u00f5es)<\/li>\n<\/ul>\n<p><strong>Leia mais:<\/strong><\/p>\n<p>Sexta-feira \u2013 21\/11<\/p>\n<ul>\n<li><strong>Sonhos de Trem<\/strong>\n<ul>\n<li>Filme | Original Netflix | Drama | Ano de Lan\u00e7amento: 2025 (Estados Unidos)<\/li>\n<li>Baseado na aclamada novela de Denis Johnson, Sonhos de Trem conta a hist\u00f3ria emocionante de Robert Grainier, lenhador numa companhia ferrovi\u00e1ria que se depara com a dureza e a beleza da vida durante a crescente industrializa\u00e7\u00e3o dos Estados Unidos no in\u00edcio do s\u00e9culo 20.<\/li>\n<\/ul>\n<\/li>\n<\/ul>\n<ul>\n<li><strong>One Shot com Ed Sheeran<\/strong>\n<ul>\n<li>Especial | Original Netflix | M\u00fasica | Ano de Lan\u00e7amento: 2025 (Estados Unidos)<\/li>\n<li>Desde shows improvisados em cal\u00e7adas movimentadas e no metr\u00f4 at\u00e9 intera\u00e7\u00f5es com f\u00e3s e transeuntes, a jornada de Ed Sheeran em Nova York ser\u00e1 registrada numa sequ\u00eancia de momentos inesquec\u00edveis, destacando todo o alvoro\u00e7o e a empolga\u00e7\u00e3o que ele provoca.<\/li>\n<\/ul>\n<\/li>\n<\/ul>\n<ul>\n<li><strong>Jantando com a Fam\u00edlia Kapoor<\/strong>\n<ul>\n<li>Document\u00e1rio | Original Netflix | Culin\u00e1ria | Viagens | Ano de Lan\u00e7amento: 2025 (\u00cdndia)<\/li>\n<li>Garanta seu lugar na famosa mesa de jantar dos Kapoor e receba um prato cheio de amor e divers\u00e3o. Conhe\u00e7a o legado culin\u00e1rio, familiar e cinematogr\u00e1fico dos anfitri\u00f5es.<\/li>\n<\/ul>\n<\/li>\n<\/ul>\n<p>\t\t\t\t\t&#13;<br \/>\n\t\t\t\t\t&#13;<\/p>\n<p>Pedro Spadoni \u00e9 jornalista formado pela Universidade Metodista de Piracicaba (Unimep). J\u00e1 escreveu para sites, revistas e at\u00e9 um jornal. No Olhar Digital, escreve sobre (quase) tudo.<\/p>\n<p>\t\t\t\t&#13;<br \/>\n\t\t\t\t\t&#13;<\/p>\n","protected":false},"excerpt":{"rendered":"Entre as produ\u00e7\u00f5es que chegam ao cat\u00e1logo da Netflix nesta semana, est\u00e3o o filme &#8220;O Filho de Mil&hellip;\n","protected":false},"author":2,"featured_media":155030,"comment_status":"","ping_status":"","sticky":false,"template":"","format":"standard","meta":{"footnotes":""},"categories":[140],"tags":[114,115,147,148,146,32,33],"class_list":{"0":"post-155029","1":"post","2":"type-post","3":"status-publish","4":"format-standard","5":"has-post-thumbnail","7":"category-filmes","8":"tag-entertainment","9":"tag-entretenimento","10":"tag-film","11":"tag-filmes","12":"tag-movies","13":"tag-portugal","14":"tag-pt"},"share_on_mastodon":{"url":"https:\/\/pubeurope.com\/@pt\/115565120978034348","error":""},"_links":{"self":[{"href":"https:\/\/www.europesays.com\/pt\/wp-json\/wp\/v2\/posts\/155029","targetHints":{"allow":["GET"]}}],"collection":[{"href":"https:\/\/www.europesays.com\/pt\/wp-json\/wp\/v2\/posts"}],"about":[{"href":"https:\/\/www.europesays.com\/pt\/wp-json\/wp\/v2\/types\/post"}],"author":[{"embeddable":true,"href":"https:\/\/www.europesays.com\/pt\/wp-json\/wp\/v2\/users\/2"}],"replies":[{"embeddable":true,"href":"https:\/\/www.europesays.com\/pt\/wp-json\/wp\/v2\/comments?post=155029"}],"version-history":[{"count":0,"href":"https:\/\/www.europesays.com\/pt\/wp-json\/wp\/v2\/posts\/155029\/revisions"}],"wp:featuredmedia":[{"embeddable":true,"href":"https:\/\/www.europesays.com\/pt\/wp-json\/wp\/v2\/media\/155030"}],"wp:attachment":[{"href":"https:\/\/www.europesays.com\/pt\/wp-json\/wp\/v2\/media?parent=155029"}],"wp:term":[{"taxonomy":"category","embeddable":true,"href":"https:\/\/www.europesays.com\/pt\/wp-json\/wp\/v2\/categories?post=155029"},{"taxonomy":"post_tag","embeddable":true,"href":"https:\/\/www.europesays.com\/pt\/wp-json\/wp\/v2\/tags?post=155029"}],"curies":[{"name":"wp","href":"https:\/\/api.w.org\/{rel}","templated":true}]}}