{"id":155037,"date":"2025-11-17T12:55:09","date_gmt":"2025-11-17T12:55:09","guid":{"rendered":"https:\/\/www.europesays.com\/pt\/155037\/"},"modified":"2025-11-17T12:55:09","modified_gmt":"2025-11-17T12:55:09","slug":"negocios-terao-motivado-assassinato-de-pai-e-filho-num-restaurante-do-montijo-justica","status":"publish","type":"post","link":"https:\/\/www.europesays.com\/pt\/155037\/","title":{"rendered":"Neg\u00f3cios ter\u00e3o motivado assassinato de pai e filho num restaurante do Montijo | Justi\u00e7a"},"content":{"rendered":"<p>O duplo homic\u00eddio aconteceu neste domingo por volta da hora do jantar n&#8217; O Apeadeiro \u2013 Sarilhos, no Montijo, um restaurante que abriu em Fevereiro passado no edif\u00edcio de uma antiga paragem ferrovi\u00e1ria e tinha como donos a v\u00edtima mais velha e o alegado homicida. O estabelecimento estava aberto, quando foram desferidos os disparos sobre pai e filho, tendo v\u00e1rias pessoas testemunhado os crimes. O suspeito ter\u00e1 fugido de seguida numa viatura, encontrando-se em parte incerta.<\/p>\n<p>O alegado assassino <a href=\"https:\/\/www.publico.pt\/2025\/11\/16\/sociedade\/noticia\/dois-homens-baleados-montijo-transportados-hospital-2154855\" rel=\"nofollow noopener\" target=\"_blank\">disparou<\/a> sobre o s\u00f3cio, um luso-brasileiro na casa dos 60 anos, que segundo o pr\u00f3prio contou ao site NiT, em Fevereiro passado, veio para Portugal durante a pandemia para alargar um neg\u00f3cio de eventos que tinha no Brasil. Era filho de portugueses e acabou por ficar.<\/p>\n<p>\u201cQuando vim para Portugal, recordei-me dos clubes que frequent\u00e1vamos no Rio de Janeiro quando era mi\u00fado, onde os almo\u00e7os eram passados a falar deste pa\u00eds, de forma a preservar a cultura nacional. Quando visitei esta zona da Margem Sul identifiquei-me com tudo o que ouvi ao longo dos anos\u201d, contou ao NiT, uma publica\u00e7\u00e3o com conte\u00fados ligados ao lazer.<\/p>\n<p>Ter\u00e1 sido o luso-brasileiro a encontrar o apeadeiro e a apaixonar-se pelo local, onde est\u00e3o expostas pe\u00e7as de antigas locomotivas, fotografias e outros artefactos. \u201cQuando aqui vim pela primeira vez estava tudo degradado, em ru\u00ednas, mas as hist\u00f3rias que fui ouvindo de quem c\u00e1 vive fascinaram-me. Esta passagem de n\u00edvel assistiu a momentos inesquec\u00edveis, desde casamentos, namoros. H\u00e1 uma rela\u00e7\u00e3o muito grande do local com as pessoas da terra. Por isso, decidimos resgat\u00e1-lo e restaur\u00e1-lo\u201d, referiu ao site.<\/p>\n<p>Os dois s\u00f3cios recuperaram o espa\u00e7o e abriram o restaurante, onde tamb\u00e9m trabalhava o filho do luso-brasileiro, um rapaz com mais de 20 anos, que ajudava regularmente o pai. Foi esta a segunda v\u00edtima do duplo homic\u00eddio.<\/p>\n<p>A Pol\u00edcia Judici\u00e1ria de Set\u00fabal, que est\u00e1 a investigar o caso, acredita que na origem dos homic\u00eddios estiveram desentendimentos ligados aos neg\u00f3cios entre os dois s\u00f3cios. O alegado homicida, que j\u00e1 foi dono de um stand de autom\u00f3veis, e, ao que tudo indica, ter\u00e1 actuado sozinho, tem antecedentes criminais.<\/p>\n<p>Segundo fonte da GNR disse \u00e0 Lusa, tudo aconteceu perto das 20h deste domingo, tendo as v\u00edtimas sido transportados para o Hospital do Barreiro em manobras de reanima\u00e7\u00e3o, por volta das 20h45. Foi j\u00e1 dentro da unidade hospitalar que foram declarados os \u00f3bitos. Os dois corpos ainda ser\u00e3o autopsiados no Instituto Nacional de Medicina Legal, em Lisboa.<\/p>\n<p>Fonte do Comando Sub-Regional de Emerg\u00eancia e Protec\u00e7\u00e3o Civil da Pen\u00ednsula de Set\u00fabal especificou \u00e0 Lusa que o alerta para a ocorr\u00eancia foi dado \u00e0s 19h55. As v\u00edtimas foram encontradas \u201cem paragem cardiorrespirat\u00f3ria\u201d e submetidas a \u201cmanobras de suporte avan\u00e7ado de vida\u201d. Por volta das 20h45, as duas v\u00edtimas estavam \u201ca ser transportadas para o Hospital do Barreiro\u201d, com o acompanhamento \u201cdas viaturas m\u00e9dicas de emerg\u00eancia e reanima\u00e7\u00e3o (VMER) do Barreiro e de Loures\u201d.<\/p>\n","protected":false},"excerpt":{"rendered":"O duplo homic\u00eddio aconteceu neste domingo por volta da hora do jantar n&#8217; O Apeadeiro \u2013 Sarilhos, no&hellip;\n","protected":false},"author":2,"featured_media":155038,"comment_status":"","ping_status":"","sticky":false,"template":"","format":"standard","meta":{"footnotes":""},"categories":[10],"tags":[27,28,604,15,16,14,5564,603,25,26,21,22,26507,12,13,19,20,2445,32,23,24,33,58,17,18,29,30,31],"class_list":{"0":"post-155037","1":"post","2":"type-post","3":"status-publish","4":"format-standard","5":"has-post-thumbnail","7":"category-portugal","8":"tag-breaking-news","9":"tag-breakingnews","10":"tag-crime","11":"tag-featured-news","12":"tag-featurednews","13":"tag-headlines","14":"tag-homicidio","15":"tag-justica","16":"tag-latest-news","17":"tag-latestnews","18":"tag-main-news","19":"tag-mainnews","20":"tag-montijo","21":"tag-news","22":"tag-noticias","23":"tag-noticias-principais","24":"tag-noticiasprincipais","25":"tag-policia-judiciaria","26":"tag-portugal","27":"tag-principais-noticias","28":"tag-principaisnoticias","29":"tag-pt","30":"tag-sociedade","31":"tag-top-stories","32":"tag-topstories","33":"tag-ultimas","34":"tag-ultimas-noticias","35":"tag-ultimasnoticias"},"share_on_mastodon":{"url":"https:\/\/pubeurope.com\/@pt\/115565148495013220","error":""},"_links":{"self":[{"href":"https:\/\/www.europesays.com\/pt\/wp-json\/wp\/v2\/posts\/155037","targetHints":{"allow":["GET"]}}],"collection":[{"href":"https:\/\/www.europesays.com\/pt\/wp-json\/wp\/v2\/posts"}],"about":[{"href":"https:\/\/www.europesays.com\/pt\/wp-json\/wp\/v2\/types\/post"}],"author":[{"embeddable":true,"href":"https:\/\/www.europesays.com\/pt\/wp-json\/wp\/v2\/users\/2"}],"replies":[{"embeddable":true,"href":"https:\/\/www.europesays.com\/pt\/wp-json\/wp\/v2\/comments?post=155037"}],"version-history":[{"count":0,"href":"https:\/\/www.europesays.com\/pt\/wp-json\/wp\/v2\/posts\/155037\/revisions"}],"wp:featuredmedia":[{"embeddable":true,"href":"https:\/\/www.europesays.com\/pt\/wp-json\/wp\/v2\/media\/155038"}],"wp:attachment":[{"href":"https:\/\/www.europesays.com\/pt\/wp-json\/wp\/v2\/media?parent=155037"}],"wp:term":[{"taxonomy":"category","embeddable":true,"href":"https:\/\/www.europesays.com\/pt\/wp-json\/wp\/v2\/categories?post=155037"},{"taxonomy":"post_tag","embeddable":true,"href":"https:\/\/www.europesays.com\/pt\/wp-json\/wp\/v2\/tags?post=155037"}],"curies":[{"name":"wp","href":"https:\/\/api.w.org\/{rel}","templated":true}]}}