{"id":155040,"date":"2025-11-17T12:57:11","date_gmt":"2025-11-17T12:57:11","guid":{"rendered":"https:\/\/www.europesays.com\/pt\/155040\/"},"modified":"2025-11-17T12:57:11","modified_gmt":"2025-11-17T12:57:11","slug":"bruna-marquezine-e-shawn-mendes-juntos-ivete-sangalo-da-pista-inesperada","status":"publish","type":"post","link":"https:\/\/www.europesays.com\/pt\/155040\/","title":{"rendered":"Bruna Marquezine e Shawn Mendes juntos? Ivete Sangalo d\u00e1 pista inesperada"},"content":{"rendered":"\n<p class=\" content-text__container theme-color-primary-first-letter\" data-track-category=\"Link no Texto\" data-track-links=\"\"> <strong>Ivete Sangalo <\/strong>chamou aten\u00e7\u00e3o no &#8220;Doming\u00e3o com Huck&#8221; de domingo (16) ao comentar sobre os rumores de um poss\u00edvel romance entre <strong>Bruna Marquezine<\/strong> e <strong>Shawn Mendes<\/strong>. Recentemente, o cantor canadense se hospedou na casa da cantora em Salvador e foi visto curtindo um show acompanhado da atriz. <\/p>\n<ul class=\"content-unordered-list\">\n<li><strong>De pr\u00edncipe William a Kim Kardashian: <\/strong><a class=\"\" href=\"https:\/\/oglobo.globo.com\/ela\/noticia\/2025\/11\/17\/de-principe-william-a-kim-kardashian-as-visitas-internacionais-que-agitaram-o-brasil.ghtml\" rel=\"nofollow noopener\" target=\"_blank\"><strong>as visitas internacionais que agitaram o Brasil<\/strong><\/a><\/li>\n<li><strong>Confira: <\/strong><a class=\"\" href=\"https:\/\/oglobo.globo.com\/ela\/noticia\/2025\/11\/17\/presente-luxuoso-de-ze-felipe-para-ana-castela-causa-repercussao-nas-redes-presente-de-pessoas-simples-e-humilde.ghtml\" rel=\"nofollow noopener\" target=\"_blank\"><strong>Presente luxuoso de Z\u00e9 Felipe para Ana Castela causa repercuss\u00e3o nas redes<\/strong><\/a><\/li>\n<\/ul>\n<p class=\" content-text__container \" data-track-category=\"Link no Texto\" data-track-links=\"\"> &#8220;Voc\u00ea sabe que ele [Shawn Mendes] tem um interesse enorme pelas coisas do Brasil&#8221;, contou a cantora a Luciano Huck, que, de forma bem-humorada, aproveitou para brincar com os boatos envolvendo o casal. &#8220;Ele falou a Bruna Marquezine, ela n\u00e3o t\u00e1 falando disso&#8221;, disse o marido de Ang\u00e9lica, provocando risadas. <\/p>\n<p class=\" content-text__container \" data-track-category=\"Link no Texto\" data-track-links=\"\"> N\u00e3o resistindo \u00e0 situa\u00e7\u00e3o, Ivete fez quest\u00e3o de demonstrar carinho pelo suposto casal. &#8220;[A Bruna Marquezine] \u00e9 minha filha e eu cuido do meu genro [Shawn Mendes]&#8221;, declarou a cantora, arrancando ainda mais sorrisos da plateia. <\/p>\n<p>      <img decoding=\"async\" class=\"content-media__image\"  src=\"https:\/\/www.europesays.com\/pt\/wp-content\/uploads\/2025\/11\/famosos-2025-11-17t091224.405.jpg\" alt=\"Ivete Sangalo falou sobre rumores de romance entre Bruna Marquezine e Shawn Mendes \u2014 Foto: Reprodu\u00e7\u00e3o Instagram\" width=\"3264\" height=\"2197\" loading=\"lazy\"\/>  Ivete Sangalo falou sobre rumores de romance entre Bruna Marquezine e Shawn Mendes \u2014 Foto: Reprodu\u00e7\u00e3o Instagram       <\/p>\n<p class=\" content-text__container \" data-track-category=\"Link no Texto\" data-track-links=\"\"> O canadense, que chegou ao Brasil para participar de uma premia\u00e7\u00e3o ambiental apresentada pelo pr\u00f3prio Luciano, tem mostrado interesse em aproveitar cada momento da estadia. Nos \u00faltimos dias, Shawn Mendes passou por Salvador, se hospedou na resid\u00eancia de Ivete, visitou a Amaz\u00f4nia e aproveitou comidas t\u00edpicas do pa\u00eds, como pastel, al\u00e9m de tomar caf\u00e9 em um aeroporto de Campinas. Claro que n\u00e3o faltou tamb\u00e9m o momento de divers\u00e3o ao lado da atriz, curtindo um show juntos. <\/p>\n<p>      <img decoding=\"async\" class=\"content-media__image\"  src=\"https:\/\/www.europesays.com\/pt\/wp-content\/uploads\/2025\/11\/bruna-e-shaw.jpg\" alt=\"Shawn Mendes e Bruna Marquezine curtiram festa de Dua Lipa \u2014 Foto: Reprodu\u00e7\u00e3o Instagram\" width=\"1800\" height=\"1732\" loading=\"lazy\"\/>  Shawn Mendes e Bruna Marquezine curtiram festa de Dua Lipa \u2014 Foto: Reprodu\u00e7\u00e3o Instagram        <\/p>\n<p class=\" content-text__container \" data-track-category=\"Link no Texto\" data-track-links=\"\"> Bruna e Shawn foram flagrados lado a lado nos bastidores do show da cantora Dua Lipa, em S\u00e3o Paulo, na noite de s\u00e1bado (15). Nas fotos e v\u00eddeos compartilhados nas redes sociais, o casal aparenta aproveitar a apresenta\u00e7\u00e3o enquanto troca conversas em clima de grande intimidade. <\/p>\n<p class=\" content-text__container \" data-track-category=\"Link no Texto\" data-track-links=\"\"> Essa n\u00e3o \u00e9 a primeira vez que os dois s\u00e3o vistos juntos no Brasil. Desde 2017, o m\u00fasico e a atriz participaram de festas e jantares, gerando rumores constantes sobre um poss\u00edvel romance. <\/p>\n<p class=\" content-text__container \" data-track-category=\"Link no Texto\" data-track-links=\"\"> Um detalhe que chama aten\u00e7\u00e3o dos f\u00e3s \u00e9 o v\u00ednculo com a marca Mondepars, de Sasha Meneghel, melhor amiga de Bruna. Em diversas ocasi\u00f5es, incluindo a chegada de Shawn ao Brasil no in\u00edcio de novembro, ele foi visto usando pe\u00e7as da grife. No show de Dua Lipa, Sasha e o marido estavam presentes ao lado da dupla, registrando momentos ao lado do suposto casal. <\/p>\n","protected":false},"excerpt":{"rendered":"Ivete Sangalo chamou aten\u00e7\u00e3o no &#8220;Doming\u00e3o com Huck&#8221; de domingo (16) ao comentar sobre os rumores de um&hellip;\n","protected":false},"author":2,"featured_media":155041,"comment_status":"","ping_status":"","sticky":false,"template":"","format":"standard","meta":{"footnotes":""},"categories":[145],"tags":[211,210,114,115,319,32,33,318],"class_list":{"0":"post-155040","1":"post","2":"type-post","3":"status-publish","4":"format-standard","5":"has-post-thumbnail","7":"category-celebridades","8":"tag-celebridades","9":"tag-celebrities","10":"tag-entertainment","11":"tag-entretenimento","12":"tag-hard-news","13":"tag-portugal","14":"tag-pt","15":"tag-radar"},"share_on_mastodon":{"url":"https:\/\/pubeurope.com\/@pt\/115565156522877136","error":""},"_links":{"self":[{"href":"https:\/\/www.europesays.com\/pt\/wp-json\/wp\/v2\/posts\/155040","targetHints":{"allow":["GET"]}}],"collection":[{"href":"https:\/\/www.europesays.com\/pt\/wp-json\/wp\/v2\/posts"}],"about":[{"href":"https:\/\/www.europesays.com\/pt\/wp-json\/wp\/v2\/types\/post"}],"author":[{"embeddable":true,"href":"https:\/\/www.europesays.com\/pt\/wp-json\/wp\/v2\/users\/2"}],"replies":[{"embeddable":true,"href":"https:\/\/www.europesays.com\/pt\/wp-json\/wp\/v2\/comments?post=155040"}],"version-history":[{"count":0,"href":"https:\/\/www.europesays.com\/pt\/wp-json\/wp\/v2\/posts\/155040\/revisions"}],"wp:featuredmedia":[{"embeddable":true,"href":"https:\/\/www.europesays.com\/pt\/wp-json\/wp\/v2\/media\/155041"}],"wp:attachment":[{"href":"https:\/\/www.europesays.com\/pt\/wp-json\/wp\/v2\/media?parent=155040"}],"wp:term":[{"taxonomy":"category","embeddable":true,"href":"https:\/\/www.europesays.com\/pt\/wp-json\/wp\/v2\/categories?post=155040"},{"taxonomy":"post_tag","embeddable":true,"href":"https:\/\/www.europesays.com\/pt\/wp-json\/wp\/v2\/tags?post=155040"}],"curies":[{"name":"wp","href":"https:\/\/api.w.org\/{rel}","templated":true}]}}