{"id":155042,"date":"2025-11-17T13:00:10","date_gmt":"2025-11-17T13:00:10","guid":{"rendered":"https:\/\/www.europesays.com\/pt\/155042\/"},"modified":"2025-11-17T13:00:10","modified_gmt":"2025-11-17T13:00:10","slug":"vem-ai-em-terra-forte-alvaro-muda-de-ideias-e-aconselha-sammy-a-lutar-por-flor-novelas","status":"publish","type":"post","link":"https:\/\/www.europesays.com\/pt\/155042\/","title":{"rendered":"Vem a\u00ed em \u00abTerra Forte\u00bb: \u00c1lvaro muda de ideias e aconselha Sammy a lutar por Flor &#8211; Novelas"},"content":{"rendered":"<p>Em \u00abTerra Forte\u00bb,\u00a0<a href=\"https:\/\/tvi.iol.pt\/novelas\/videos\/terra-forte-maria-de-fatima-e-manuel-tinham-um-caso\/68f65cdc0cf29d28d82976cb\" rel=\"nofollow noopener\" target=\"_blank\">Maria de F\u00e1tima (Rita Pereira)<\/a>\u00a0revela a <a href=\"https:\/\/tvi.iol.pt\/novelas\/videos\/terra-forte-manuel-tira-toda-a-fortuna-alvaro\/68f61d3d0cf285ab53a6aafc\" rel=\"nofollow noopener\" target=\"_blank\">\u00c1lvaro (Jos\u00e9 Wallenstein)<\/a>\u00a0que est\u00e1 a pensar em candidatar-se a presidente do Ninho. \u00c1lvaro abre o jogo com ela a perguntar-lhe se est\u00e1 a fazer aquilo para <a href=\"https:\/\/tvi.iol.pt\/novelas\/videos\/terra-forte-sammy-fica-sem-chao-ao-descobrir-que-flor-e-a-mae-de-rosinha\/68f7b83e0cf29d28d8297a75\" rel=\"nofollow noopener\" target=\"_blank\">Sammy (Jos\u00e9 Fidalgo)<\/a>\u00a0voltar para casa, assentindo ir falar com o filho.<\/p>\n<p>Sammy fica surpreso por <a href=\"https:\/\/tvi.iol.pt\/novelas\/videos\/terra-forte-manuel-tira-toda-a-fortuna-alvaro\/68f61d3d0cf285ab53a6aafc\" rel=\"nofollow noopener\" target=\"_blank\">\u00c1lvaro (Jos\u00e9 Wallenstein)<\/a>\u00a0o aconselhar a voltar para casa para lutar pelo amor de <a href=\"https:\/\/tvi.iol.pt\/novelas\/videos\/terra-forte-no-dia-do-seu-aniversario-flor-recebe-uma-visita-inesperada\/68f65c7a0cf29d28d82976c8\" rel=\"nofollow noopener\" target=\"_blank\">Flor (Benedita Pereira)<\/a>, dizendo ter percebido que ela \u00e9 uma mulher com muito mais categoria do que Maria de F\u00e1tima.<\/p>\n<p>\u00c1lvaro conta que convenceu Sammy a voltar para casa e Maria de F\u00e1tima assente em apoi\u00e1-lo na sua recandidatura ao Ninho.\u00a0<\/p>\n<p>Recorde-se que, ainda h\u00e1 poucos dias, \u00c1Lvaro amea\u00e7ou Flor:<\/p>\n","protected":false},"excerpt":{"rendered":"Em \u00abTerra Forte\u00bb,\u00a0Maria de F\u00e1tima (Rita Pereira)\u00a0revela a \u00c1lvaro (Jos\u00e9 Wallenstein)\u00a0que est\u00e1 a pensar em candidatar-se a presidente&hellip;\n","protected":false},"author":2,"featured_media":155043,"comment_status":"","ping_status":"","sticky":false,"template":"","format":"standard","meta":{"footnotes":""},"categories":[142],"tags":[20282,160,7951,166,114,115,157,167,978,164,2728,8598,161,158,165,159,32,33,156,5871,26751,18614,163,151,162],"class_list":{"0":"post-155042","1":"post","2":"type-post","3":"status-publish","4":"format-standard","5":"has-post-thumbnail","7":"category-tv","8":"tag-alvaro","9":"tag-ana-guiomar","10":"tag-benedita-pereira","11":"tag-cristina-ferreira","12":"tag-entertainment","13":"tag-entretenimento","14":"tag-festa-e-festa","15":"tag-ficcao","16":"tag-flor","17":"tag-jose-fidalgo","18":"tag-jose-wallenstein","19":"tag-maria-de-fatima","20":"tag-novelas","21":"tag-para-sempre","22":"tag-pedro-sousa","23":"tag-pedro-teixeira","24":"tag-portugal","25":"tag-pt","26":"tag-queridos-papas","27":"tag-rita-pereira","28":"tag-sammy","29":"tag-terra-forte","30":"tag-tiago-teotonio-pereira","31":"tag-tv","32":"tag-tvi"},"share_on_mastodon":{"url":"https:\/\/pubeurope.com\/@pt\/115565168366594578","error":""},"_links":{"self":[{"href":"https:\/\/www.europesays.com\/pt\/wp-json\/wp\/v2\/posts\/155042","targetHints":{"allow":["GET"]}}],"collection":[{"href":"https:\/\/www.europesays.com\/pt\/wp-json\/wp\/v2\/posts"}],"about":[{"href":"https:\/\/www.europesays.com\/pt\/wp-json\/wp\/v2\/types\/post"}],"author":[{"embeddable":true,"href":"https:\/\/www.europesays.com\/pt\/wp-json\/wp\/v2\/users\/2"}],"replies":[{"embeddable":true,"href":"https:\/\/www.europesays.com\/pt\/wp-json\/wp\/v2\/comments?post=155042"}],"version-history":[{"count":0,"href":"https:\/\/www.europesays.com\/pt\/wp-json\/wp\/v2\/posts\/155042\/revisions"}],"wp:featuredmedia":[{"embeddable":true,"href":"https:\/\/www.europesays.com\/pt\/wp-json\/wp\/v2\/media\/155043"}],"wp:attachment":[{"href":"https:\/\/www.europesays.com\/pt\/wp-json\/wp\/v2\/media?parent=155042"}],"wp:term":[{"taxonomy":"category","embeddable":true,"href":"https:\/\/www.europesays.com\/pt\/wp-json\/wp\/v2\/categories?post=155042"},{"taxonomy":"post_tag","embeddable":true,"href":"https:\/\/www.europesays.com\/pt\/wp-json\/wp\/v2\/tags?post=155042"}],"curies":[{"name":"wp","href":"https:\/\/api.w.org\/{rel}","templated":true}]}}