{"id":155044,"date":"2025-11-17T13:01:18","date_gmt":"2025-11-17T13:01:18","guid":{"rendered":"https:\/\/www.europesays.com\/pt\/155044\/"},"modified":"2025-11-17T13:01:18","modified_gmt":"2025-11-17T13:01:18","slug":"bruna-marquezine-de-couro-curte-samba-com-dua-lipa-de-oncinha","status":"publish","type":"post","link":"https:\/\/www.europesays.com\/pt\/155044\/","title":{"rendered":"Bruna Marquezine, de couro, curte samba com Dua Lipa, de oncinha"},"content":{"rendered":"<ul class=\"article__header__author\">\n<li class=\"article__header__author__item\">\n                                                Por:<br \/>\n                                                                                    Ros\u00e2ngela Espinossi \/ Elas no Tapete Vermelho\n                                                                        <\/li>\n<\/ul>\n<p class=\"text\">Depois de cantar com Carlinhos Brown e Caetano Veloso, no Morumbis, em S\u00e3o Paulo, no \u00faltimo s\u00e1bado, Dua Lipa foi a festa no Centro de S\u00e3o Paulo, neste domingo (16). Entre as presentes na balada, que teve at\u00e9 roda de samba, Bruna Marquezine, Sasha, Shawn Mendes e o pr\u00f3prio Carlinhos Brown.<\/p>\n<p><img loading=\"lazy\" decoding=\"async\" alt=\"Bruna Marquezine e Dua Lipa \" class=\"img-50d23d7a6faa6104756e56d737765e531vmsl9tc\" height=\"619\" src=\"https:\/\/www.europesays.com\/pt\/wp-content\/uploads\/2025\/11\/138651350-elas-no-tapete-vermelho-famosas-2025-11-17t090356150.png\"  title=\"Bruna Marquezine e Dua Lipa\" width=\"774\"\/><\/p>\n<p>Bruna Marquezine e Dua Lipa<\/p>\n<p>Foto: Clayton Felizardo\/Brazil News \/ Elas no Tapete Vermelho<\/p>\n<p class=\"text\">A cantora inglesa elegeu minivestido de oncinha e sand\u00e1lia alta vermelha. J\u00e1 <strong>Bruna Marquezine<\/strong>, uma das \u00faltima a sair da festa, ao lado de <strong>Sasha<\/strong>, elegeu jaqueta de couro marrom, look curto preto por baixo e botas tamb\u00e9m pretas. Os homens foram de jeans e regata e teve quem saiu descal\u00e7o do evento dom Edif\u00edcio Carlos Rusca, uma ic\u00f4nica constru\u00e7\u00e3o Art D\u00e9co da d\u00e9cada de 1940, que abriga o Matiz Bar, em sua cobertura.<\/p>\n<blockquote class=\"instagram-media\" data-instgrm-permalink=\"https:\/\/www.instagram.com\/p\/DRJFf23jkg1\/?utm_source=ig_embed&amp;utm_campaign=loading\" data-instgrm-version=\"14\" style=\"background: #FFF; border: 0; border-radius: 3px; box-shadow: 0 0 1px 0 rgba(0,0,0,0.5),0 1px 10px 0 rgba(0,0,0,0.15); margin: 1px; max-width: 540px; min-width: 326px; padding: 0; width: calc(100% - 2px);\">\n<p>     Ver essa foto no Instagram <\/p>\n<p class=\"text\" style=\"color: #c9c8cd; font-family: Arial,sans-serif; font-size: 14px; line-height: 17px; margin-bottom: 0; margin-top: 8px; overflow: hidden; padding: 8px 0 7px; text-align: center; text-overflow: ellipsis; white-space: nowrap;\"><a href=\"https:\/\/www.instagram.com\/p\/DRJFf23jkg1\/?utm_source=ig_embed&amp;utm_campaign=loading\" rel=\"noopener nofollow\" style=\"color: #c9c8cd; font-family: Arial,sans-serif; font-size: 14px; font-style: normal; font-weight: normal; line-height: 17px; text-decoration: none;\" target=\"_blank\">Uma publica\u00e7\u00e3o compartilhada por Central Dua Lipa Brasil (@dualipacentral_)<\/a><\/p>\n<\/blockquote>\n<p>Veja looks de Bruna Marquezine, Dua Lipa e mais famosos<\/p>\n<p><img alt=\"Bruna Marquezine \" class=\"img-53ea36a2c35b5fcfa78cc001ae675290i23q0zdu\" decoding=\"async\" height=\"1238\" loading=\"lazy\" src=\"https:\/\/www.europesays.com\/pt\/wp-content\/uploads\/2025\/11\/1114150298-bruna-marquezine-2-scaled.jpg\"  title=\"Bruna Marquezine\" width=\"774\"\/><\/p>\n<p>Bruna Marquezine<\/p>\n<p>Foto: Clayton Felizardo\/Brazil News \/ Elas no Tapete Vermelho<\/p>\n<p class=\"text\">Bruna Marquezine foi ao samba com botas pretas The Attico, e jaqueta de couro Saint Laurent, de acordo com o repons\u00e1vel pelo perfil <a href=\"https:\/\/www.instagram.com\/bmarquezinecloset\/\" rel=\"noopener nofollow\" target=\"_blank\"><strong>Bruna Marquezine Closet<\/strong><\/a>, dedicado a publicas marcas e pre\u00e7os das pe\u00e7as usadas pela atriz. Para completar, saia de tric\u00f4 preta e curta por baixo, al\u00e9m de camiseta regata tamb\u00e9m preta. A bolsa preta e pequena \u00e9 ideal para eventos como esse.\u00a0 Mesmo saindo tarde da festa, a atriz n\u00e3o largou seus \u00f3culos de sol.<\/p>\n<p><img alt=\"Shawn Mendes e Bruna Marquezine no show de Dua Lipa, np s\u00e1bado \" class=\"img-1766b5a548590fcecd3d7368d32b293etcirtuae\" decoding=\"async\" height=\"1159\" loading=\"lazy\" src=\"https:\/\/www.europesays.com\/pt\/wp-content\/uploads\/2025\/11\/1581529159-shawn-mendes-bruna-marquezine.jpg\"  title=\"Shawn Mendes e Bruna Marquezine no show de Dua Lipa, np s\u00e1bado\" width=\"774\"\/><\/p>\n<p>Shawn Mendes e Bruna Marquezine no show de Dua Lipa, np s\u00e1bado<\/p>\n<p>Foto: Brazil News \/ Elas no Tapete Vermelho<\/p>\n<p class=\"text\">Np show da Dua Lipa no s\u00e1bado (15), Bruna Marquezine conversou muito com o cantor Shawn Mendes, que tamb\u00e9m esteve na festa.<\/p>\n<p><img alt=\"Bruna Marquezine \" class=\"img-1475b787416be3b0b6aa7af8c94b6016j3vdu4q2\" decoding=\"async\" height=\"990\" loading=\"lazy\" src=\"https:\/\/www.europesays.com\/pt\/wp-content\/uploads\/2025\/11\/617633879-bruna-marquezine-sasha-1.jpg\"  title=\"Bruna Marquezine\" width=\"774\"\/><\/p>\n<p>Bruna Marquezine<\/p>\n<p>Foto: Clayton Felizardo\/Brazil News \/ Elas no Tapete Vermelho<\/p>\n<p class=\"text\">Esta foto \u00e9 para ver o look mais de perto e observar que Sasha est\u00e1 aom fundo, saindo junto com a amiga. A filha da Xuxa usou cal\u00e7a jeans, camiseta branca e jaqueta de couro preta.<\/p>\n<p><img alt=\"Dua Lipa \" class=\"img-ef539039ddfc7342dc8004ad8c86e3313jwuaq3l\" decoding=\"async\" height=\"1100\" loading=\"lazy\" src=\"https:\/\/www.europesays.com\/pt\/wp-content\/uploads\/2025\/11\/349491966-dua-lipa-scaled.jpg\"  title=\"Dua Lipa\" width=\"774\"\/><\/p>\n<p>Dua Lipa<\/p>\n<p>Foto: Clayton Felizardo\/Brazil News \/ Elas no Tapete Vermelho<\/p>\n<p class=\"text\">Dua Lipa foi ao &#8220;samba&#8221; com vestido de oncinha curto, com barra assim\u00e9trica e corset ajust\u00e1vel nas costas. Sand\u00e1lia vermelha com tiras e salto alto completou o look.<\/p>\n<p><img alt=\"Dua Lipa \" class=\"img-5a6cc097f806847c90248ab6a3abb091bp64iqhz\" decoding=\"async\" height=\"1157\" loading=\"lazy\" src=\"https:\/\/www.europesays.com\/pt\/wp-content\/uploads\/2025\/11\/1661336196-dua-lipa2-scaled.jpg\"  title=\"Dua Lipa\" width=\"774\"\/><\/p>\n<p>Dua Lipa<\/p>\n<p>Foto: Clayton Felizardo\/Brazil News \/ Elas no Tapete Vermelho<\/p>\n<p class=\"text\">A cantora prendeu os cabelos num rabo de cavalo e usou brincos prateados.<\/p>\n<p>Veja a cantora Dua Lipa sambando abaixo<\/p>\n<blockquote class=\"instagram-media\" data-instgrm-permalink=\"https:\/\/www.instagram.com\/reel\/DRJBf14EceQ\/?utm_source=ig_embed&amp;utm_campaign=loading\" data-instgrm-version=\"14\" style=\"background: #FFF; border: 0; border-radius: 3px; box-shadow: 0 0 1px 0 rgba(0,0,0,0.5),0 1px 10px 0 rgba(0,0,0,0.15); margin: 1px; max-width: 540px; min-width: 326px; padding: 0; width: calc(100% - 2px);\">\n<p>     Ver essa foto no Instagram <\/p>\n<p class=\"text\" style=\"color: #c9c8cd; font-family: Arial,sans-serif; font-size: 14px; line-height: 17px; margin-bottom: 0; margin-top: 8px; overflow: hidden; padding: 8px 0 7px; text-align: center; text-overflow: ellipsis; white-space: nowrap;\"><a href=\"https:\/\/www.instagram.com\/reel\/DRJBf14EceQ\/?utm_source=ig_embed&amp;utm_campaign=loading\" rel=\"noopener nofollow\" style=\"color: #c9c8cd; font-family: Arial,sans-serif; font-size: 14px; font-style: normal; font-weight: normal; line-height: 17px; text-decoration: none;\" target=\"_blank\">Uma publica\u00e7\u00e3o compartilhada por \ud83c\udf34 Insta de Copa (@instadecopa)<\/a><\/p>\n<\/blockquote>\n<p> Homens apostam na regata<\/p>\n<p><img alt=\"Shawn Mendes \" class=\"img-628e91217c1d312620d9acfb8fb9aac476aprpyl\" decoding=\"async\" height=\"1161\" loading=\"lazy\" src=\"https:\/\/www.europesays.com\/pt\/wp-content\/uploads\/2025\/11\/1347213770-shawn-mendes.jpg\"  title=\"Shawn Mendes\" width=\"774\"\/><\/p>\n<p>Shawn Mendes<\/p>\n<p>Foto: Brazil News \/ Elas no Tapete Vermelho<\/p>\n<p class=\"text\">Shawn Mendes saiu da balada descal\u00e7o. Ele foi de cal\u00e7a jeans e camiseta regata escura.<\/p>\n<p><img alt=\"Carlinhos Brown \" class=\"img-4162514f088bf99c0302b68baed30aa5zi5gejem\" decoding=\"async\" height=\"1091\" loading=\"lazy\" src=\"https:\/\/www.europesays.com\/pt\/wp-content\/uploads\/2025\/11\/1544217392-carlinhos-brown1-scaled.jpg\"  title=\"Carlinhos Brown\" width=\"774\"\/><\/p>\n<p>Carlinhos Brown<\/p>\n<p>Foto: Clayton Felizardo\/Brazil News \/ Elas no Tapete Vermelho<\/p>\n<p class=\"text\">Carlinhos Brown chegou \u00e0 festa com cal\u00e7a ajustada, camiseta, blazer preto e chinelo branco.<\/p>\n<p><img alt=\"Carlinhos Brown \" class=\"img-5ca1255ca9f9901f930bb4dd7a244e16lzkbqhg5\" decoding=\"async\" height=\"1161\" loading=\"lazy\" src=\"https:\/\/www.europesays.com\/pt\/wp-content\/uploads\/2025\/11\/393084250-carlinhos-brown.jpg\"  title=\"Carlinhos Brown\" width=\"774\"\/><\/p>\n<p>Carlinhos Brown<\/p>\n<p>Foto: Brazil News \/ Elas no Tapete Vermelho<\/p>\n<p class=\"text\">Na sa\u00edda, j\u00e1 sem blazer, deu para ver que a camiseta tamb\u00e9m era regata.<\/p>\n<p>                            <script async src=\"\/\/www.instagram.com\/embed.js\"><\/script><\/p>\n","protected":false},"excerpt":{"rendered":"Por: Ros\u00e2ngela Espinossi \/ Elas no Tapete Vermelho Depois de cantar com Carlinhos Brown e Caetano Veloso, no&hellip;\n","protected":false},"author":2,"featured_media":155045,"comment_status":"","ping_status":"","sticky":false,"template":"","format":"standard","meta":{"footnotes":""},"categories":[141],"tags":[114,115,149,150,32,33],"class_list":{"0":"post-155044","1":"post","2":"type-post","3":"status-publish","4":"format-standard","5":"has-post-thumbnail","7":"category-musica","8":"tag-entertainment","9":"tag-entretenimento","10":"tag-music","11":"tag-musica","12":"tag-portugal","13":"tag-pt"},"share_on_mastodon":{"url":"https:\/\/pubeurope.com\/@pt\/115565172412494273","error":""},"_links":{"self":[{"href":"https:\/\/www.europesays.com\/pt\/wp-json\/wp\/v2\/posts\/155044","targetHints":{"allow":["GET"]}}],"collection":[{"href":"https:\/\/www.europesays.com\/pt\/wp-json\/wp\/v2\/posts"}],"about":[{"href":"https:\/\/www.europesays.com\/pt\/wp-json\/wp\/v2\/types\/post"}],"author":[{"embeddable":true,"href":"https:\/\/www.europesays.com\/pt\/wp-json\/wp\/v2\/users\/2"}],"replies":[{"embeddable":true,"href":"https:\/\/www.europesays.com\/pt\/wp-json\/wp\/v2\/comments?post=155044"}],"version-history":[{"count":0,"href":"https:\/\/www.europesays.com\/pt\/wp-json\/wp\/v2\/posts\/155044\/revisions"}],"wp:featuredmedia":[{"embeddable":true,"href":"https:\/\/www.europesays.com\/pt\/wp-json\/wp\/v2\/media\/155045"}],"wp:attachment":[{"href":"https:\/\/www.europesays.com\/pt\/wp-json\/wp\/v2\/media?parent=155044"}],"wp:term":[{"taxonomy":"category","embeddable":true,"href":"https:\/\/www.europesays.com\/pt\/wp-json\/wp\/v2\/categories?post=155044"},{"taxonomy":"post_tag","embeddable":true,"href":"https:\/\/www.europesays.com\/pt\/wp-json\/wp\/v2\/tags?post=155044"}],"curies":[{"name":"wp","href":"https:\/\/api.w.org\/{rel}","templated":true}]}}