{"id":155050,"date":"2025-11-17T13:05:11","date_gmt":"2025-11-17T13:05:11","guid":{"rendered":"https:\/\/www.europesays.com\/pt\/155050\/"},"modified":"2025-11-17T13:05:11","modified_gmt":"2025-11-17T13:05:11","slug":"liliana-filipa-surge-sem-anel-de-noivado-e-teresa-guilherme-lamenta-tenho-muita-pena","status":"publish","type":"post","link":"https:\/\/www.europesays.com\/pt\/155050\/","title":{"rendered":"Liliana Filipa surge sem anel de noivado e Teresa Guilherme lamenta: &#8220;Tenho muita pena&#8230;&#8221;"},"content":{"rendered":"<p>Durante a rubrica de coment\u00e1rio \u00e0s not\u00edcias dos famosos no programa \u2018Manh\u00e3 CM\u2019, da CMTV, desta segunda-feira, 17 de novembro, uma fotografia partilhada por Liliana Filipa, j\u00e1 de regresso ao trabalho, deu que falar.<\/p>\n<p>Beatriz Prates come\u00e7ou por destacar: \u201c<strong>A Liliana j\u00e1 voltou ao trabalho, que ela \u00e9 influencer de sucesso. Voltou a colocar os seus stories, mas as pessoas repararam numa coisa: j\u00e1 n\u00e3o h\u00e1 c\u00e1 alian\u00e7a no dedo [Liliana foi pedida em casamento por Daniel Greg\u00f3rio em mar\u00e7o deste ano]<\/strong>\u201c.<\/p>\n<p>Por sua vez, Teresa Guilherme lamentou a separa\u00e7\u00e3o de Liliana Filipa e Daniel Greg\u00f3rio, principalmente ap\u00f3s a <a href=\"https:\/\/www.hiper.fm\/leo-caeiro-acusa-daniel-gregorio-de-traicao-a-liliana-filipa-ja-nao-ha-volta-a-dar\/\" target=\"_blank\" rel=\"noopener nofollow\">divulga\u00e7\u00e3o de um v\u00eddeo em que o ex-concorrente do Secret Story surge a beijar outra mulher<\/a>: \u201c<strong>Eu gosto muito da Liliana e tamb\u00e9m gosto muito do Daniel. Tenho muita pena que eles se tenham separado. Acho que, neste momento, o que ela est\u00e1 a querer dizer \u00e9 que a decis\u00e3o dela \u00e9 para a vida, mas que pode mudar. Mas, neste momento, a mensagem que ela est\u00e1 a passar \u00e9 que deu um basta naquela rela\u00e7\u00e3o<\/strong>\u201c.<\/p>\n<p>Veja em baixo:<\/p>\n<p><img loading=\"lazy\" decoding=\"async\" class=\"alignnone wp-image-651514 size-full\" src=\"data:image\/svg+xml,%3Csvg%20xmlns=\" http:=\"\" alt=\"\" width=\"1200\" height=\"634\" data-lazy- data-lazy- data-lazy-src=\"https:\/\/www.europesays.com\/pt\/wp-content\/uploads\/2025\/11\/Captura-de-ecra-2025-11-17-123337.png\"\/><\/p>\n<p><img loading=\"lazy\" decoding=\"async\" class=\"alignnone wp-image-651515 size-full\" src=\"data:image\/svg+xml,%3Csvg%20xmlns=\" http:=\"\" alt=\"\" width=\"1200\" height=\"634\" data-lazy- data-lazy- data-lazy-src=\"https:\/\/www.europesays.com\/pt\/wp-content\/uploads\/2025\/11\/Captura-de-ecra-2025-11-17-123400.png\"\/><\/p>\n","protected":false},"excerpt":{"rendered":"Durante a rubrica de coment\u00e1rio \u00e0s not\u00edcias dos famosos no programa \u2018Manh\u00e3 CM\u2019, da CMTV, desta segunda-feira, 17&hellip;\n","protected":false},"author":2,"featured_media":155051,"comment_status":"","ping_status":"","sticky":false,"template":"","format":"standard","meta":{"footnotes":""},"categories":[85],"tags":[8080,33361,114,115,3436,32,33,5745],"class_list":{"0":"post-155050","1":"post","2":"type-post","3":"status-publish","4":"format-standard","5":"has-post-thumbnail","7":"category-entretenimento","8":"tag-anel","9":"tag-anel-de-noivado","10":"tag-entertainment","11":"tag-entretenimento","12":"tag-liliana-filipa","13":"tag-portugal","14":"tag-pt","15":"tag-teresa-guilherme"},"share_on_mastodon":{"url":"https:\/\/pubeurope.com\/@pt\/115565188020471798","error":""},"_links":{"self":[{"href":"https:\/\/www.europesays.com\/pt\/wp-json\/wp\/v2\/posts\/155050","targetHints":{"allow":["GET"]}}],"collection":[{"href":"https:\/\/www.europesays.com\/pt\/wp-json\/wp\/v2\/posts"}],"about":[{"href":"https:\/\/www.europesays.com\/pt\/wp-json\/wp\/v2\/types\/post"}],"author":[{"embeddable":true,"href":"https:\/\/www.europesays.com\/pt\/wp-json\/wp\/v2\/users\/2"}],"replies":[{"embeddable":true,"href":"https:\/\/www.europesays.com\/pt\/wp-json\/wp\/v2\/comments?post=155050"}],"version-history":[{"count":0,"href":"https:\/\/www.europesays.com\/pt\/wp-json\/wp\/v2\/posts\/155050\/revisions"}],"wp:featuredmedia":[{"embeddable":true,"href":"https:\/\/www.europesays.com\/pt\/wp-json\/wp\/v2\/media\/155051"}],"wp:attachment":[{"href":"https:\/\/www.europesays.com\/pt\/wp-json\/wp\/v2\/media?parent=155050"}],"wp:term":[{"taxonomy":"category","embeddable":true,"href":"https:\/\/www.europesays.com\/pt\/wp-json\/wp\/v2\/categories?post=155050"},{"taxonomy":"post_tag","embeddable":true,"href":"https:\/\/www.europesays.com\/pt\/wp-json\/wp\/v2\/tags?post=155050"}],"curies":[{"name":"wp","href":"https:\/\/api.w.org\/{rel}","templated":true}]}}