{"id":155054,"date":"2025-11-17T13:07:17","date_gmt":"2025-11-17T13:07:17","guid":{"rendered":"https:\/\/www.europesays.com\/pt\/155054\/"},"modified":"2025-11-17T13:07:17","modified_gmt":"2025-11-17T13:07:17","slug":"tim-cook-ceo-da-apple-podera-ser-substituido-ja-no-proximo-ano","status":"publish","type":"post","link":"https:\/\/www.europesays.com\/pt\/155054\/","title":{"rendered":"Tim Cook, CEO da Apple, poder\u00e1 ser substitu\u00eddo j\u00e1 no pr\u00f3ximo ano"},"content":{"rendered":"<p>A Apple poder\u00e1 estar a preparar-se para uma mudan\u00e7a importante. Tim Cook poder\u00e1 deixar o cargo de CEO da Apple j\u00e1 em 2026, ap\u00f3s 15 anos \u00e0 frente da empresa. Embora John Ternus, vice-presidente de engenharia de hardware, pare\u00e7a um forte candidato para o substituir, a decis\u00e3o final caber\u00e1 ao conselho de administra\u00e7\u00e3o da gigante tecnol\u00f3gica.<\/p>\n<p><a target=\"_blank\" href=\"https:\/\/pplware.sapo.pt\/wp-content\/uploads\/2025\/11\/tim_cook_1.jpg\" onclick=\"refreshIframe()\" class=\"foobox\" rel=\"nofollow noopener\"><img fetchpriority=\"high\" decoding=\"async\" src=\"https:\/\/www.europesays.com\/pt\/wp-content\/uploads\/2025\/11\/tim_cook_1-1024x577.jpg\" alt=\"Tim Cook Apple CEO John Ternus\" width=\"720\" height=\"406\" class=\"aligncenter size-large wp-image-1088881\"  \/><\/a>\n<\/p>\n<p>Tim Cook poder\u00e1 ser substitu\u00eddo no pr\u00f3ximo ano<\/p>\n<p>Aos 65 anos, Tim Cook poder\u00e1 passar o comando da Apple ao seu sucessor, possivelmente j\u00e1 no in\u00edcio do pr\u00f3ximo ano. Quem o diz \u00e9 o Financial Times, que explica que o conselho de administra\u00e7\u00e3o e a administra\u00e7\u00e3o da empresa aceleraram o processo de procura de um substituto para o cargo de CEO.<\/p>\n<p>Fontes do jornal de neg\u00f3cios <a target=\"_blank\" href=\"https:\/\/www.ft.com\/content\/0d424625-f4f8-4646-9f6e-927c8cbe0e3e\" rel=\"nofollow noopener\">indicam<\/a> que a transi\u00e7\u00e3o n\u00e3o est\u00e1 relacionada com o desempenho da Apple. Est\u00e1 a caminho de um trimestre de festas recorde, como aconteceu no ver\u00e3o passado. A empresa n\u00e3o dever\u00e1 anunciar nada antes da divulga\u00e7\u00e3o dos seus pr\u00f3ximos resultados trimestrais, prevista para antes do final de janeiro de 2026.<\/p>\n<p>Um an\u00fancio no in\u00edcio do ano teria a vantagem de dar ao novo CEO e \u00e0 sua equipa algum tempo para se adaptarem, sem a press\u00e3o adicional de se prepararem para os principais eventos anuais da Apple. A apresenta\u00e7\u00e3o principal da WWDC em junho e a apresenta\u00e7\u00e3o da nova linha de iPhones em setembro. Mas o cen\u00e1rio pode mudar a qualquer momento.<\/p>\n<p><a target=\"_blank\" href=\"https:\/\/pplware.sapo.pt\/wp-content\/uploads\/2025\/11\/john-ternus-apple.jpg\" onclick=\"refreshIframe()\" class=\"foobox\" rel=\"nofollow noopener\"><img loading=\"lazy\" decoding=\"async\" src=\"https:\/\/www.europesays.com\/pt\/wp-content\/uploads\/2025\/11\/john-ternus-apple-1024x577.jpg\" alt=\"Tim Cook Apple CEO John Ternus\" width=\"720\" height=\"406\" class=\"aligncenter size-large wp-image-1088882\"  \/><\/a><\/p>\n<p>John Ternus \u00e9 um forte candidato dentro da Apple<\/p>\n<p>Ap\u00f3s gerir as opera\u00e7\u00f5es da empresa, Tim Cook assumiu o cargo de Steve Jobs em 2011, poucos meses antes da morte do ic\u00f3nico fundador da Apple. O atual CEO viveu uma s\u00e9rie de sucessos (AirPods, a estrat\u00e9gia de servi\u00e7os) e fracassos (o projeto do carro cancelado, a estrat\u00e9gia de IA, o Vision Pro, o HomePod e as batalhas com as entidades reguladoras). O certo \u00e9 que levou a Apple a novos patamares. A capitaliza\u00e7\u00e3o bolsista do grupo saltou de 350 mil milh\u00f5es de d\u00f3lares em 2011 para <a target=\"_blank\" href=\"https:\/\/pplware.sapo.pt\/informacao\/apple-e-microsoft-ultrapassam-os-4-bilioes-de-dolares-em-valor-de-mercado\/\" rel=\"nofollow noopener\">4 bili\u00f5es atualmente<\/a>.<\/p>\n<p>Internamente, John Ternus \u00e9 popular. O vice-presidente de engenharia de hardware tem 50 anos, e a sua poss\u00edvel nomea\u00e7\u00e3o teria tamb\u00e9m um significado simb\u00f3lico. Colocaria um especialista em hardware de volta ao comando, um perfil que n\u00e3o se via \u00e0 frente da Apple desde a era Jobs.<\/p>\n<p>John Ternus juntou-se \u00e0 Apple em 2001 e trabalhou no iPhone, iPad e na maioria dos principais lan\u00e7amentos de produtos da \u00faltima d\u00e9cada. Goza de uma s\u00f3lida reputa\u00e7\u00e3o. Cultiva um estilo discreto e altamente t\u00e9cnico, bem diferente da abordagem mais politicamente carregada de Tim Cook. Se for escolhido, no entanto, ter\u00e1 de convencer todos de que um regresso ao ADN essencial do hardware da Apple poder\u00e1 ser suficiente para reacender o seu \u00edmpeto inovador numa altura em que os seus concorrentes apostam na IA.<\/p>\n","protected":false},"excerpt":{"rendered":"A Apple poder\u00e1 estar a preparar-se para uma mudan\u00e7a importante. Tim Cook poder\u00e1 deixar o cargo de CEO&hellip;\n","protected":false},"author":2,"featured_media":155055,"comment_status":"","ping_status":"","sticky":false,"template":"","format":"standard","meta":{"footnotes":""},"categories":[83],"tags":[247,88,1192,89,90,33362,32,33,5006],"class_list":{"0":"post-155054","1":"post","2":"type-post","3":"status-publish","4":"format-standard","5":"has-post-thumbnail","7":"category-empresas","8":"tag-apple","9":"tag-business","10":"tag-ceo","11":"tag-economy","12":"tag-empresas","13":"tag-john-ternus","14":"tag-portugal","15":"tag-pt","16":"tag-tim-cook"},"share_on_mastodon":{"url":"https:\/\/pubeurope.com\/@pt\/115565195866481747","error":""},"_links":{"self":[{"href":"https:\/\/www.europesays.com\/pt\/wp-json\/wp\/v2\/posts\/155054","targetHints":{"allow":["GET"]}}],"collection":[{"href":"https:\/\/www.europesays.com\/pt\/wp-json\/wp\/v2\/posts"}],"about":[{"href":"https:\/\/www.europesays.com\/pt\/wp-json\/wp\/v2\/types\/post"}],"author":[{"embeddable":true,"href":"https:\/\/www.europesays.com\/pt\/wp-json\/wp\/v2\/users\/2"}],"replies":[{"embeddable":true,"href":"https:\/\/www.europesays.com\/pt\/wp-json\/wp\/v2\/comments?post=155054"}],"version-history":[{"count":0,"href":"https:\/\/www.europesays.com\/pt\/wp-json\/wp\/v2\/posts\/155054\/revisions"}],"wp:featuredmedia":[{"embeddable":true,"href":"https:\/\/www.europesays.com\/pt\/wp-json\/wp\/v2\/media\/155055"}],"wp:attachment":[{"href":"https:\/\/www.europesays.com\/pt\/wp-json\/wp\/v2\/media?parent=155054"}],"wp:term":[{"taxonomy":"category","embeddable":true,"href":"https:\/\/www.europesays.com\/pt\/wp-json\/wp\/v2\/categories?post=155054"},{"taxonomy":"post_tag","embeddable":true,"href":"https:\/\/www.europesays.com\/pt\/wp-json\/wp\/v2\/tags?post=155054"}],"curies":[{"name":"wp","href":"https:\/\/api.w.org\/{rel}","templated":true}]}}