{"id":155056,"date":"2025-11-17T13:09:10","date_gmt":"2025-11-17T13:09:10","guid":{"rendered":"https:\/\/www.europesays.com\/pt\/155056\/"},"modified":"2025-11-17T13:09:10","modified_gmt":"2025-11-17T13:09:10","slug":"apreendidas-1-326-garrafas-asae-desmonta-unidade-ilegal-de-vinho-do-douro","status":"publish","type":"post","link":"https:\/\/www.europesays.com\/pt\/155056\/","title":{"rendered":"Apreendidas 1.326 garrafas. ASAE desmonta &#8220;unidade ilegal&#8221; de vinho do Douro"},"content":{"rendered":"<p>                <b>Uma a\u00e7\u00e3o de fiscaliza\u00e7\u00e3o realizada em Vila Real levou ao desmantelamento de uma \u201cunidade ilegal de engarrafamento de vinho do Douro\u201d<\/b>, revelou esta segunda-feira a Autoridade de Seguran\u00e7a Alimentar e Econ\u00f3mica. <\/p>\n<p>Durante esta opera\u00e7\u00e3o <b>\u201cfoi detetada uma parede dissimulada e falsa que escondia uma zona onde era efetuado o engarrafamento e distribui\u00e7\u00e3o e vinhos DOC Douro e onde estavam armazenadas garrafas de vinho preparadas para serem rotuladas ilegalmente\u201d<\/b>, segundo um comunicado da ASAE.\u201cA unidade ilegal foi desmantelada e foram apreendidas 1.326 garrafas de vinho para serem indevidamente rotuladas como vinhos reserva DOC Douro e 12.000 r\u00f3tulos com indica\u00e7\u00e3o de reserva DOC Douro\u201d.<br \/>&#13;\n<\/p>\n<p>\u201cFoi ainda <b>instaurado um processo-crime pela pr\u00e1tica do crime de usurpa\u00e7\u00e3o de denomina\u00e7\u00e3o de origem<\/b>\u201d, l\u00ea-se na mesma nota.<\/p>\n<p>Os<b> factos apurados pela ASAE foram entretanto reportados ao Departamento de Investiga\u00e7\u00e3o e A\u00e7\u00e3o Penal<\/b>, \u201ctendo a opera\u00e7\u00e3o contado com o apoio t\u00e9cnico do Instituto dos Vinhos do Douro e Porto, I.P. (IVDP) sobre a origem dos vinhos\u201d.<\/p>\n<p><img decoding=\"async\" src=\"https:\/\/www.europesays.com\/pt\/wp-content\/uploads\/2025\/11\/37a81e727896a02f44bbf0be2d0c550b\"\/><br \/>&#13;<br \/>\nFoto: ASAE<br \/>&#13;<br \/>\n&#13;<br \/>\n<br \/>&#13;<br \/>\nA opera\u00e7\u00e3o, explica tamb\u00e9m a ASAE, \u201c teve como foco a salvaguarda da autenticidade e da qualidade dos vinhos da Regi\u00e3o, assegurando o rigor em todas as fases da produ\u00e7\u00e3o, embalamento, distribui\u00e7\u00e3o e comercializa\u00e7\u00e3o, garantindo que os produtos respeitem as origens geogr\u00e1ficas declaradas\u201d.<\/p>\n<p>\u201cO sector vitivin\u00edcola \u00e9 um dos sectores de maior relev\u00e2ncia na economia nacional, pelo que a ASAE continuar\u00e1 a refor\u00e7ar a\u00e7\u00f5es de inspe\u00e7\u00e3o neste setor, no combate a pr\u00e1ticas fraudulentas e enganosas, em todo o territ\u00f3rio nacional e em prol de uma s\u00e3 e leal concorr\u00eancia entre operadores econ\u00f3micos\u201d, remata a entidade.&#13;\n            <\/p>\n","protected":false},"excerpt":{"rendered":"Uma a\u00e7\u00e3o de fiscaliza\u00e7\u00e3o realizada em Vila Real levou ao desmantelamento de uma \u201cunidade ilegal de engarrafamento de&hellip;\n","protected":false},"author":2,"featured_media":155057,"comment_status":"","ping_status":"","sticky":false,"template":"","format":"standard","meta":{"footnotes":""},"categories":[10],"tags":[15350,27,28,4928,33363,15,16,8991,14,23686,25,26,21,22,12,13,19,20,5750,32,23,24,33,17,18,29,30,31,22280,5547,3911],"class_list":{"0":"post-155056","1":"post","2":"type-post","3":"status-publish","4":"format-standard","5":"has-post-thumbnail","7":"category-portugal","8":"tag-asae","9":"tag-breaking-news","10":"tag-breakingnews","11":"tag-douro","12":"tag-engarrafamento","13":"tag-featured-news","14":"tag-featurednews","15":"tag-garrafas","16":"tag-headlines","17":"tag-ilegal","18":"tag-latest-news","19":"tag-latestnews","20":"tag-main-news","21":"tag-mainnews","22":"tag-news","23":"tag-noticias","24":"tag-noticias-principais","25":"tag-noticiasprincipais","26":"tag-operacao","27":"tag-portugal","28":"tag-principais-noticias","29":"tag-principaisnoticias","30":"tag-pt","31":"tag-top-stories","32":"tag-topstories","33":"tag-ultimas","34":"tag-ultimas-noticias","35":"tag-ultimasnoticias","36":"tag-unidade","37":"tag-vila-real","38":"tag-vinho"},"share_on_mastodon":{"url":"https:\/\/pubeurope.com\/@pt\/115565203878414434","error":""},"_links":{"self":[{"href":"https:\/\/www.europesays.com\/pt\/wp-json\/wp\/v2\/posts\/155056","targetHints":{"allow":["GET"]}}],"collection":[{"href":"https:\/\/www.europesays.com\/pt\/wp-json\/wp\/v2\/posts"}],"about":[{"href":"https:\/\/www.europesays.com\/pt\/wp-json\/wp\/v2\/types\/post"}],"author":[{"embeddable":true,"href":"https:\/\/www.europesays.com\/pt\/wp-json\/wp\/v2\/users\/2"}],"replies":[{"embeddable":true,"href":"https:\/\/www.europesays.com\/pt\/wp-json\/wp\/v2\/comments?post=155056"}],"version-history":[{"count":0,"href":"https:\/\/www.europesays.com\/pt\/wp-json\/wp\/v2\/posts\/155056\/revisions"}],"wp:featuredmedia":[{"embeddable":true,"href":"https:\/\/www.europesays.com\/pt\/wp-json\/wp\/v2\/media\/155057"}],"wp:attachment":[{"href":"https:\/\/www.europesays.com\/pt\/wp-json\/wp\/v2\/media?parent=155056"}],"wp:term":[{"taxonomy":"category","embeddable":true,"href":"https:\/\/www.europesays.com\/pt\/wp-json\/wp\/v2\/categories?post=155056"},{"taxonomy":"post_tag","embeddable":true,"href":"https:\/\/www.europesays.com\/pt\/wp-json\/wp\/v2\/tags?post=155056"}],"curies":[{"name":"wp","href":"https:\/\/api.w.org\/{rel}","templated":true}]}}