{"id":155058,"date":"2025-11-17T13:10:08","date_gmt":"2025-11-17T13:10:08","guid":{"rendered":"https:\/\/www.europesays.com\/pt\/155058\/"},"modified":"2025-11-17T13:10:08","modified_gmt":"2025-11-17T13:10:08","slug":"zelensky-assina-acordo-em-paris-para-compra-de-avioes-de-combate-franceses","status":"publish","type":"post","link":"https:\/\/www.europesays.com\/pt\/155058\/","title":{"rendered":"Zelensky assina acordo em Paris para compra de avi\u00f5es de combate franceses"},"content":{"rendered":"<p>&#13;<br \/>\nO presidente franc\u00eas recebeu o seu hom\u00f3logo ucraniano na base a\u00e9rea de Villacoublay, a sudoeste de Paris, onde assinaram uma &#8220;declara\u00e7\u00e3o de inten\u00e7\u00f5es relativa \u00e0 coopera\u00e7\u00e3o no que diz respeito \u00e0 aquisi\u00e7\u00e3o de equipamento de defesa franc\u00eas pela Ucr\u00e2nia&#8221;.<br \/>&#13;<br \/>\n<b><br \/>&#13;<br \/>\nSegundo o Pal\u00e1cio do Eliseu, este acordo, previsto para um per\u00edodo de cerca de dez anos, inclui potenciais contratos futuros para a aquisi\u00e7\u00e3o, por parte da Ucr\u00e2nia, de cerca de 100 ca\u00e7as Rafale, bem como o sistema de defesa a\u00e9rea de \u00faltima gera\u00e7\u00e3o SAMP-T, atualmente em desenvolvimento, e sistemas de radar.&#13;<br \/>\n<\/b>&#13;\n<\/p>\n<p>O acordo inclui tamb\u00e9m novas aquisi\u00e7\u00f5es de bombas AASM Hammer e drones.<\/p>\n<p><b>Numa declara\u00e7\u00e3o na rede social X, o presidente ucraniano refere-se a este acordo como \u201cverdadeiramente hist\u00f3rico para ambas as na\u00e7\u00f5es\u201d.<br \/>&#13;<br \/>\n<\/b>&#13;\n<\/p>\n<blockquote class=\"twitter-tweet\"><p>&#13;<\/p>\n<p lang=\"en\" dir=\"ltr\">&#13;<br \/>\n\tToday marks a significant moment, truly historic for both our nations \u2013 France and Ukraine. Together with Emmanuel Macron, we signed a Declaration of Intent on Cooperation in the Acquisition of Defense Equipment for Ukraine. This document enables Ukraine to procure military\u2026 <a href=\"https:\/\/t.co\/0qzG41IsnP\" rel=\"nofollow\">pic.twitter.com\/0qzG41IsnP<\/a>&#13;\n\t<\/p>\n<p>&#13;<br \/>\n\t\u2014 Volodymyr Zelenskyy \/ \u0412\u043e\u043b\u043e\u0434\u0438\u043c\u0438\u0440 \u0417\u0435\u043b\u0435\u043d\u0441\u044c\u043a\u0438\u0439 (@ZelenskyyUa) <a href=\"https:\/\/twitter.com\/ZelenskyyUa\/status\/1990387415291208164?ref_src=twsrc%5Etfw\" rel=\"nofollow noopener\" target=\"_blank\">November 17, 2025<\/a>&#13;\n<\/p><\/blockquote>\n<p>\n&#8220;Ser\u00e1 a melhor defesa a\u00e9rea, uma das melhores do mundo&#8221;, disse Zelenskiy ap\u00f3s a assinatura do acordo com Macron perante um ca\u00e7a Rafale e as bandeiras francesa e ucraniana no aeroporto militar de Villacoublay.<\/p>\n<p>Volodymyr Zelensky anunciou ainda que ter\u00e3o in\u00edcio este ano \u201cprojetos conjuntos\u201d entre os setores de defesa ucranianos e franceses. \u201cCoproduziremos drones intercetores e trabalharemos no desenvolvimento de tecnologias e componentes cr\u00edticos que poder\u00e3o ser integrados em drones ucranianos\u201d, esclarece. O presidente ucraniano j\u00e1 tinha assinado uma carta de inten\u00e7\u00f5es no m\u00eas passado para a aquisi\u00e7\u00e3o de 100 a 150 ca\u00e7as Gripen suecos.<\/p>\n<p><b>O encontro em Villacoublay teve como objetivo reafirmar o apoio de Macron \u00e0 Ucr\u00e2nia num momento particularmente delicado devido \u00e0 situa\u00e7\u00e3o na linha da frente e \u00e0 crise pol\u00edtica que o Governo ucraniano enfrenta neste momento devido aos casos de corrup\u00e7\u00e3o.<\/b><\/p>\n<p>Depois de ouvir os hinos nacionais de ambos os pa\u00edses e de inspecionar as tropas presentes em Villacoublay, o presidente franc\u00eas mostrou a Zelensky uma s\u00e9rie de equipamentos militares franceses, incluindo ca\u00e7as Rafale, m\u00edsseis antia\u00e9reos SAMP\/T NG e Aster 30 B NT, radares GF 300 e aparelhos a\u00e9reos n\u00e3o tripulados (drones).<\/p>\n<p>De acordo com a agenda oficial, ap\u00f3s a visita \u00e0 base a\u00e9rea, Macron e Zelensky v\u00e3o visitar a sede da coliga\u00e7\u00e3o de volunt\u00e1rios, grupo composto por 35 pa\u00edses, sobretudo europeus, que est\u00e3o a preparar garantias de seguran\u00e7a para Kiev caso se verifique um acordo de cessar-fogo com a R\u00fassia. Na ter\u00e7a-feira, Volodimir Zelensky vai deslocar-se a Espanha.\u00a0&#13;\n<\/p>\n<p>            <script async src=\"https:\/\/platform.twitter.com\/widgets.js\" charset=\"utf-8\"><\/script><\/p>\n","protected":false},"excerpt":{"rendered":"&#13; O presidente franc\u00eas recebeu o seu hom\u00f3logo ucraniano na base a\u00e9rea de Villacoublay, a sudoeste de Paris,&hellip;\n","protected":false},"author":2,"featured_media":155059,"comment_status":"","ping_status":"","sticky":false,"template":"","format":"standard","meta":{"footnotes":""},"categories":[8],"tags":[33364,8722,27,28,15,16,14,25,26,21,22,12,13,19,20,32,3281,23,24,33,17,18,840,29,30,31,2416],"class_list":{"0":"post-155058","1":"post","2":"type-post","3":"status-publish","4":"format-standard","5":"has-post-thumbnail","7":"category-principais-noticias","8":"tag-acordos","9":"tag-avioes","10":"tag-breaking-news","11":"tag-breakingnews","12":"tag-featured-news","13":"tag-featurednews","14":"tag-headlines","15":"tag-latest-news","16":"tag-latestnews","17":"tag-main-news","18":"tag-mainnews","19":"tag-news","20":"tag-noticias","21":"tag-noticias-principais","22":"tag-noticiasprincipais","23":"tag-portugal","24":"tag-presidente","25":"tag-principais-noticias","26":"tag-principaisnoticias","27":"tag-pt","28":"tag-top-stories","29":"tag-topstories","30":"tag-ucrania","31":"tag-ultimas","32":"tag-ultimas-noticias","33":"tag-ultimasnoticias","34":"tag-volodymyr-zelensky"},"share_on_mastodon":{"url":"https:\/\/pubeurope.com\/@pt\/115565207636342918","error":""},"_links":{"self":[{"href":"https:\/\/www.europesays.com\/pt\/wp-json\/wp\/v2\/posts\/155058","targetHints":{"allow":["GET"]}}],"collection":[{"href":"https:\/\/www.europesays.com\/pt\/wp-json\/wp\/v2\/posts"}],"about":[{"href":"https:\/\/www.europesays.com\/pt\/wp-json\/wp\/v2\/types\/post"}],"author":[{"embeddable":true,"href":"https:\/\/www.europesays.com\/pt\/wp-json\/wp\/v2\/users\/2"}],"replies":[{"embeddable":true,"href":"https:\/\/www.europesays.com\/pt\/wp-json\/wp\/v2\/comments?post=155058"}],"version-history":[{"count":0,"href":"https:\/\/www.europesays.com\/pt\/wp-json\/wp\/v2\/posts\/155058\/revisions"}],"wp:featuredmedia":[{"embeddable":true,"href":"https:\/\/www.europesays.com\/pt\/wp-json\/wp\/v2\/media\/155059"}],"wp:attachment":[{"href":"https:\/\/www.europesays.com\/pt\/wp-json\/wp\/v2\/media?parent=155058"}],"wp:term":[{"taxonomy":"category","embeddable":true,"href":"https:\/\/www.europesays.com\/pt\/wp-json\/wp\/v2\/categories?post=155058"},{"taxonomy":"post_tag","embeddable":true,"href":"https:\/\/www.europesays.com\/pt\/wp-json\/wp\/v2\/tags?post=155058"}],"curies":[{"name":"wp","href":"https:\/\/api.w.org\/{rel}","templated":true}]}}