{"id":155060,"date":"2025-11-17T13:11:15","date_gmt":"2025-11-17T13:11:15","guid":{"rendered":"https:\/\/www.europesays.com\/pt\/155060\/"},"modified":"2025-11-17T13:11:15","modified_gmt":"2025-11-17T13:11:15","slug":"moda-brilho-e-emocao-na-noite-dos-oscars-honorarios-em-los-angeles","status":"publish","type":"post","link":"https:\/\/www.europesays.com\/pt\/155060\/","title":{"rendered":"Moda, brilho e emo\u00e7\u00e3o na noite dos Oscars honor\u00e1rios em Los Angeles"},"content":{"rendered":"<p data-remotead-prev-elm=\"true\" data-remotead-elm-id=\"inread\">A noite dos Oscars honor\u00e1rios voltou a transformar o Ray Dolby Ballroom, em Los Angeles, numa montra onde moda, mem\u00f3ria e emo\u00e7\u00e3o se cruzaram. A cerim\u00f3nia, que distingue carreiras de refer\u00eancia e marca o arranque simb\u00f3lico da temporada, reuniu figuras que atravessaram a passadeira vermelha com visuais cuidadosamente escolhidos.<\/p>\n<p>O dramatismo instalou-se logo na entrada com o vestido de Tamara Ralph usado por Jennifer Lopez. A pe\u00e7a da cole\u00e7\u00e3o outono\/inverno 2025 combinava um decote em cora\u00e7\u00e3o, corpete justo e uma saia volumosa, tudo iluminado por joias de Chopard que refor\u00e7avam o tom cinematogr\u00e1fico do momento.<\/p>\n<p><img decoding=\"async\" class=\"ngx-body\" guid=\"c90fbc27-448f-44a4-90e8-a15653f71fd8\" src=\"https:\/\/www.europesays.com\/pt\/wp-content\/uploads\/2025\/11\/1763385070_37_image.jpg\" width=\"100%\"\/>Foto: Valerie Macon\/AFP<\/p>\n<p data-remotead-prev-elm=\"true\" data-remotead-elm-id=\"centro1\">Num registo mais contido, Emma Stone apareceu com um Louis Vuitton de decote Bardot, enquanto o Dior branco escolhido por Jennifer Lawrence, trabalhado em drapeados com uma fenda pronunciada, demonstrou como a simplicidade pode ser igualmente marcante.<\/p>\n<p><img decoding=\"async\" class=\"ngx-body\" guid=\"c79facc2-5282-4fe2-959b-4953c12689cd\" src=\"https:\/\/www.europesays.com\/pt\/wp-content\/uploads\/2025\/11\/1763385071_258_image.jpg\" width=\"100%\"\/>Fotos: Caroline Brehman\/EPA<\/p>\n<p>Ariana Grande trouxe consigo o romantismo associado \u00e0 sua personagem Glinda, de &#8220;Wicked: Parte II&#8221;, num Dior de 2007 em rosa p\u00e1lido, com decote assim\u00e9trico e drapeados laterais. O coordenado tornou-se rapidamente um dos mais comentados da noite.<\/p>\n<p data-remotead-prev-elm=\"true\" data-remotead-elm-id=\"centro2\"><img decoding=\"async\" class=\"ngx-body\" guid=\"bafb3995-8930-4b02-91d5-cb10ad835425\" src=\"https:\/\/www.europesays.com\/pt\/wp-content\/uploads\/2025\/11\/1763385071_28_image.jpg\" width=\"100%\"\/>Foto: Valerie Macon\/AFP<\/p>\n<p>Romantismo e arrojo<\/p>\n<p>O vermelho voltou a ganhar vida atrav\u00e9s do coordenado de Emily Blunt, um vestido de decote assim\u00e9trico com volumes no ombro e transpar\u00eancias subtis a partir da anca. As joias da Messika refor\u00e7aram-lhe a presen\u00e7a.<\/p>\n<p><img decoding=\"async\" class=\"ngx-body\" guid=\"910df621-ec3f-41f6-a4b6-964a3a4d7906\" src=\"https:\/\/www.europesays.com\/pt\/wp-content\/uploads\/2025\/11\/1763385072_364_image.jpg\" width=\"100%\"\/>Foto: Valerie Macon\/AFP<\/p>\n<p data-remotead-prev-elm=\"true\" data-remotead-elm-id=\"centro3\">Numa paleta mais suave, Dakota Johnson escolheu um Valentino verde \u00e1gua, enquanto Amanda Seyfried apostou na ousadia controlada de um modelo com padr\u00e3o \u00e0s bolas castanho e branco, adornado com um la\u00e7o rosa frontal e mangas com pelo?<\/p>\n<p><img decoding=\"async\" class=\"ngx-body\" guid=\"72949ed2-82de-4ffb-bcc9-80074bae55f2\" src=\"https:\/\/www.europesays.com\/pt\/wp-content\/uploads\/2025\/11\/1763385072_41_image.jpg\" width=\"100%\"\/>Foto: Valerie Macon\/AFP<\/p>\n<p>Kate Hudson surgiu com um Valentino de decote halter, mangas de tul e pedraria delicada. Logo depois, Sydney Sweeney deixou a plateia a comentar o brilho quase l\u00edquido do seu Miu Miu, totalmente aplicado com pequenos cristais e acompanhado por uma capa que lhe dava movimento.<\/p>\n<p data-remotead-prev-elm=\"true\" data-remotead-elm-id=\"centro4\"><img decoding=\"async\" class=\"ngx-body\" guid=\"6e236230-5a1a-4159-89bf-ece91bcb436a\" src=\"https:\/\/www.europesays.com\/pt\/wp-content\/uploads\/2025\/11\/1763385073_930_image.jpg\" width=\"100%\"\/><br \/>Fotos: Caroline Brehman\/EPA e Valerie Macon\/AFP<\/p>\n<p>Natalie Portman afastou-se dos comprimentos tradicionais e optou por um Dior de pedraria, estruturado como se fosse uma pequena escultura. Kristen Stewart manteve a linha minimalista com um Rodarte preto, de decote palavra de honra e bordados florais. Mia Goth, igualmente fiel \u00e0 Dior, escolheu um azul-beb\u00e9 com dois la\u00e7os marcantes na anca.<\/p>\n<p><img decoding=\"async\" class=\"ngx-body\" guid=\"e92a796c-ac28-44af-90f7-3c2323667f19\" src=\"https:\/\/www.europesays.com\/pt\/wp-content\/uploads\/2025\/11\/1763385073_789_image.jpg\" width=\"100%\"\/>Fotos: Caroline Brehman\/EPA e Valerie Macon\/AFP<\/p>\n<p data-remotead-prev-elm=\"true\" data-remotead-elm-id=\"centro5\">Por sua vez, Gwyneth Paltrow apostou no minimalismo pensado, num Dries Van Noten discreto, combinado com sapatos Paris Texas e joias de Juju Vera. A fechar o desfile informal, Cynthia Erivo destacou-se com um Givenchy arquitet\u00f3nico, bordado e rematado por longas franjas.<\/p>\n<p><img decoding=\"async\" class=\"ngx-body\" guid=\"13a35240-6bd3-41fe-8ce0-60b381c7bdb4\" src=\"https:\/\/www.europesays.com\/pt\/wp-content\/uploads\/2025\/11\/1763385074_392_image.jpg\" width=\"100%\"\/><\/p>\n<p>Fotos: Valerie Macon\/AFP e Caroline Brehman\/EPA<\/p>\n<p>Homenagens sentidas<\/p>\n<p data-remotead-prev-elm=\"true\" data-remotead-elm-id=\"centro6\">As homenagens ocuparam grande parte da noite. Alejandro Gonz\u00e1lez I\u00f1\u00e1rritu entregou a Tom Cruise o seu primeiro Oscar honor\u00e1rio, descrevendo-o como &#8220;a personifica\u00e7\u00e3o do cinema&#8221;, numa das interven\u00e7\u00f5es mais aplaudidas da gala.<\/p>\n<p><img decoding=\"async\" class=\"ngx-body\" guid=\"40adb58c-9e83-40c7-87ba-e9db1d8157c7\" src=\"https:\/\/www.europesays.com\/pt\/wp-content\/uploads\/2025\/11\/1763385074_891_image.jpg\" width=\"100%\"\/>Foto: Michael Tran\/AFP<\/p>\n<p>Debbie Allen recebeu a estatueta das m\u00e3os de Cynthia Erivo, que a tratou por &#8220;Auntie&#8221; e divertiu a sala ao recordar a cena ic\u00f3nica de &#8220;Risky Business&#8221;.<\/p>\n<p><img decoding=\"async\" class=\"ngx-body\" guid=\"d6dca48b-c836-48b3-8f93-30a6a1fe4e4a\" src=\"https:\/\/www.europesays.com\/pt\/wp-content\/uploads\/2025\/11\/1763385075_834_image.jpg\" width=\"100%\"\/>Foto: Michael Tran\/AFP<\/p>\n<p>O momento mais comovente foi protagonizado por Wynn Thomas, primeiro designer de produ\u00e7\u00e3o afro-americano da hist\u00f3ria do cinema. Ao recordar a inf\u00e2ncia pobre na Filad\u00e9lfia, explicou com sinceridade e humor: &#8220;Chamavam-me maricas. Mas esse maricas cresceu e trabalhou com grandes cineastas.&#8221; O coment\u00e1rio provocou gargalhadas e uma onda de aplausos.<\/p>\n<p><img decoding=\"async\" class=\"ngx-body\" guid=\"5e04311b-b681-4266-8cb6-59c6a6adda0c\" src=\"https:\/\/www.europesays.com\/pt\/wp-content\/uploads\/2025\/11\/1763385075_427_image.jpg\" width=\"100%\"\/>Foto: Michael Tran\/AFP<\/p>\n<p>A \u00faltima distin\u00e7\u00e3o, o Jean Hersholt Humanitarian Award, foi entregue a Dolly Parton por mensagem gravada. Seguiu-se uma interpreta\u00e7\u00e3o poderosa de &#8220;Jolene&#8221; por Andra Day, que p\u00f4s a sala de p\u00e9 e encerrou a cerim\u00f3nia com emo\u00e7\u00e3o \u00e0 flor da pele.<\/p>\n<p><img decoding=\"async\" class=\"ngx-body\" guid=\"e2238dfb-a452-4440-9e5b-19b8764c8696\" src=\"https:\/\/www.europesays.com\/pt\/wp-content\/uploads\/2025\/11\/1763385075_523_image.jpg\" width=\"100%\"\/>Foto: Michael Tran\/AFP<\/p>\n<p>A noite terminou com a sensa\u00e7\u00e3o de que Hollywood entrou, finalmente, em modo Oscars, entre moda, talento e hist\u00f3rias que continuam a inspirar a ind\u00fastria.<\/p>\n","protected":false},"excerpt":{"rendered":"A noite dos Oscars honor\u00e1rios voltou a transformar o Ray Dolby Ballroom, em Los Angeles, numa montra onde&hellip;\n","protected":false},"author":2,"featured_media":155061,"comment_status":"","ping_status":"","sticky":false,"template":"","format":"standard","meta":{"footnotes":""},"categories":[145],"tags":[33365,211,210,114,115,4739,2595,14758,32,33],"class_list":{"0":"post-155060","1":"post","2":"type-post","3":"status-publish","4":"format-standard","5":"has-post-thumbnail","7":"category-celebridades","8":"tag-academia-de-hollywood","9":"tag-celebridades","10":"tag-celebrities","11":"tag-entertainment","12":"tag-entretenimento","13":"tag-estrelas-de-hollywood","14":"tag-hollywood","15":"tag-passadeira-vermelha","16":"tag-portugal","17":"tag-pt"},"share_on_mastodon":{"url":"https:\/\/pubeurope.com\/@pt\/115565211715365178","error":""},"_links":{"self":[{"href":"https:\/\/www.europesays.com\/pt\/wp-json\/wp\/v2\/posts\/155060","targetHints":{"allow":["GET"]}}],"collection":[{"href":"https:\/\/www.europesays.com\/pt\/wp-json\/wp\/v2\/posts"}],"about":[{"href":"https:\/\/www.europesays.com\/pt\/wp-json\/wp\/v2\/types\/post"}],"author":[{"embeddable":true,"href":"https:\/\/www.europesays.com\/pt\/wp-json\/wp\/v2\/users\/2"}],"replies":[{"embeddable":true,"href":"https:\/\/www.europesays.com\/pt\/wp-json\/wp\/v2\/comments?post=155060"}],"version-history":[{"count":0,"href":"https:\/\/www.europesays.com\/pt\/wp-json\/wp\/v2\/posts\/155060\/revisions"}],"wp:featuredmedia":[{"embeddable":true,"href":"https:\/\/www.europesays.com\/pt\/wp-json\/wp\/v2\/media\/155061"}],"wp:attachment":[{"href":"https:\/\/www.europesays.com\/pt\/wp-json\/wp\/v2\/media?parent=155060"}],"wp:term":[{"taxonomy":"category","embeddable":true,"href":"https:\/\/www.europesays.com\/pt\/wp-json\/wp\/v2\/categories?post=155060"},{"taxonomy":"post_tag","embeddable":true,"href":"https:\/\/www.europesays.com\/pt\/wp-json\/wp\/v2\/tags?post=155060"}],"curies":[{"name":"wp","href":"https:\/\/api.w.org\/{rel}","templated":true}]}}