{"id":155066,"date":"2025-11-17T13:16:08","date_gmt":"2025-11-17T13:16:08","guid":{"rendered":"https:\/\/www.europesays.com\/pt\/155066\/"},"modified":"2025-11-17T13:16:08","modified_gmt":"2025-11-17T13:16:08","slug":"f1-o-filme-estamos-conversando-sobre-a-sequencia-diz-diretor","status":"publish","type":"post","link":"https:\/\/www.europesays.com\/pt\/155066\/","title":{"rendered":"F1 &#8211; O Filme | &#8220;Estamos conversando sobre a sequ\u00eancia&#8221;, diz diretor"},"content":{"rendered":"<p><strong>F1 &#8211; O Filme<\/strong>\u00a0pode (e deve) ganhar uma sequ\u00eancia. De acordo com o diretor Joseph Kosinski, em entrevista \u00e0 Variety, as discuss\u00f5es est\u00e3o em andamento e existe uma chance real de um novo cap\u00edtulo da jornada de Sonny Hayes, personagem de Brad Pitt, acontecer.<\/p>\n<p>&#8220;N\u00f3s estamos neste est\u00e1gio de sonhar e buscar entender qual \u00e9 o pr\u00f3ximo passo para Sony Hayes e para a APEX (equipe do personagem). Baseado na recep\u00e7\u00e3o desse filme pelas pessoas no mundo inteiro \u00e9 algo que adorar\u00edamos fazer novamente, pois o primeiro foi uma excelente experi\u00eancia&#8221;, falou o diretor. Veja o v\u00eddeo abaixo:<\/p>\n<p>            Continua depois da Publicidade<\/p>\n<p>Antes mesmo da estreia, Kosinki tinha dado a ideia de colocar dois gigantes do cinema na sequ\u00eancia:<strong>Brad Pitt\u00a0<\/strong>e\u00a0<strong>Tom Cruise<\/strong>. O diretor revelou que, originalmente, queria juntar a dupla em <strong>Ford v Ferrari<\/strong>, filme de <strong>James Mangold<\/strong> que acabou estrelado por <strong>Christian Bale<\/strong> e <strong>Matt Damon<\/strong>. &#8220;Os atores fariam todas as corridas no filme, mas o est\u00fadio n\u00e3o aprovou o or\u00e7amento que Kosinski queria. James Mangold acabou dirigindo&#8221;\u00a0(via <a href=\"https:\/\/variety.com\/2025\/film\/news\/f1-sequel-brad-pitt-tom-cruise-days-of-thunder-crossover-1236440399\/\" rel=\"nofollow noopener\" target=\"_blank\">Variety<\/a>). O cineasta, entretanto, ainda quer unir a dupla, desta vez em uma poss\u00edvel sequ\u00eancia de\u00a0F1.<\/p>\n<p>\u201cBem, agora, seria Cole Trickle, que era o personagem [de Cruise] em Dias de Trov\u00e3o, descobrimos que ele e Sonny Hayes [de Brad Pitt] t\u00eam um passado\u201d, disse Kosinski sobre sua proposta para a continua\u00e7\u00e3o. \u201cEles foram rivais em algum momento, talvez tenham se cruzado\u2026 Ouvi falar de uma batalha \u00e9pica de kart em Entrevista com um Vampiro que Brad e Tom tiveram, e quem n\u00e3o pagaria para ver os dois se enfrentarem na pista?\u201d,\u00a0\u00a0concluiu.<\/p>\n<p>    <strong>Tudo sobre\u00a0F1<\/strong><\/p>\n<p>Estrelado por Pitt como um ex-piloto que retorna \u00e0 F\u00f3rmula 1, ao lado de\u00a0Damson Idris, seu companheiro da equipe ficcional APXGP, o longa foi filmado durante os finais de semana dos Grandes Pr\u00eamios. O elenco de estrelas inclui\u00a0<strong>Kerry Condon<\/strong>\u00a0(Os Banshees de Inisherin),<strong>\u00a0Javier Bardem<\/strong>\u00a0(Onde os Fracos N\u00e3o T\u00eam Vez) e\u00a0<strong>Tobias Menzies<\/strong>\u00a0(The Crown).<\/p>\n<p>            Continua depois da Publicidade<\/p>\n<p><strong>Joseph Kosinski<\/strong>\u00a0(Top Gun: Maverick) \u00e9 o diretor do longa, que tem produ\u00e7\u00e3o executiva do\u00a0sete vezes campe\u00e3o da F\u00f3rmula 1\u00a0Sir\u00a0<strong>Lewis Hamilton<\/strong>. A Apple tamb\u00e9m participa da produ\u00e7\u00e3o.<\/p>\n<p>Com o an\u00fancio do lan\u00e7amento do filme nos cinemas, a\u00a0Apple\u00a0repete a estrat\u00e9gia que utilizou com outros grandes t\u00edtulos, como\u00a0Napole\u00e3o\u00a0e\u00a0Assassinos da Lua das Flores. Ao estrear nas telonas, os filmes passam a ser eleg\u00edveis para o\u00a0Oscar, coisa que n\u00e3o aconteceria se fossem lan\u00e7ados direto no servi\u00e7o de streaming.<\/p>\n<p data-gtm-vis-first-on-screen67967661_30=\"7697\" data-gtm-vis-has-fired67967661_30=\"1\" data-gtm-vis-recent-on-screen67967661_30=\"7697\" data-gtm-vis-total-visible-time67967661_30=\"100\">O filme estreia nos cinemas em\u00a026 de junho, com distribui\u00e7\u00e3o da\u00a0<strong>Warner Bros. Discovery<\/strong>.<\/p>\n","protected":false},"excerpt":{"rendered":"F1 &#8211; O Filme\u00a0pode (e deve) ganhar uma sequ\u00eancia. De acordo com o diretor Joseph Kosinski, em entrevista&hellip;\n","protected":false},"author":2,"featured_media":155067,"comment_status":"","ping_status":"","sticky":false,"template":"","format":"standard","meta":{"footnotes":""},"categories":[140],"tags":[114,115,147,148,146,32,33],"class_list":{"0":"post-155066","1":"post","2":"type-post","3":"status-publish","4":"format-standard","5":"has-post-thumbnail","7":"category-filmes","8":"tag-entertainment","9":"tag-entretenimento","10":"tag-film","11":"tag-filmes","12":"tag-movies","13":"tag-portugal","14":"tag-pt"},"share_on_mastodon":{"url":"https:\/\/pubeurope.com\/@pt\/115565231160151032","error":""},"_links":{"self":[{"href":"https:\/\/www.europesays.com\/pt\/wp-json\/wp\/v2\/posts\/155066","targetHints":{"allow":["GET"]}}],"collection":[{"href":"https:\/\/www.europesays.com\/pt\/wp-json\/wp\/v2\/posts"}],"about":[{"href":"https:\/\/www.europesays.com\/pt\/wp-json\/wp\/v2\/types\/post"}],"author":[{"embeddable":true,"href":"https:\/\/www.europesays.com\/pt\/wp-json\/wp\/v2\/users\/2"}],"replies":[{"embeddable":true,"href":"https:\/\/www.europesays.com\/pt\/wp-json\/wp\/v2\/comments?post=155066"}],"version-history":[{"count":0,"href":"https:\/\/www.europesays.com\/pt\/wp-json\/wp\/v2\/posts\/155066\/revisions"}],"wp:featuredmedia":[{"embeddable":true,"href":"https:\/\/www.europesays.com\/pt\/wp-json\/wp\/v2\/media\/155067"}],"wp:attachment":[{"href":"https:\/\/www.europesays.com\/pt\/wp-json\/wp\/v2\/media?parent=155066"}],"wp:term":[{"taxonomy":"category","embeddable":true,"href":"https:\/\/www.europesays.com\/pt\/wp-json\/wp\/v2\/categories?post=155066"},{"taxonomy":"post_tag","embeddable":true,"href":"https:\/\/www.europesays.com\/pt\/wp-json\/wp\/v2\/tags?post=155066"}],"curies":[{"name":"wp","href":"https:\/\/api.w.org\/{rel}","templated":true}]}}