{"id":15507,"date":"2025-08-04T12:34:20","date_gmt":"2025-08-04T12:34:20","guid":{"rendered":"https:\/\/www.europesays.com\/pt\/15507\/"},"modified":"2025-08-04T12:34:20","modified_gmt":"2025-08-04T12:34:20","slug":"tres-incendios-significativos-no-primeiro-dia-da-situacao-de-alerta-incendios","status":"publish","type":"post","link":"https:\/\/www.europesays.com\/pt\/15507\/","title":{"rendered":"Tr\u00eas inc\u00eandios significativos no primeiro dia da situa\u00e7\u00e3o de alerta | Inc\u00eandios"},"content":{"rendered":"<p>S\u00e3o Cibr\u00e3o e Sirarelhos, no munic\u00edpio de Vila Real, e Lourido, em Celorico de Basto, s\u00e3o os tr\u00eas inc\u00eandios considerados significativos, que continuavam a lavrar ao fim da tarde deste domingo, primeiro dia da <a href=\"https:\/\/www.publico.pt\/2025\/08\/02\/sociedade\/noticia\/incendios-proibicoes-excepcoes-conselhos-seguir-durante-situacao-alerta-2142692\" rel=\"nofollow noopener\" target=\"_blank\">situa\u00e7\u00e3o de alerta<\/a> decretada pelo Governo, por causa das elevadas temperaturas e da baixa humidade que se faz sentir em praticamente todo o territ\u00f3rio de Portugal continental.<\/p>\n<p>O inc\u00eandio de <strong>Sirarelhos<\/strong>, munic\u00edpio de Vila Real, que come\u00e7ou neste s\u00e1bado pelas 23h45, foi o que motivou maiores preocupa\u00e7\u00f5es ao longo do dia, com as <a href=\"https:\/\/www.publico.pt\/2025\/08\/03\/sociedade\/noticia\/incendio-ponte-barca-dominado-mil-operacionais-combatem-principais-focos-2142753\" rel=\"nofollow noopener\" target=\"_blank\">chamas a amea\u00e7arem casas<\/a> em Vila Cova por mais do que uma vez, tendo a popula\u00e7\u00e3o sido aconselhada a abandonar as habita\u00e7\u00f5es. J\u00e1 em Gont\u00e3es, o inc\u00eandio chegou a cercar a Capela de Nossa Senhora de F\u00e1tima, mas as labaredas n\u00e3o atingiram o edif\u00edcio. No local, \u00e0s 20h40, estavam 224 operacionais, apoiados por 72 viaturas.<\/p>\n<p>Em declara\u00e7\u00f5es aos jornalistas a partir de Vila Cova, o presidente da C\u00e2mara de Vila Real, Alexandre Favaios, considerou que os inc\u00eandios que assolam o concelho ter\u00e3o tido m\u00e3o criminosa. \u201cAquilo a que estamos a assistir \u00e9 claramente um ataque ao nosso territ\u00f3rio\u201d, declarou, pedindo que \u201cas autoridades continuem a fazer o seu trabalho para punir aqueles que, de alguma maneira, est\u00e3o a colocar em causa a nossa casa comum\u201d.<\/p>\n<p>Desde o in\u00edcio do ano, <a href=\"https:\/\/www.publico.pt\/2025\/08\/02\/sociedade\/noticia\/gnr-ja-deteve-36-incendiarios-flagrante-delito-ano-2142669\" rel=\"nofollow noopener\" target=\"_blank\">36 pessoas foram detidas<\/a> em flagrante delito pelo crime de fogo florestal e 525 identificadas, revelam os dados da GNR. Segundo n\u00fameros da mesma for\u00e7a de seguran\u00e7a, foram registados 2979 crimes de inc\u00eandio.<\/p>\n<p>J\u00e1 o fogo de <strong>S\u00e3o Cibr\u00e3o<\/strong>, que acabou por se direccionar para Sabrosa, estava, \u00e0s 20h34, em fase de resolu\u00e7\u00e3o, mobilizando 251 operacionais e 81 viaturas.<\/p>\n<p>Em declara\u00e7\u00f5es aos jornalistas, o segundo-comandante sub-regional do Douro, Jos\u00e9 Requeijo, manifestou a esperan\u00e7a de \u201cresolver isso durante a noite\u201d, aproveitando o que chamou de \u201cjanelas de oportunidade\u201d, \u00e0 medida que fica \u201cmais escuro e entra um bocadinho de humidade\u201d<\/p>\n<p>Por fim, o inc\u00eandio de <strong>Lourido<\/strong>, no concelho de Celorico de Basto, distrito de Braga, mant\u00e9m-se activo e mobilizava, \u00e0s 20h42, um total de 297 operacionais e 90 viaturas.<\/p>\n<p>A C\u00e2mara Municipal de Celorico de Basto recorreu \u00e0s redes sociais para especificar que o local que arde \u00e9 \u201cde muito dif\u00edcil acesso e povoado de plantas invasoras\u201d, sublinhando que, somadas as circunst\u00e2ncias de temperaturas elevadas e baixa humidade, \u201co combate dos meios presentes no terreno [est\u00e1 a ser] muito dif\u00edcil\u201d.<\/p>\n<p>J\u00e1 dado como dominado, o inc\u00eandio em <a href=\"https:\/\/www.publico.pt\/2025\/07\/28\/azul\/noticia\/fogo-ponte-barca-combatido-dez-aeronaves-250-operacionais-2142006\" rel=\"nofollow noopener\" target=\"_blank\">Lindoso<\/a>, no munic\u00edpio de <strong>Ponte da Barca<\/strong>, que entrou em fase de resolu\u00e7\u00e3o \u00e0s 10h45 deste domingo, depois de mais de uma semana activo, mant\u00e9m no local um dispositivo de 443 operacionais e 143 ve\u00edculos, \u201cempenhados em ac\u00e7\u00f5es de consolida\u00e7\u00e3o e vigil\u00e2ncia\u201d, l\u00ea-se em comunicado da Autoridade Nacional de Emerg\u00eancia e Protec\u00e7\u00e3o Civil (ANEPC).<\/p>\n<p>Segundo informou ainda a ANEPC, entre as 0h e as 17h30 deste domingo, foram registadas 80 ocorr\u00eancias de inc\u00eandios rurais em territ\u00f3rio continental: 26 tiveram in\u00edcio durante o per\u00edodo nocturno (entre as 20h de s\u00e1bado e as 7h de domingo). Um total de 1598 operacionais esteve a combater as chamas neste domingo, com o apoio por 407 ve\u00edculos e 110 miss\u00f5es a\u00e9reas, ou seja, voos realizados no \u00e2mbito das opera\u00e7\u00f5es de combate aos inc\u00eandios.<\/p>\n","protected":false},"excerpt":{"rendered":"S\u00e3o Cibr\u00e3o e Sirarelhos, no munic\u00edpio de Vila Real, e Lourido, em Celorico de Basto, s\u00e3o os tr\u00eas&hellip;\n","protected":false},"author":2,"featured_media":15508,"comment_status":"","ping_status":"","sticky":false,"template":"","format":"standard","meta":{"footnotes":""},"categories":[8],"tags":[5684,627,27,28,6130,15,16,14,2830,2832,25,26,21,22,12,13,19,20,2833,32,23,24,2376,33,58,17,18,29,30,31,5547],"class_list":{"0":"post-15507","1":"post","2":"type-post","3":"status-publish","4":"format-standard","5":"has-post-thumbnail","7":"category-principais-noticias","8":"tag-autoridade-nacional-de-emergencia-e-proteccao-civil","9":"tag-bombeiros","10":"tag-breaking-news","11":"tag-breakingnews","12":"tag-celorico-de-basto","13":"tag-featured-news","14":"tag-featurednews","15":"tag-headlines","16":"tag-incendios","17":"tag-incendios-florestais","18":"tag-latest-news","19":"tag-latestnews","20":"tag-main-news","21":"tag-mainnews","22":"tag-news","23":"tag-noticias","24":"tag-noticias-principais","25":"tag-noticiasprincipais","26":"tag-ponte-da-barca","27":"tag-portugal","28":"tag-principais-noticias","29":"tag-principaisnoticias","30":"tag-proteccao-civil","31":"tag-pt","32":"tag-sociedade","33":"tag-top-stories","34":"tag-topstories","35":"tag-ultimas","36":"tag-ultimas-noticias","37":"tag-ultimasnoticias","38":"tag-vila-real"},"share_on_mastodon":{"url":"","error":""},"_links":{"self":[{"href":"https:\/\/www.europesays.com\/pt\/wp-json\/wp\/v2\/posts\/15507","targetHints":{"allow":["GET"]}}],"collection":[{"href":"https:\/\/www.europesays.com\/pt\/wp-json\/wp\/v2\/posts"}],"about":[{"href":"https:\/\/www.europesays.com\/pt\/wp-json\/wp\/v2\/types\/post"}],"author":[{"embeddable":true,"href":"https:\/\/www.europesays.com\/pt\/wp-json\/wp\/v2\/users\/2"}],"replies":[{"embeddable":true,"href":"https:\/\/www.europesays.com\/pt\/wp-json\/wp\/v2\/comments?post=15507"}],"version-history":[{"count":0,"href":"https:\/\/www.europesays.com\/pt\/wp-json\/wp\/v2\/posts\/15507\/revisions"}],"wp:featuredmedia":[{"embeddable":true,"href":"https:\/\/www.europesays.com\/pt\/wp-json\/wp\/v2\/media\/15508"}],"wp:attachment":[{"href":"https:\/\/www.europesays.com\/pt\/wp-json\/wp\/v2\/media?parent=15507"}],"wp:term":[{"taxonomy":"category","embeddable":true,"href":"https:\/\/www.europesays.com\/pt\/wp-json\/wp\/v2\/categories?post=15507"},{"taxonomy":"post_tag","embeddable":true,"href":"https:\/\/www.europesays.com\/pt\/wp-json\/wp\/v2\/tags?post=15507"}],"curies":[{"name":"wp","href":"https:\/\/api.w.org\/{rel}","templated":true}]}}