{"id":155078,"date":"2025-11-17T13:23:25","date_gmt":"2025-11-17T13:23:25","guid":{"rendered":"https:\/\/www.europesays.com\/pt\/155078\/"},"modified":"2025-11-17T13:23:25","modified_gmt":"2025-11-17T13:23:25","slug":"porto-lidera-na-construcao-tem-muitas-casas-vazias-mas-precos-nao-param-de-subir","status":"publish","type":"post","link":"https:\/\/www.europesays.com\/pt\/155078\/","title":{"rendered":"Porto lidera na constru\u00e7\u00e3o, tem muitas casas vazias, mas pre\u00e7os n\u00e3o param de subir"},"content":{"rendered":"<p data-remotead-prev-elm=\"true\" data-remotead-elm-id=\"inread\">O Porto vive numa esp\u00e9cie de paradoxo habitacional: a par de Gaia, \u00e9 a cidade portuguesa que mais constr\u00f3i, tem muitas casas vazias &#8211; as estimativas mais recentes apontam para 20 mil fogos vagos -, mas os pre\u00e7os continuam a subir e atingem valores proibitivos. Nos escrit\u00f3rios, h\u00e1 escassez para tanta procura e no ramo hoteleiro n\u00e3o h\u00e1 paradoxo nenhum: o n\u00famero de quartos passou de 10 mil em 2019 para 14 mil em 2024 e continuam a ser erguidas cada vez mais unidades, sobretudo no centro da cidade.<\/p>\n","protected":false},"excerpt":{"rendered":"O Porto vive numa esp\u00e9cie de paradoxo habitacional: a par de Gaia, \u00e9 a cidade portuguesa que mais&hellip;\n","protected":false},"author":2,"featured_media":155079,"comment_status":"","ping_status":"","sticky":false,"template":"","format":"standard","meta":{"footnotes":""},"categories":[10],"tags":[27,28,20018,11850,15,16,456,14,1228,25,26,21,22,12,13,19,20,32,23,24,33,17,18,29,30,31],"class_list":{"0":"post-155078","1":"post","2":"type-post","3":"status-publish","4":"format-standard","5":"has-post-thumbnail","7":"category-portugal","8":"tag-breaking-news","9":"tag-breakingnews","10":"tag-concelho-porto","11":"tag-construcao","12":"tag-featured-news","13":"tag-featurednews","14":"tag-habitacao","15":"tag-headlines","16":"tag-imobiliario","17":"tag-latest-news","18":"tag-latestnews","19":"tag-main-news","20":"tag-mainnews","21":"tag-news","22":"tag-noticias","23":"tag-noticias-principais","24":"tag-noticiasprincipais","25":"tag-portugal","26":"tag-principais-noticias","27":"tag-principaisnoticias","28":"tag-pt","29":"tag-top-stories","30":"tag-topstories","31":"tag-ultimas","32":"tag-ultimas-noticias","33":"tag-ultimasnoticias"},"share_on_mastodon":{"url":"https:\/\/pubeurope.com\/@pt\/115565258703558074","error":""},"_links":{"self":[{"href":"https:\/\/www.europesays.com\/pt\/wp-json\/wp\/v2\/posts\/155078","targetHints":{"allow":["GET"]}}],"collection":[{"href":"https:\/\/www.europesays.com\/pt\/wp-json\/wp\/v2\/posts"}],"about":[{"href":"https:\/\/www.europesays.com\/pt\/wp-json\/wp\/v2\/types\/post"}],"author":[{"embeddable":true,"href":"https:\/\/www.europesays.com\/pt\/wp-json\/wp\/v2\/users\/2"}],"replies":[{"embeddable":true,"href":"https:\/\/www.europesays.com\/pt\/wp-json\/wp\/v2\/comments?post=155078"}],"version-history":[{"count":0,"href":"https:\/\/www.europesays.com\/pt\/wp-json\/wp\/v2\/posts\/155078\/revisions"}],"wp:featuredmedia":[{"embeddable":true,"href":"https:\/\/www.europesays.com\/pt\/wp-json\/wp\/v2\/media\/155079"}],"wp:attachment":[{"href":"https:\/\/www.europesays.com\/pt\/wp-json\/wp\/v2\/media?parent=155078"}],"wp:term":[{"taxonomy":"category","embeddable":true,"href":"https:\/\/www.europesays.com\/pt\/wp-json\/wp\/v2\/categories?post=155078"},{"taxonomy":"post_tag","embeddable":true,"href":"https:\/\/www.europesays.com\/pt\/wp-json\/wp\/v2\/tags?post=155078"}],"curies":[{"name":"wp","href":"https:\/\/api.w.org\/{rel}","templated":true}]}}