{"id":155082,"date":"2025-11-17T13:25:17","date_gmt":"2025-11-17T13:25:17","guid":{"rendered":"https:\/\/www.europesays.com\/pt\/155082\/"},"modified":"2025-11-17T13:25:17","modified_gmt":"2025-11-17T13:25:17","slug":"carla-marins-revela-verdadeiro-segredo-para-manter-boa-forma-aos-57-anos","status":"publish","type":"post","link":"https:\/\/www.europesays.com\/pt\/155082\/","title":{"rendered":"Carla Marins revela verdadeiro segredo para manter boa forma aos 57 anos"},"content":{"rendered":"<p><\/p>\n<p class=\"texto\">Carla Marins est\u00e1 de volta \u00e0s telinhas em Tr\u00eas Gra\u00e7as, atual novela das nove da Globo. A atriz, que interpreta X\u00eanica, faz o maior sucesso nas redes sociais pela boa forma no auge dos seus 57 anos.<\/p>\n<p class=\"texto\">Em entrevista \u00e0 revista Quem, a artista contou que mant\u00e9m a apar\u00eancia jovial com uma combina\u00e7\u00e3o de alimenta\u00e7\u00e3o saud\u00e1vel com muita atividade f\u00edsica, planejada pelo seu marido, o personal trainer Hugo Baltazar.<\/p>\n<p class=\"texto\">&#8220;Meu marido \u00e9 meu personal e n\u00e3o tem como escapar. Gosto muito de me exercitar. Faz bem para a cabe\u00e7a e para o corpo. Para envelhecer bem tem que se cuidar&#8221;, declarou Carla Marins, que confidenciou ter se submetido, tamb\u00e9m, a realiza\u00e7\u00e3o de procedimentos est\u00e9ticos.<\/p>\n<p class=\"texto\"><strong><a href=\"https:\/\/whatsapp.com\/channel\/0029VaB1U9a002T64ex1Sy2w\" target=\"_blank\" rel=\"nofollow noopener\">Siga o canal do Correio no WhatsApp e receba as principais not\u00edcias do dia no seu celular<\/a><\/strong><\/p>\n<p class=\"texto\">&#8220;Eu demorei muito para fazer tratamentos est\u00e9ticos no rosto por ter a tranquilidade de achar que uma atriz pode estar com a cara do seu tempo. N\u00e3o fiz muitas mudan\u00e7as. Tenho um cuidado est\u00e9tico leve para manter a minha pele boa, mas pretendo envelhecer naturalmente&#8221;, disse a atriz de Tr\u00eas Gra\u00e7as, que recentemente aderiu ao tratamento com os bioestimuladores de col\u00e1geno.<\/p>\n<p class=\"texto\">\u00a0<\/p>\n<ul>\n<li><a href=\"https:\/\/wa.me\/?text=Carla+Marins+revela+verdadeiro+segredo+para+manter+boa+forma+aos+57+anos%20https:\/\/www.correiobraziliense.com.br\/diversao-e-arte\/2025\/11\/7293820-carla-marins-revela-verdadeiro-segredo-para-manter-boa-forma-aos-57-anos.html\" target=\"_blank\" title=\"Whatsapp\" aria-label=\"WhatsApp\" rel=\"nofollow noopener\"><\/a><\/li>\n<li><a href=\"https:\/\/www.facebook.com\/sharer.php?u=https:\/\/www.correiobraziliense.com.br%2Fdiversao-e-arte%2F2025%2F11%2F7293820-carla-marins-revela-verdadeiro-segredo-para-manter-boa-forma-aos-57-anos.html&amp;text=Carla+Marins+revela+verdadeiro+segredo+para+manter+boa+forma+aos+57+anos\" target=\"_blank\" title=\"Facebook\" aria-label=\"Facebook\" rel=\"nofollow noopener\"><\/a><\/li>\n<li><a href=\"https:\/\/twitter.com\/intent\/tweet?url=https:\/\/www.correiobraziliense.com.br%2Fdiversao-e-arte%2F2025%2F11%2F7293820-carla-marins-revela-verdadeiro-segredo-para-manter-boa-forma-aos-57-anos.html&amp;text=Carla+Marins+revela+verdadeiro+segredo+para+manter+boa+forma+aos+57+anos\" target=\"_blank\" title=\"Twitter\" aria-label=\"Twitter\" rel=\"nofollow noopener\"><\/a><\/li>\n<li><a href=\"https:\/\/profile.google.com\/cp\/CgovbS8wNzZ0dms1\" title=\"Google Discover\" target=\"_blank\" aria-label=\"Google Discover\" rel=\"nofollow noopener\"><img decoding=\"async\" src=\"https:\/\/www.europesays.com\/pt\/wp-content\/uploads\/2025\/11\/1762975755_52_google-discover-icon.png\" style=\"height: 25px; margin: 0 !important; margin-left: 3px;\" alt=\"Google Discover Icon\"\/><\/a><\/li>\n<\/ul>\n<p>              <a href=\"https:\/\/www.correiobraziliense.com.br\/autor\/observatorio-dos-famosos\/page\/1\/\" style=\"height: 100%;\" rel=\"nofollow noopener\" target=\"_blank\"><img decoding=\"async\" class=\"hidden-print author-circle d-block h6 mt-0 mb-0 mr-6 text-center\" src=\"https:\/\/www.europesays.com\/pt\/wp-content\/uploads\/2025\/07\/logo_observatorio_dos_famosos-29028262.png\" alt=\"\" width=\"40\" height=\"40\" loading=\"lazy\" style=\"object-fit:cover; width: 40px; height: 40px; margin-right:10px;\"\/><\/a><a href=\"https:\/\/www.correiobraziliense.com.br\/autor\/observatorio-dos-famosos\/page\/1\/\" rel=\"nofollow noopener\" target=\"_blank\"><img decoding=\"async\" class=\"hidden-print author-circle d-block h6 mt-0 mb-0 mr-6 text-center\" src=\"https:\/\/www.europesays.com\/pt\/wp-content\/uploads\/2025\/07\/logo_observatorio_dos_famosos-29028262.png\" alt=\"\" width=\"40\" height=\"40\" loading=\"lazy\" style=\"object-fit:cover; width: 40px; height: 40px; margin-right:10px;\"\/><\/a>Observat\u00f3rio dos Famosos  <strong class=\"entryStrongAuthor\"\/><\/p>\n<p>                          <script async src=\"https:\/\/platform.twitter.com\/widgets.js\" charset=\"utf-8\"><\/script><\/p>\n","protected":false},"excerpt":{"rendered":"Carla Marins est\u00e1 de volta \u00e0s telinhas em Tr\u00eas Gra\u00e7as, atual novela das nove da Globo. A atriz,&hellip;\n","protected":false},"author":2,"featured_media":155083,"comment_status":"","ping_status":"","sticky":false,"template":"","format":"standard","meta":{"footnotes":""},"categories":[145],"tags":[211,210,114,115,753,2931,32,33],"class_list":{"0":"post-155082","1":"post","2":"type-post","3":"status-publish","4":"format-standard","5":"has-post-thumbnail","7":"category-celebridades","8":"tag-celebridades","9":"tag-celebrities","10":"tag-entertainment","11":"tag-entretenimento","12":"tag-globo","13":"tag-novela","14":"tag-portugal","15":"tag-pt"},"share_on_mastodon":{"url":"https:\/\/pubeurope.com\/@pt\/115565266697024620","error":""},"_links":{"self":[{"href":"https:\/\/www.europesays.com\/pt\/wp-json\/wp\/v2\/posts\/155082","targetHints":{"allow":["GET"]}}],"collection":[{"href":"https:\/\/www.europesays.com\/pt\/wp-json\/wp\/v2\/posts"}],"about":[{"href":"https:\/\/www.europesays.com\/pt\/wp-json\/wp\/v2\/types\/post"}],"author":[{"embeddable":true,"href":"https:\/\/www.europesays.com\/pt\/wp-json\/wp\/v2\/users\/2"}],"replies":[{"embeddable":true,"href":"https:\/\/www.europesays.com\/pt\/wp-json\/wp\/v2\/comments?post=155082"}],"version-history":[{"count":0,"href":"https:\/\/www.europesays.com\/pt\/wp-json\/wp\/v2\/posts\/155082\/revisions"}],"wp:featuredmedia":[{"embeddable":true,"href":"https:\/\/www.europesays.com\/pt\/wp-json\/wp\/v2\/media\/155083"}],"wp:attachment":[{"href":"https:\/\/www.europesays.com\/pt\/wp-json\/wp\/v2\/media?parent=155082"}],"wp:term":[{"taxonomy":"category","embeddable":true,"href":"https:\/\/www.europesays.com\/pt\/wp-json\/wp\/v2\/categories?post=155082"},{"taxonomy":"post_tag","embeddable":true,"href":"https:\/\/www.europesays.com\/pt\/wp-json\/wp\/v2\/tags?post=155082"}],"curies":[{"name":"wp","href":"https:\/\/api.w.org\/{rel}","templated":true}]}}