{"id":155086,"date":"2025-11-17T13:29:07","date_gmt":"2025-11-17T13:29:07","guid":{"rendered":"https:\/\/www.europesays.com\/pt\/155086\/"},"modified":"2025-11-17T13:29:07","modified_gmt":"2025-11-17T13:29:07","slug":"dua-lipa-cai-no-samba-em-festa-com-shawn-mendes-carlinhos-brown-bruna-marquezine-e-mais-veja-fotos-e-videos","status":"publish","type":"post","link":"https:\/\/www.europesays.com\/pt\/155086\/","title":{"rendered":"Dua Lipa cai no samba em festa com Shawn Mendes, Carlinhos Brown, Bruna Marquezine e mais; veja fotos e v\u00eddeos"},"content":{"rendered":"<p>Um dia depois de se apresentar no est\u00e1dio do MorumBis, em S\u00e3o Paulo, no s\u00e1bado (15), <strong>Dua Lipa foi vista chegando a uma festa no Centro<\/strong> da capital paulista na noite de domingo (16).<\/p>\n<p>A cantora, que retorna aos palcos no Brasil no pr\u00f3ximo dia 22, no Rio de Janeiro, entrou no evento <strong>usando um vestido curto de animal print, salto alto e bolsa vermelha,<\/strong> e chegou a posar rapidamente para a c\u00e2mera de um paparazzo que registrou sua chegada.<\/p>\n<p><img fetchpriority=\"high\" decoding=\"async\" aria-describedby=\"caption-attachment-221166\" class=\"size-full wp-image-221166\" src=\"https:\/\/www.europesays.com\/pt\/wp-content\/uploads\/2025\/11\/IMG_6102.jpeg\" alt=\"\" width=\"600\" height=\"477\"\/><\/p>\n<p id=\"caption-attachment-221166\" class=\"wp-caption-text\">Foto: Brazil News<\/p>\n<p>A celebra\u00e7\u00e3o contou com uma <strong>roda de samba comandada pelo Grupo Vers\u00e3o,<\/strong> respons\u00e1vel por animar Dua Lipa e os convidados.<\/p>\n<p>O grupo apresentou<strong> vers\u00f5es em pagode de sucessos internacionais, incluindo \u201cLevitating\u201d,<\/strong> um dos maiores hits da artista no \u00e1lbum \u201cFuture Nostalgia\u201d (2020).<\/p>\n<blockquote class=\"twitter-tweet\" data-media-max-width=\"560\">\n<p dir=\"ltr\" lang=\"pt\">ELA SABE VIVER! Dua Lipa curtindo a vers\u00e3o samba de \u201cLevitating\u201d em S\u00e3o Paulo. \ud83d\ude2d\ud83c\udde7\ud83c\uddf7 <a href=\"https:\/\/t.co\/Z4ubebN62a\" rel=\"nofollow\">pic.twitter.com\/Z4ubebN62a<\/a><\/p>\n<p>\u2014 Central Dua Lipa Brasil (@dualipacentral_) <a href=\"https:\/\/twitter.com\/dualipacentral_\/status\/1990240996295356695?ref_src=twsrc%5Etfw\" rel=\"nofollow noopener\" target=\"_blank\">November 17, 2025<\/a><\/p>\n<\/blockquote>\n<p>Em outro momento, a cantora <strong>apareceu puxando Shawn Mendes para dan\u00e7ar ao som de \u201cThere\u2019s Nothing Holdin\u2019 Me Back\u201d,<\/strong> faixa do disco \u201cIlluminate\u201d (2017), tamb\u00e9m em arranjo de pagode.<\/p>\n<p>O canadense est\u00e1 no Brasil desde o in\u00edcio de setembro e <a href=\"https:\/\/aloalobahia.com\/noticias\/2025\/11\/12\/porto-da-barra-ilha-dos-frades-pelourinho-e-mais-veja-onde-shawn-mendes-ja-esteve-em-salvador\/\" rel=\"nofollow noopener\" target=\"_blank\">chegou a passar alguns dias em Salvador, onde fez passeios com Ivete Sangalo.<\/a><\/p>\n<blockquote class=\"twitter-tweet\" data-media-max-width=\"560\">\n<p dir=\"ltr\" lang=\"pt\">Dua Lipa puxando Shawn Mendes para dan\u00e7ar a vers\u00e3o samba de \u201cThere\u2019s Nothing Holdin\u2019 Me Back\u201d ontem em S\u00e3o Paulo<\/p>\n<p><a href=\"https:\/\/t.co\/q1WADAx16l\" rel=\"nofollow\">pic.twitter.com\/q1WADAx16l<\/a><\/p>\n<p>\u2014 Shawn Mendes Brasil (@ShawnMendesBRA) <a href=\"https:\/\/twitter.com\/ShawnMendesBRA\/status\/1990367219658735730?ref_src=twsrc%5Etfw\" rel=\"nofollow noopener\" target=\"_blank\">November 17, 2025<\/a><\/p>\n<\/blockquote>\n<p>A festa reuniu nomes conhecidos da m\u00fasica e do entretenimento. <strong>Carlinhos Brown,<\/strong> <a href=\"https:\/\/aloalobahia.com\/noticias\/2025\/11\/15\/dua-lipa-canta-com-caetano-veloso-e-carlinhos-brown-durante-show-em-sao-paulo\/\" rel=\"nofollow noopener\" target=\"_blank\">que dividiu o palco com Dua e Caetano Veloso no show de s\u00e1bado,<\/a> tamb\u00e9m marcou presen\u00e7a.<\/p>\n<p><img loading=\"lazy\" decoding=\"async\" aria-describedby=\"caption-attachment-221168\" class=\"size-full wp-image-221168\" src=\"https:\/\/www.europesays.com\/pt\/wp-content\/uploads\/2025\/11\/IMG_6104.jpeg\" alt=\"\" width=\"600\" height=\"454\"\/><\/p>\n<p id=\"caption-attachment-221168\" class=\"wp-caption-text\">Foto: Brazil News<\/p>\n<p><strong>Bruna Marquezine, Sasha Meneghel, Jo\u00e3o Lucas<\/strong> e a produtora <strong>Luana Quaglia<\/strong> estiveram no evento, assim como <strong>Julia Rodrigues e Clara Buarque.<\/strong><\/p>\n<p><img loading=\"lazy\" decoding=\"async\" aria-describedby=\"caption-attachment-221169\" class=\"size-medium wp-image-221169\" src=\"https:\/\/www.europesays.com\/pt\/wp-content\/uploads\/2025\/11\/IMG_6113-489x720.jpeg\" alt=\"\" width=\"489\" height=\"720\"  \/><\/p>\n<p id=\"caption-attachment-221169\" class=\"wp-caption-text\">Foto: Brazil News<\/p>\n<p>\t\t\t\t<script async src=\"https:\/\/platform.twitter.com\/widgets.js\" charset=\"utf-8\"><\/script><\/p>\n","protected":false},"excerpt":{"rendered":"Um dia depois de se apresentar no est\u00e1dio do MorumBis, em S\u00e3o Paulo, no s\u00e1bado (15), Dua Lipa&hellip;\n","protected":false},"author":2,"featured_media":155087,"comment_status":"","ping_status":"","sticky":false,"template":"","format":"standard","meta":{"footnotes":""},"categories":[141],"tags":[114,115,149,150,32,33],"class_list":{"0":"post-155086","1":"post","2":"type-post","3":"status-publish","4":"format-standard","5":"has-post-thumbnail","7":"category-musica","8":"tag-entertainment","9":"tag-entretenimento","10":"tag-music","11":"tag-musica","12":"tag-portugal","13":"tag-pt"},"share_on_mastodon":{"url":"https:\/\/pubeurope.com\/@pt\/115565282809961156","error":""},"_links":{"self":[{"href":"https:\/\/www.europesays.com\/pt\/wp-json\/wp\/v2\/posts\/155086","targetHints":{"allow":["GET"]}}],"collection":[{"href":"https:\/\/www.europesays.com\/pt\/wp-json\/wp\/v2\/posts"}],"about":[{"href":"https:\/\/www.europesays.com\/pt\/wp-json\/wp\/v2\/types\/post"}],"author":[{"embeddable":true,"href":"https:\/\/www.europesays.com\/pt\/wp-json\/wp\/v2\/users\/2"}],"replies":[{"embeddable":true,"href":"https:\/\/www.europesays.com\/pt\/wp-json\/wp\/v2\/comments?post=155086"}],"version-history":[{"count":0,"href":"https:\/\/www.europesays.com\/pt\/wp-json\/wp\/v2\/posts\/155086\/revisions"}],"wp:featuredmedia":[{"embeddable":true,"href":"https:\/\/www.europesays.com\/pt\/wp-json\/wp\/v2\/media\/155087"}],"wp:attachment":[{"href":"https:\/\/www.europesays.com\/pt\/wp-json\/wp\/v2\/media?parent=155086"}],"wp:term":[{"taxonomy":"category","embeddable":true,"href":"https:\/\/www.europesays.com\/pt\/wp-json\/wp\/v2\/categories?post=155086"},{"taxonomy":"post_tag","embeddable":true,"href":"https:\/\/www.europesays.com\/pt\/wp-json\/wp\/v2\/tags?post=155086"}],"curies":[{"name":"wp","href":"https:\/\/api.w.org\/{rel}","templated":true}]}}