{"id":155088,"date":"2025-11-17T13:30:12","date_gmt":"2025-11-17T13:30:12","guid":{"rendered":"https:\/\/www.europesays.com\/pt\/155088\/"},"modified":"2025-11-17T13:30:12","modified_gmt":"2025-11-17T13:30:12","slug":"lancamentos-da-semana-17-a-23-de-novembro","status":"publish","type":"post","link":"https:\/\/www.europesays.com\/pt\/155088\/","title":{"rendered":"lan\u00e7amentos da semana (17 a 23 de novembro)"},"content":{"rendered":"<p>Nesta semana, o cat\u00e1logo do Prime Video recebe a s\u00e9rie &#8220;The Mighty Nein&#8221; e o filme &#8220;31 Minutos: Calurosa Navidad&#8221;<\/p>\n<p><img decoding=\"async\" src=\"https:\/\/www.europesays.com\/pt\/wp-content\/uploads\/2025\/11\/Destaque-Prime-Video-Lancamentos-da-semana-17-e-23-de-novembro-1920x1080.jpg\" class=\"attachment-banner size-banner\" alt=\"Montagem com p\u00f4steres da s\u00e9rie The Mighty Nien e do novo filme de 31 Minutos, que estreiam no Amazon Prime Video na semana entre 17 e 23 de novembro\" loading=\"eager\" fetchpriority=\"high\" width=\"1920\" height=\"1080\"\/><br \/>\n\t\t\t(Imagem: Divulga\u00e7\u00e3o e Olhar Digital)<\/p>\n<p>Compartilhe esta mat\u00e9ria<\/p>\n<p class=\"fitec-embcmp\"><a href=\"https:\/\/profile.google.com\/cp\/CgsvZy8xMjFqY2oxMw\" target=\"_blank\" class=\"ftecmp-button\" rel=\"nofollow noopener\">Siga o Olhar Digital no Google Discover<\/a><\/p>\n<p class=\"wp-embed-aspect-16-9 wp-has-aspect-ratio\" id=\"block-ef681ab3-1368-45c0-ac88-8accd5b80455\">O\u00a0<strong>Olhar Digital<\/strong>\u00a0apresenta os lan\u00e7amentos da semana do Amazon Prime Video. Na semana entre os dias 17 e 23 de novembro, a\u00a0<a href=\"https:\/\/olhardigital.com.br\/tag\/amazon\/\" target=\"_blank\" rel=\"noreferrer noopener nofollow\">Amazon<\/a>\u00a0ter\u00e1 a chegada de novas produ\u00e7\u00f5es \u00e0 sua plataforma de\u00a0<a href=\"https:\/\/olhardigital.com.br\/tag\/streaming\/\" target=\"_blank\" rel=\"noreferrer noopener nofollow\">streaming<\/a>.<\/p>\n<p>As produ\u00e7\u00f5es que chegam ao streaming da Amazon nesta semana s\u00e3o a s\u00e9rie The Mighty Nein (original Prime Video) e o filme 31 Minutos: Calurosa Navidad.<\/p>\n<p><strong>Para um teste gr\u00e1tis de 30 dias de Prime Video <a href=\"https:\/\/www.primevideo.com\/?tag=odofertas-20\" target=\"_blank\" rel=\"noreferrer noopener nofollow\">clique aqui<\/a>.<\/strong><\/p>\n<p>Lan\u00e7amentos da Prime Video de 17 a 23 de novembro<\/p>\n<p>Confira mais detalhes sobre os\u00a0<a href=\"https:\/\/olhardigital.com.br\/tag\/lancamentos-da-semana\/\" target=\"_blank\" rel=\"noreferrer noopener nofollow\">lan\u00e7amentos da semana<\/a>\u00a0entre os dias 17 e 23 de novembro:<\/p>\n<p>Quarta-feira \u2013 19\/11<\/p>\n<ul>\n<li><strong>The Mighty Nien \u2013 Temporada 1<\/strong>\n<ul>\n<li>S\u00e9rie | Original Prime Video | Anima\u00e7\u00e3o | A\u00e7\u00e3o | Super-her\u00f3i | Ano de Produ\u00e7\u00e3o: 2025 (Estados Unidos)<\/li>\n<li>A s\u00e9rie acompanha um grupo de criminosos e desajustados que s\u00e3o os \u00fanicos que podem impedir que o reino mergulhe no caos quando um artefato arcano capaz de remodelar a realidade cai nas m\u00e3os erradas.<\/li>\n<\/ul>\n<\/li>\n<\/ul>\n<p><strong>Leia mais:<\/strong><\/p>\n<p>Sexta-feira \u2013 21\/11<\/p>\n<ul>\n<li><strong>31 Minutos: Calurosa Navidad<\/strong>\n<ul>\n<li>Filme | Aventura | Com\u00e9dia | Fam\u00edlia | Ano de Produ\u00e7\u00e3o: 2025 (Chile)<\/li>\n<li>Bodoque parte rumo ao Polo Norte em busca dos presentes de Natal para Titirilqu\u00e9n, mas sua compuls\u00e3o por apostas gera problemas. No est\u00fadio, Mario Hugo enfrenta desafios ao tentar realizar um show natalino.<\/li>\n<\/ul>\n<\/li>\n<\/ul>\n<p>\t\t\t\t\t&#13;<br \/>\n\t\t\t\t\t&#13;<\/p>\n<p><strong>Assista a filmes e s\u00e9ries<\/strong><\/p>\n<p>\n\t\tAssine <strong><a href=\"https:\/\/www.primevideo.com\/?tag=odofertas-20\" target=\"_blank\" rel=\"noopener sponsored nofollow\">Amazon Prime<\/a><\/strong> para assistir a filmes e s\u00e9ries populares, incluindo Amazon Originals premiados.<br \/>\n\t\tO <strong><a href=\"https:\/\/www.primevideo.com\/?tag=odofertas-20\" target=\"_blank\" rel=\"noopener sponsored nofollow\">Amazon Prime<\/a><\/strong> tamb\u00e9m inclui a entrega GR\u00c1TIS e r\u00e1pida de milhares de itens eleg\u00edveis,<br \/>\n\t\tmais de 2 milh\u00f5es de m\u00fasicas sem an\u00fancios e muito mais. Clique <a href=\"https:\/\/www.primevideo.com\/?tag=odofertas-20\" target=\"_blank\" rel=\"noopener sponsored nofollow\"><strong>aqui<\/strong> e comece seu teste <strong>GR\u00c1TIS<\/strong><\/a> por 30 dias!\n\t<\/p>\n<p>Pedro Spadoni \u00e9 jornalista formado pela Universidade Metodista de Piracicaba (Unimep). J\u00e1 escreveu para sites, revistas e at\u00e9 um jornal. No Olhar Digital, escreve sobre (quase) tudo.<\/p>\n<p>\t\t\t\t&#13;<br \/>\n\t\t\t\t\t&#13;<\/p>\n","protected":false},"excerpt":{"rendered":"Nesta semana, o cat\u00e1logo do Prime Video recebe a s\u00e9rie &#8220;The Mighty Nein&#8221; e o filme &#8220;31 Minutos:&hellip;\n","protected":false},"author":2,"featured_media":155089,"comment_status":"","ping_status":"","sticky":false,"template":"","format":"standard","meta":{"footnotes":""},"categories":[140],"tags":[114,115,147,148,146,32,33],"class_list":{"0":"post-155088","1":"post","2":"type-post","3":"status-publish","4":"format-standard","5":"has-post-thumbnail","7":"category-filmes","8":"tag-entertainment","9":"tag-entretenimento","10":"tag-film","11":"tag-filmes","12":"tag-movies","13":"tag-portugal","14":"tag-pt"},"share_on_mastodon":{"url":"https:\/\/pubeurope.com\/@pt\/115565286164911300","error":""},"_links":{"self":[{"href":"https:\/\/www.europesays.com\/pt\/wp-json\/wp\/v2\/posts\/155088","targetHints":{"allow":["GET"]}}],"collection":[{"href":"https:\/\/www.europesays.com\/pt\/wp-json\/wp\/v2\/posts"}],"about":[{"href":"https:\/\/www.europesays.com\/pt\/wp-json\/wp\/v2\/types\/post"}],"author":[{"embeddable":true,"href":"https:\/\/www.europesays.com\/pt\/wp-json\/wp\/v2\/users\/2"}],"replies":[{"embeddable":true,"href":"https:\/\/www.europesays.com\/pt\/wp-json\/wp\/v2\/comments?post=155088"}],"version-history":[{"count":0,"href":"https:\/\/www.europesays.com\/pt\/wp-json\/wp\/v2\/posts\/155088\/revisions"}],"wp:featuredmedia":[{"embeddable":true,"href":"https:\/\/www.europesays.com\/pt\/wp-json\/wp\/v2\/media\/155089"}],"wp:attachment":[{"href":"https:\/\/www.europesays.com\/pt\/wp-json\/wp\/v2\/media?parent=155088"}],"wp:term":[{"taxonomy":"category","embeddable":true,"href":"https:\/\/www.europesays.com\/pt\/wp-json\/wp\/v2\/categories?post=155088"},{"taxonomy":"post_tag","embeddable":true,"href":"https:\/\/www.europesays.com\/pt\/wp-json\/wp\/v2\/tags?post=155088"}],"curies":[{"name":"wp","href":"https:\/\/api.w.org\/{rel}","templated":true}]}}