{"id":155090,"date":"2025-11-17T13:31:12","date_gmt":"2025-11-17T13:31:12","guid":{"rendered":"https:\/\/www.europesays.com\/pt\/155090\/"},"modified":"2025-11-17T13:31:12","modified_gmt":"2025-11-17T13:31:12","slug":"boloni-e-o-problema-de-jardel-com-a-cocaina-apanhou-um-taxi-e-desapareceu","status":"publish","type":"post","link":"https:\/\/www.europesays.com\/pt\/155090\/","title":{"rendered":"B\u00f6l\u00f6ni e o problema de Jardel com a coca\u00edna: \u00abApanhou um t\u00e1xi e desapareceu\u00bb"},"content":{"rendered":"<p>L\u00e1szlo B\u00f6l\u00f6ni confessa que M\u00e1rio Jardel foi um dos jogadores mais \u00abproblem\u00e1ticos\u00bb que j\u00e1 treinou, neste caso, durante o per\u00edodo em que esteve \u00e0 frente da equipa principal do Sporting, entre 2001\/02 e 2002\/03.<\/p>\n<p>Em declara\u00e7\u00f5es ao podcast\u00a0Vorbitorincii, recordou epis\u00f3dios marcantes da passagem por Alvalade e que envolvem a adi\u00e7\u00e3o do antigo avan\u00e7ado brasileiro \u00e0 coca\u00edna. Desde consumir no pr\u00f3prio balne\u00e1rio, perante os companheiros de equipa, at\u00e9 ter tentado \u00abtrancar-se\u00bb com o jogador em Alcochete para o ajudar, B\u00f6l\u00f6ni fala de tudo um pouco.<\/p>\n<p>\u00abOs pais dele eram alco\u00f3licos, esse era o verdadeiro problema. Eu colocava a equipa no quadro, com os jogadores presentes, e o m\u00e9dico fazia-me sinal que n\u00e3o era poss\u00edvel porque o Jardel&#8230; (aponta para o nariz). Faziam o teste, para ver se o m\u00e9dico o deixava jogar, e ele testava positivo\u00bb, come\u00e7ou por referir.<\/p>\n<p>\u00abUma vez disse-lhe: &#8220;Vou levar-te comigo para o centro de treinos e ficamos trancados em Alcochete. Ficas no teu quarto e eu fico no meu. Falamos, comemos, treinamos&#8221;. Fazia treinos extra para ver se ele recuperava. O que sa\u00eda daquele homem era algo terr\u00edvel. Ao fim de seis dias ele disse-me que n\u00e3o estava bem e que tinha de sair&#8230; mas que voltava. Fez uma chamada, apanhou um t\u00e1xi e desapareceu. Acabou por aparecer no dia seguinte, mas o m\u00e9dico fez-me sinal\u00bb, acrescentou.<\/p>\n<p>Recorde-se que Jardel esteve no Sporting durante o mesmo per\u00edodo do t\u00e9cnico, sendo que no primeiro ano fez 55 golos em 42 jogos e na segunda \u00e9poca acabou por falhar 15 das 34 jornadas da Liga e fez apenas 12 golos em 21 encontros.<\/p>\n","protected":false},"excerpt":{"rendered":"L\u00e1szlo B\u00f6l\u00f6ni confessa que M\u00e1rio Jardel foi um dos jogadores mais \u00abproblem\u00e1ticos\u00bb que j\u00e1 treinou, neste caso, durante&hellip;\n","protected":false},"author":2,"featured_media":155091,"comment_status":"","ping_status":"","sticky":false,"template":"","format":"standard","meta":{"footnotes":""},"categories":[87],"tags":[8265,19764,135,152,28603,33367,36,46,32,33,47,34,134],"class_list":{"0":"post-155090","1":"post","2":"type-post","3":"status-publish","4":"format-standard","5":"has-post-thumbnail","7":"category-desporto","8":"tag-alcochete","9":"tag-cocaina","10":"tag-desporto","11":"tag-drogas","12":"tag-jardel","13":"tag-laszlo-boloni","14":"tag-liga","15":"tag-maisfutebol","16":"tag-portugal","17":"tag-pt","18":"tag-pura-paixao","19":"tag-sporting","20":"tag-sports"},"share_on_mastodon":{"url":"https:\/\/pubeurope.com\/@pt\/115565290296139181","error":""},"_links":{"self":[{"href":"https:\/\/www.europesays.com\/pt\/wp-json\/wp\/v2\/posts\/155090","targetHints":{"allow":["GET"]}}],"collection":[{"href":"https:\/\/www.europesays.com\/pt\/wp-json\/wp\/v2\/posts"}],"about":[{"href":"https:\/\/www.europesays.com\/pt\/wp-json\/wp\/v2\/types\/post"}],"author":[{"embeddable":true,"href":"https:\/\/www.europesays.com\/pt\/wp-json\/wp\/v2\/users\/2"}],"replies":[{"embeddable":true,"href":"https:\/\/www.europesays.com\/pt\/wp-json\/wp\/v2\/comments?post=155090"}],"version-history":[{"count":0,"href":"https:\/\/www.europesays.com\/pt\/wp-json\/wp\/v2\/posts\/155090\/revisions"}],"wp:featuredmedia":[{"embeddable":true,"href":"https:\/\/www.europesays.com\/pt\/wp-json\/wp\/v2\/media\/155091"}],"wp:attachment":[{"href":"https:\/\/www.europesays.com\/pt\/wp-json\/wp\/v2\/media?parent=155090"}],"wp:term":[{"taxonomy":"category","embeddable":true,"href":"https:\/\/www.europesays.com\/pt\/wp-json\/wp\/v2\/categories?post=155090"},{"taxonomy":"post_tag","embeddable":true,"href":"https:\/\/www.europesays.com\/pt\/wp-json\/wp\/v2\/tags?post=155090"}],"curies":[{"name":"wp","href":"https:\/\/api.w.org\/{rel}","templated":true}]}}