{"id":155092,"date":"2025-11-17T13:32:10","date_gmt":"2025-11-17T13:32:10","guid":{"rendered":"https:\/\/www.europesays.com\/pt\/155092\/"},"modified":"2025-11-17T13:32:10","modified_gmt":"2025-11-17T13:32:10","slug":"sintomas-da-tuberculose-saiba-como-identificar-a-doenca","status":"publish","type":"post","link":"https:\/\/www.europesays.com\/pt\/155092\/","title":{"rendered":"Sintomas da tuberculose: saiba como identificar a doen\u00e7a"},"content":{"rendered":"<p>O diagn\u00f3stico r\u00e1pido e o acompanhamento adequado s\u00e3o essenciais para garantir uma boa recupera\u00e7\u00e3o<\/p>\n<p>No Dia Nacional de Combate \u00e0 Tuberculose, celebrado em 17 de novembro, refor\u00e7ar a aten\u00e7\u00e3o aos sinais iniciais da infec\u00e7\u00e3o se torna essencial para identificar a doen\u00e7a ainda em seus est\u00e1gios mais precoces. Ela \u00e9 uma doen\u00e7a infecciosa causada pela bact\u00e9ria Mycobacterium tuberculosis, que afeta principalmente os pulm\u00f5es, embora possa atingir outros \u00f3rg\u00e3os. Sua transmiss\u00e3o ocorre pelo ar, quando uma pessoa doente tosse, fala ou espirra, liberando part\u00edculas contaminadas que podem ser inaladas por outras pessoas. <\/p>\n<p>Segundo Lu\u00eds Maur\u00edcio Batalin J\u00fanior, pneumologista do Hospital Evang\u00e9lico de Sorocaba (HES), os primeiros sintomas parecem comuns, mas n\u00e3o devem ser ignorados. \u201cA tuberculose costuma se manifestar com tosse persistente, com ou sem catarro, febre baixa ao final do dia, suor noturno, perda de peso, falta de apetite e cansa\u00e7o. Em alguns casos, pode haver dor no peito e at\u00e9 presen\u00e7a de sangue no escarro\u201d, explica.<\/p>\n<p><strong>Tosse caracter\u00edstica da tuberculose <\/strong><\/p>\n<p>A <strong><a href=\"https:\/\/portaledicase.com\/dicas-para-lidar-com-a-tosse-em-bebes\/\" target=\"_blank\" rel=\"noreferrer noopener nofollow\">tosse<\/a><\/strong> \u00e9 o sintoma mais frequente e, muitas vezes, o primeiro a surgir. \u201cSe a tosse durar mais de tr\u00eas semanas, \u00e9 essencial procurar avalia\u00e7\u00e3o m\u00e9dica. Mesmo que pare\u00e7a \u2018apenas uma tosse comum\u2019, o diagn\u00f3stico precoce \u00e9 determinante para a cura e a redu\u00e7\u00e3o do risco de transmiss\u00e3o da doen\u00e7a para outras pessoas\u201d, refor\u00e7a o pneumologista.<\/p>\n<p><strong>Sintomas que podem ser confundidos<\/strong><\/p>\n<p>Nos est\u00e1gios iniciais, a tuberculose pode ser confundida com <strong><a href=\"https:\/\/portaledicase.com\/mitos-comuns-sobre-a-vacina-da-gripe\/\" target=\"_blank\" rel=\"noreferrer noopener nofollow\">gripes<\/a><\/strong> e resfriados. No entanto, h\u00e1 diferen\u00e7as importantes: os sintomas persistem por semanas; em vez de melhorar em poucos dias, h\u00e1 piora progressiva; e a doen\u00e7a costuma vir acompanhada de perda de peso, suor noturno e cansa\u00e7o intenso, que n\u00e3o se justificam por um simples quadro viral. <\/p>\n<p>\u201cA confirma\u00e7\u00e3o n\u00e3o \u00e9 feita apenas com base nos sintomas. S\u00e3o necess\u00e1rios testes espec\u00edficos, como o exame de escarro e os de imagem para identificar a infec\u00e7\u00e3o\u201d, destaca o m\u00e9dico.<\/p>\n<p><img fetchpriority=\"high\" decoding=\"async\" width=\"1024\" height=\"683\" src=\"data:image\/svg+xml,%3Csvg%20xmlns=\" http:=\"\" alt=\"Jovem com o cabelo preto liso, amarrado em rabo de cavalo, usando uma camiseta branca e um su\u00e9ter bege, sentada em consult\u00f3rio conversando com uma m\u00e9dica de cabelo curto e usando jaleco branco\" class=\"wp-image-449607\" data-lazy- data-lazy- data-lazy-src=\"https:\/\/www.europesays.com\/pt\/wp-content\/uploads\/2025\/11\/jovemnomedico-1024x683.jpg\"\/>O tratamento da tuberculose \u00e9 feito com antibi\u00f3ticos por, no m\u00ednimo, seis meses (Imagem: Stock-Asso | Shutterstock)<\/p>\n<p><strong>Tratamento para tuberculose<\/strong><\/p>\n<p>Ap\u00f3s o diagn\u00f3stico, o tratamento \u00e9 realizado com antibi\u00f3ticos espec\u00edficos por, no m\u00ednimo, seis meses. Todo o acompanhamento \u00e9 oferecido gratuitamente pelo Sistema \u00danico de Sa\u00fade (SUS), nas Unidades B\u00e1sicas de Sa\u00fade (UBS). <\/p>\n<p>\u201cN\u00e3o se deve interromper o tratamento antes do tempo. Mesmo com a melhora dos sintomas, a interrup\u00e7\u00e3o pode levar \u00e0 reca\u00edda e ao surgimento de formas resistentes da doen\u00e7a, mais dif\u00edceis de tratar\u201d, alerta Lu\u00eds Maur\u00edcio Batalin J\u00fanior.<\/p>\n<p><strong>Quando procurar um m\u00e9dico<\/strong><\/p>\n<p>Pacientes com suspeita devem procurar uma unidade de sa\u00fade assim que os sintomas persistirem. Nos servi\u00e7os particulares, cl\u00ednicos gerais, infectologistas e pneumologistas tamb\u00e9m est\u00e3o aptos a conduzir a avalia\u00e7\u00e3o e o tratamento. <\/p>\n<p>\u201cQuanto mais cedo a <strong><a href=\"https:\/\/portaledicase.com\/sintomas-de-alerta-para-a-tuberculose\/\" target=\"_blank\" rel=\"noreferrer noopener nofollow\">tuberculose<\/a><\/strong> \u00e9 diagnosticada, maior a chance de cura e menores as sequelas. Al\u00e9m disso, a detec\u00e7\u00e3o precoce interrompe a cadeia de transmiss\u00e3o, protegendo a fam\u00edlia e a comunidade\u201d, conclui o pneumologista do Evang\u00e9lico.<\/p>\n<p>Por Juliana Moreno<\/p>\n","protected":false},"excerpt":{"rendered":"O diagn\u00f3stico r\u00e1pido e o acompanhamento adequado s\u00e3o essenciais para garantir uma boa recupera\u00e7\u00e3o No Dia Nacional de&hellip;\n","protected":false},"author":2,"featured_media":155093,"comment_status":"","ping_status":"","sticky":false,"template":"","format":"standard","meta":{"footnotes":""},"categories":[86],"tags":[538,4913,116,32,33,117],"class_list":{"0":"post-155092","1":"post","2":"type-post","3":"status-publish","4":"format-standard","5":"has-post-thumbnail","7":"category-saude","8":"tag-bem-estar","9":"tag-edicase","10":"tag-health","11":"tag-portugal","12":"tag-pt","13":"tag-saude"},"share_on_mastodon":{"url":"https:\/\/pubeurope.com\/@pt\/115565294088171250","error":""},"_links":{"self":[{"href":"https:\/\/www.europesays.com\/pt\/wp-json\/wp\/v2\/posts\/155092","targetHints":{"allow":["GET"]}}],"collection":[{"href":"https:\/\/www.europesays.com\/pt\/wp-json\/wp\/v2\/posts"}],"about":[{"href":"https:\/\/www.europesays.com\/pt\/wp-json\/wp\/v2\/types\/post"}],"author":[{"embeddable":true,"href":"https:\/\/www.europesays.com\/pt\/wp-json\/wp\/v2\/users\/2"}],"replies":[{"embeddable":true,"href":"https:\/\/www.europesays.com\/pt\/wp-json\/wp\/v2\/comments?post=155092"}],"version-history":[{"count":0,"href":"https:\/\/www.europesays.com\/pt\/wp-json\/wp\/v2\/posts\/155092\/revisions"}],"wp:featuredmedia":[{"embeddable":true,"href":"https:\/\/www.europesays.com\/pt\/wp-json\/wp\/v2\/media\/155093"}],"wp:attachment":[{"href":"https:\/\/www.europesays.com\/pt\/wp-json\/wp\/v2\/media?parent=155092"}],"wp:term":[{"taxonomy":"category","embeddable":true,"href":"https:\/\/www.europesays.com\/pt\/wp-json\/wp\/v2\/categories?post=155092"},{"taxonomy":"post_tag","embeddable":true,"href":"https:\/\/www.europesays.com\/pt\/wp-json\/wp\/v2\/tags?post=155092"}],"curies":[{"name":"wp","href":"https:\/\/api.w.org\/{rel}","templated":true}]}}