{"id":155098,"date":"2025-11-17T13:35:32","date_gmt":"2025-11-17T13:35:32","guid":{"rendered":"https:\/\/www.europesays.com\/pt\/155098\/"},"modified":"2025-11-17T13:35:32","modified_gmt":"2025-11-17T13:35:32","slug":"black-friday-vale-a-pena-comprar-agora-ou-esperar-pelo-pico","status":"publish","type":"post","link":"https:\/\/www.europesays.com\/pt\/155098\/","title":{"rendered":"Black Friday: vale a pena comprar agora ou esperar pelo pico?"},"content":{"rendered":"<p class=\"leading\">\n                Nos \u00faltimos anos, a Black Friday deixou de ser s\u00f3 \u00e0 sexta-feira. As marcas passaram a fazer grandes descontos semanas antes do dia oficial.            <\/p>\n<p>        <img decoding=\"async\" alt=\"Black Friday\" height=\"900\" src=\"https:\/\/www.europesays.com\/pt\/wp-content\/uploads\/2025\/11\/black-friday.jpg\" width=\"1600\" fetchpriority=\"high\"\/><br \/>\nShutterstock (edi\u00e7\u00e3o 4gnews)<\/p>\n<p><a href=\"https:\/\/whatsapp.com\/channel\/0029Va54F7B7j6gBNXobAM16\" rel=\"nofollow noopener\" class=\"banner-deals mb20 banner-deals-rotation banner-deals-rotation--whatsapp\" target=\"_blank\"><\/p>\n<p>        Entra no nosso canal Whatsapp<br \/>e recebe as melhores ofertas<\/p>\n<p>        ENTRAR\n    <\/p>\n<p><\/a><\/p>\n<p>A <a href=\"https:\/\/4gnews.pt\/black-friday-2025-guia-com-as-40-melhores-promocoes-em-portugal\/\" target=\"_blank\" rel=\"noreferrer noopener nofollow\"><strong>Black Friday<\/strong><\/a> est\u00e1 cada vez mais pr\u00f3xima e muitos consumidores colocam a mesma quest\u00e3o todos os anos: <strong>vale a pena aproveitar as promo\u00e7\u00f5es que j\u00e1 est\u00e3o ativas ou \u00e9 melhor esperar pelo pico do evento?<\/strong> Com cada vez mais lojas a antecipar campanhas, a decis\u00e3o pode n\u00e3o ser t\u00e3o simples quanto parece.<\/p>\n<p>Nos \u00faltimos anos, a Black Friday deixou de ser um evento de apenas um dia. As grandes lojas como <a href=\"https:\/\/4gnews.pt\/e-oficial-a-amazon-arranca-com-a-semana-da-black-friday-e-com-descontos-ate-60\/\" target=\"_blank\" rel=\"noreferrer noopener nofollow\"><strong>Amazon<\/strong><\/a>, <a href=\"https:\/\/4gnews.pt\/worten-arranca-com-a-campanha-dezcontao-com-10-de-desconto-em-talao\/\" target=\"_blank\" rel=\"noreferrer noopener nofollow\"><strong>Worten<\/strong><\/a>, <strong>Darty<\/strong> (antiga <strong>MediaMarkt<\/strong>) e <strong>Fnac<\/strong> iniciam campanhas semanas antes, com descontos reais em v\u00e1rias categorias. Em muitos casos, estas ofertas antecipadas n\u00e3o voltam a aparecer no dia oficial.<\/p>\n<p>Isto significa que esperar sempre pode n\u00e3o ser a melhor estrat\u00e9gia. Produtos muito procurados, como <strong>smartphones<\/strong>, <strong>consolas<\/strong>, <strong>smartwatches<\/strong>, <strong>auriculares<\/strong> ou <strong>eletrodom\u00e9sticos<\/strong>, entram frequentemente em promo\u00e7\u00e3o mais cedo e esgotam antes da m\u00edtica sexta-feira.<\/p>\n<p>Comprar antes ou esperar?<\/p>\n<p>Apesar das campanhas antecipadas, o <strong>pico da Black Friday ainda reserva as quedas de pre\u00e7o mais agressivas<\/strong>, sobretudo em categorias como: <strong>Tecnologia topo de gama<\/strong>; <strong>Televis\u00f5es<\/strong>; <strong>Computadores e port\u00e1teis<\/strong>; <strong>Produtos gaming<\/strong>; <strong>Acess\u00f3rios de casa inteligente<\/strong>. Estes descontos costumam ser limitados no tempo e na quantidade dispon\u00edvel. O risco aumenta, mas tamb\u00e9m a poupan\u00e7a potencial.<\/p>\n<p>A verdade \u00e9 que <strong>n\u00e3o h\u00e1 uma resposta certa<\/strong> j\u00e1 que cada caso \u00e9 um caso. Por\u00e9m, se uma ou mais dos seguintes par\u00e2metros se aplicam, ent\u00e3o pode justificar-se<strong> n\u00e3o esperar<\/strong> pela Black Friday: o pre\u00e7o atual j\u00e1 est\u00e1 abaixo do hist\u00f3rico dos \u00faltimos meses; o produto costuma esgotar rapidamente; a diferen\u00e7a de pre\u00e7o entre campanhas anteriores e atuais \u00e9 pequena e queres garantir que recebes o produto antes do Natal.<\/p>\n<p>Pelo contr\u00e1rio, poder\u00e1 compensar <strong>esperar<\/strong> pelo pico da Black Friday se: queres o melhor pre\u00e7o poss\u00edvel; est\u00e1s disposto a correr o risco de o produto esgotar; n\u00e3o tens urg\u00eancia na entrega e ainda se o produto costuma cair bastante de pre\u00e7o no dia oficial do evento.<\/p>\n<p>Como saber se as promo\u00e7\u00f5es s\u00e3o reais?<\/p>\n<p>Al\u00e9m disso, h\u00e1 <a href=\"https:\/\/4gnews.pt\/o-truque-simples-para-saber-se-um-desconto-e-real-na-amazon-durante-a-black-friday\/\" target=\"_blank\" rel=\"noreferrer noopener nofollow\">extens\u00f5es super \u00fateis<\/a> que te permitem aceder ao <strong>hist\u00f3rico de pre\u00e7os<\/strong> e assim verificar rapidamente se a promo\u00e7\u00e3o atual \u00e9 genu\u00edna.<\/p>\n<p>Estas ferramentas mostram pre\u00e7os antigos e alertam para <strong>aumentos artificiais antes da Black Friday<\/strong>, algo que infelizmente ainda \u00e9 realidade em muitas lojas. Se o pre\u00e7o atual estiver no ponto mais baixo dos \u00faltimos meses, a probabilidade de descer (muito) mais \u00e9 reduzida.<\/p>\n<p>\ud83c\udfc6 <strong>Pr\u00e9mios 4gnews 2025<\/strong><br \/>Vota nos teus favoritos e ganha pr\u00e9mios incr\u00edveis.<br \/>\ud83d\udc49 <a href=\"https:\/\/4gnews.pt\/premios-4gnews\/\" rel=\"nofollow noopener\" target=\"_blank\">Votar agora<\/a><\/p>\n<p>Promo\u00e7\u00e3o do dia<br \/>\n<a href=\"https:\/\/amzn.to\/3LNRXH4\" target=\"_blank\" rel=\"nofollow noreferrer noopener\"><img decoding=\"async\" alt=\"Apple iPhone 16e 128 GB\" height=\"488\" width=\"650\" class=\"lazyload\" src=\"https:\/\/www.europesays.com\/pt\/wp-content\/uploads\/2025\/11\/1763314695_696_apple-iphone-16e-128-gb-31lebpxi0-l-sl500.jpg\" loading=\"lazy\"\/><\/a><\/p>\n<p>599,00 \u20acAmazon<\/p>\n<p>709,00 \u20ac-16%<\/p>\n<p class=\"inline-related-title\">Editores 4gnews recomendam:<\/p>\n","protected":false},"excerpt":{"rendered":"Nos \u00faltimos anos, a Black Friday deixou de ser s\u00f3 \u00e0 sexta-feira. As marcas passaram a fazer grandes&hellip;\n","protected":false},"author":2,"featured_media":155099,"comment_status":"","ping_status":"","sticky":false,"template":"","format":"standard","meta":{"footnotes":""},"categories":[83],"tags":[88,89,90,32,33],"class_list":{"0":"post-155098","1":"post","2":"type-post","3":"status-publish","4":"format-standard","5":"has-post-thumbnail","7":"category-empresas","8":"tag-business","9":"tag-economy","10":"tag-empresas","11":"tag-portugal","12":"tag-pt"},"share_on_mastodon":{"url":"https:\/\/pubeurope.com\/@pt\/115565305878581067","error":""},"_links":{"self":[{"href":"https:\/\/www.europesays.com\/pt\/wp-json\/wp\/v2\/posts\/155098","targetHints":{"allow":["GET"]}}],"collection":[{"href":"https:\/\/www.europesays.com\/pt\/wp-json\/wp\/v2\/posts"}],"about":[{"href":"https:\/\/www.europesays.com\/pt\/wp-json\/wp\/v2\/types\/post"}],"author":[{"embeddable":true,"href":"https:\/\/www.europesays.com\/pt\/wp-json\/wp\/v2\/users\/2"}],"replies":[{"embeddable":true,"href":"https:\/\/www.europesays.com\/pt\/wp-json\/wp\/v2\/comments?post=155098"}],"version-history":[{"count":0,"href":"https:\/\/www.europesays.com\/pt\/wp-json\/wp\/v2\/posts\/155098\/revisions"}],"wp:featuredmedia":[{"embeddable":true,"href":"https:\/\/www.europesays.com\/pt\/wp-json\/wp\/v2\/media\/155099"}],"wp:attachment":[{"href":"https:\/\/www.europesays.com\/pt\/wp-json\/wp\/v2\/media?parent=155098"}],"wp:term":[{"taxonomy":"category","embeddable":true,"href":"https:\/\/www.europesays.com\/pt\/wp-json\/wp\/v2\/categories?post=155098"},{"taxonomy":"post_tag","embeddable":true,"href":"https:\/\/www.europesays.com\/pt\/wp-json\/wp\/v2\/tags?post=155098"}],"curies":[{"name":"wp","href":"https:\/\/api.w.org\/{rel}","templated":true}]}}