{"id":155110,"date":"2025-11-17T13:46:31","date_gmt":"2025-11-17T13:46:31","guid":{"rendered":"https:\/\/www.europesays.com\/pt\/155110\/"},"modified":"2025-11-17T13:46:31","modified_gmt":"2025-11-17T13:46:31","slug":"sudakov-trata-se-de-uma-lesao-muito-grave-e-sofrida-no-benfica","status":"publish","type":"post","link":"https:\/\/www.europesays.com\/pt\/155110\/","title":{"rendered":"Sudakov? Trata-se de uma les\u00e3o muito grave e sofrida no Benfica"},"content":{"rendered":"<p>O selecionador da Ucr\u00e2nia confirmou, este s\u00e1bado, a pior not\u00edcia poss\u00edvel para Sudakov e para o Benfica. Depois de ter sido dispensado da sele\u00e7\u00e3o ucraniana, o m\u00e9dio foi submetido a exames e percebeu-se que a les\u00e3o \u00e9 mais grave do que se antecipava, com a particularidade de ter sido contra\u00edda&#8230; ao servi\u00e7o das \u00e1guias.<\/p>\n<p>&#8220;Eu n\u00e3o sabia que ele tinha uma les\u00e3o. Ele disse que sentiu uma dor enquanto aquecia. Depois da primeira parte frente \u00e0 Fran\u00e7a, ele disse que sentiu um desconforto. Infelizmente, n\u00e3o nos poder\u00e1 ajudar&#8221;, referiu o selecionador ucraniano na confer\u00eancia de imprensa de antevis\u00e3o ao encontro frente \u00e0 Isl\u00e2ndia.<\/p>\n<p>J\u00e1 em declara\u00e7\u00f5es ao portal ucraniano Tribuna, Serhiy Rebrov refor\u00e7ou que a les\u00e3o &#8220;\u00e9 grave&#8221;. &#8220;Examin\u00e1mo-lo esta manh\u00e3 e percebemos que se tratava de uma les\u00e3o muito grave. Foi para casa para tratamento. Foi uma les\u00e3o sofrida no Benfica. Ele nem sequer participou num \u00fanico treino connosco&#8221;, garantiu.<\/p>\n<p>De recordar que o criativo chegou do Shakhtar Donetsk e fez com que o Benfica chegasse a acordo para\u00a0pagar 6,75 milh\u00f5es de euros pelo empr\u00e9stimo at\u00e9 ao final 2025\/26, sendo que depois fica com o internacional ucraniano por uma verba de 20,25 milh\u00f5es de euros. A estes montantes podem acrescer outros cinco milh\u00f5es de euros em b\u00f3nus.<\/p>\n<p>Contas feitas, a opera\u00e7\u00e3o para contratar Georgiy Sudakov pode vir a custar um total de 32 milh\u00f5es de euros aos cofres encarnados. O jogador, de 22 anos, vai tornar-se a contrata\u00e7\u00e3o mais cara de sempre da hist\u00f3ria do Benfica.<\/p>\n<p>                                                    <img decoding=\"async\" src=\"https:\/\/www.europesays.com\/pt\/wp-content\/uploads\/2025\/10\/naom_68ea54bfe99e6.jpg\" border=\"0\" alt=\"'Loucura' \u00e0 vista no Benfica. Mourinho abre revolu\u00e7\u00e3o... sem Sudakov?\"\/><\/p>\n<p>Les\u00e3o sofrida por Georgiy Sudakov ao servi\u00e7o da sele\u00e7\u00e3o da Ucr\u00e2nia poder\u00e1 obrigar Jos\u00e9 Mourinho a prescindir de uma das suas principais armas desde que chegou ao Benfica, precisamente antes de um ciclo &#8216;infernal&#8217; de jogos.<\/p>\n<p>                                                     Miguel Sim\u00f5es | 08:02 &#8211; 12\/10\/2025 <\/p>\n<p>M\u00e9dio foi dispensado da sele\u00e7\u00e3o da Ucr\u00e2nia<\/p>\n<p>O internacional Georgiy Sudakov foi dispensado da sele\u00e7\u00e3o de futebol da Ucr\u00e2nia &#8220;devido a uma sobrecarga muscular da anca esquerda&#8221;, informou o Benfica, clube do jogador, no dia de ontem.<\/p>\n<p>Ainda de acordo com os &#8216;encarnados&#8217;, o m\u00e9dio ucraniano vai &#8220;prosseguir a recupera\u00e7\u00e3o com o departamento m\u00e9dico&#8221; do clube lisboeta.<\/p>\n<p>Sudakov, contratado nesta \u00e9poca pelo Benfica, foi suplente n\u00e3o utilizado na quinta-feira, no jogo do grupo D de apuramento para o Mundial no qual os ucranianos foram goleados em Paris pela Fran\u00e7a (4-0).<\/p>\n<p>Na \u00faltima jornada de apuramento, a Ucr\u00e2nia recebe em Vars\u00f3via a Isl\u00e2ndia, num jogo que discute diretamente o segundo lugar do grupo e o acesso ao &#8216;play off&#8217; para o Mundial2026, com a Fran\u00e7a j\u00e1 apurada, como vencedora do grupo.<\/p>\n<p>O internacional ucraniano, de 23 anos, assinou pelo Benfica no final de agosto e disputou 14 jogos pelas &#8216;\u00e1guias&#8217;, tendo tr\u00eas golos marcados e duas assist\u00eancias.<\/p>\n<p>O Benfica volta a jogar na pr\u00f3xima sexta-feira, dia em que defronta fora o Atl\u00e9tico, equipa da Liga 3, no Est\u00e1dio do Restelo (20:30), em jogo quarta eliminat\u00f3ria da Ta\u00e7a de Portugal.<\/p>\n<p>Leia Tamb\u00e9m: <a href=\"https:\/\/www.noticiasaominuto.com\/desporto\/2888502\/atencao-benfica-georgiy-sudakov-e-dispensado-da-ucrania-eis-o-motivo\" target=\"_blank\" rel=\"noopener noreferrer nofollow\">Aten\u00e7\u00e3o, Benfica: Georgiy Sudakov \u00e9 dispensado da Ucr\u00e2nia. Eis o motivo<\/a><\/p>\n","protected":false},"excerpt":{"rendered":"O selecionador da Ucr\u00e2nia confirmou, este s\u00e1bado, a pior not\u00edcia poss\u00edvel para Sudakov e para o Benfica. Depois&hellip;\n","protected":false},"author":2,"featured_media":155111,"comment_status":"","ping_status":"","sticky":false,"template":"","format":"standard","meta":{"footnotes":""},"categories":[87],"tags":[135,32,33,134],"class_list":{"0":"post-155110","1":"post","2":"type-post","3":"status-publish","4":"format-standard","5":"has-post-thumbnail","7":"category-desporto","8":"tag-desporto","9":"tag-portugal","10":"tag-pt","11":"tag-sports"},"share_on_mastodon":{"url":"https:\/\/pubeurope.com\/@pt\/115565349563334644","error":""},"_links":{"self":[{"href":"https:\/\/www.europesays.com\/pt\/wp-json\/wp\/v2\/posts\/155110","targetHints":{"allow":["GET"]}}],"collection":[{"href":"https:\/\/www.europesays.com\/pt\/wp-json\/wp\/v2\/posts"}],"about":[{"href":"https:\/\/www.europesays.com\/pt\/wp-json\/wp\/v2\/types\/post"}],"author":[{"embeddable":true,"href":"https:\/\/www.europesays.com\/pt\/wp-json\/wp\/v2\/users\/2"}],"replies":[{"embeddable":true,"href":"https:\/\/www.europesays.com\/pt\/wp-json\/wp\/v2\/comments?post=155110"}],"version-history":[{"count":0,"href":"https:\/\/www.europesays.com\/pt\/wp-json\/wp\/v2\/posts\/155110\/revisions"}],"wp:featuredmedia":[{"embeddable":true,"href":"https:\/\/www.europesays.com\/pt\/wp-json\/wp\/v2\/media\/155111"}],"wp:attachment":[{"href":"https:\/\/www.europesays.com\/pt\/wp-json\/wp\/v2\/media?parent=155110"}],"wp:term":[{"taxonomy":"category","embeddable":true,"href":"https:\/\/www.europesays.com\/pt\/wp-json\/wp\/v2\/categories?post=155110"},{"taxonomy":"post_tag","embeddable":true,"href":"https:\/\/www.europesays.com\/pt\/wp-json\/wp\/v2\/tags?post=155110"}],"curies":[{"name":"wp","href":"https:\/\/api.w.org\/{rel}","templated":true}]}}