{"id":155210,"date":"2025-11-17T15:11:10","date_gmt":"2025-11-17T15:11:10","guid":{"rendered":"https:\/\/www.europesays.com\/pt\/155210\/"},"modified":"2025-11-17T15:11:10","modified_gmt":"2025-11-17T15:11:10","slug":"pedra-no-sapato-confira-spoilers-da-dinamica-desta-segunda-17-em-a-fazenda-record","status":"publish","type":"post","link":"https:\/\/www.europesays.com\/pt\/155210\/","title":{"rendered":"Pedra no sapato! Confira spoilers da din\u00e2mica desta segunda (17) em A Fazenda \u2013 Record"},"content":{"rendered":"<p><img decoding=\"async\" data-chromatic=\"ignore\" alt=\"\" class=\"c-image\" loading=\"lazy\" src=\"https:\/\/www.europesays.com\/pt\/wp-content\/uploads\/2025\/11\/LMKZ2ZYEMRCZHK4NZP2IIU37RA.png\"  width=\"2116\" height=\"1153\"\/>Cr\u00e9o, Carol, Ray e Saory deram o que falar na atividade Reprodu\u00e7\u00e3o\/RecordPlus <\/p>\n<p class=\"jarvics:base-text-neutral-high-400 base-text-[calc(theme(fontSize.xs)_*_var(--font-size,_1))] base-font-normal base-font-primary base-text-neutral-low-500 base-text-left\">A semana de <a href=\"https:\/\/record.r7.com\/a-fazenda\/a-fazenda-17\/\" target=\"_self\" rel=\"nofollow noopener\" title=\"https:\/\/record.r7.com\/a-fazenda\/a-fazenda-17\/\"><b>A Fazenda 17<\/b><\/a> s\u00f3 come\u00e7a depois de um apontamento basiquinho, n\u00e3o acha? O combust\u00edvel para os pr\u00f3ximos dias foi reabastecido com sucesso na atividade Pedra no Sapato, que vai ao ar no programa desta segunda (17). Confira os spoilers!<\/p>\n<ul class=\"b-article-body__list-unordered\">\n<li><b>Quer ficar por dentro de tudo que est\u00e1 acontecendo em\u00a0<\/b><b>A Fazenda 17<\/b><b>?\u00a0<\/b><a href=\"https:\/\/www.whatsapp.com\/channel\/0029Va2cJIR1noz2ahzX0D1N\" rel=\"nofollow noopener\" title=\"https:\/\/www.whatsapp.com\/channel\/0029Va2cJIR1noz2ahzX0D1N\" target=\"_blank\"><b>Clique aqui<\/b><\/a><b>\u00a0e fa\u00e7a parte do nosso canal no WhatsApp!<\/b><\/li>\n<\/ul>\n<p class=\"jarvics:base-text-neutral-high-400 base-text-[calc(theme(fontSize.xs)_*_var(--font-size,_1))] base-font-normal base-font-primary base-text-neutral-low-500 base-text-left\">Adriane Galisteu explicou a din\u00e2mica: \u201cQuem come\u00e7a, claro, \u00e9 a nossa Fazendeira <a href=\"https:\/\/record.r7.com\/a-fazenda\/a-fazenda-17\/peoes\/saory-cardoso\" target=\"_self\" title=\"Saory Cardoso\" rel=\"nofollow noopener\"><b>Saory Cardoso<\/b><\/a>. Ela vai dizer quem na F17 \u00e9 uma pedra no sapato dela. Depois, a pessoa pega uma pedra, entra na bota e escuta a justificativa. Em seguida, a pedra faz sua r\u00e9plica.\u201d<\/p>\n<p class=\"jarvics:base-text-neutral-high-400 base-text-[calc(theme(fontSize.xs)_*_var(--font-size,_1))] base-font-normal base-font-primary base-text-neutral-low-500 base-text-left\">Como pedido, a mandachuva come\u00e7ou os trabalhos indicando <a href=\"https:\/\/record.r7.com\/a-fazenda\/a-fazenda-17\/peoes\/rayane-figliuzzi\" target=\"_self\" title=\"Rayane Figliuzzi\" rel=\"nofollow noopener\"><b>Rayane Figliuzzi<\/b><\/a>: \u201cEla tem passado uma vergonha gigantesca. Come\u00e7ou com o golpe do bra\u00e7o. Desde que <a href=\"https:\/\/record.r7.com\/a-fazenda\/a-fazenda-17\/peoes\/carol-lekker\" target=\"_self\" rel=\"nofollow noopener\" title=\"https:\/\/record.r7.com\/a-fazenda\/a-fazenda-17\/peoes\/carol-lekker\"><b>Carol<\/b><\/a> bateu panela, ela j\u00e1 havia manifestado que queria enfiar a cara no meio da panela da Carol para cavar uma agress\u00e3o para a expuls\u00e3o da Carol.\u201d<\/p>\n<p class=\"jarvics:base-text-neutral-high-400 base-text-[calc(theme(fontSize.xs)_*_var(--font-size,_1))] base-font-normal base-font-primary base-text-neutral-low-500 base-text-left\">Ray n\u00e3o ouviu calada, disse que a rival colocou ela no trato para humilh\u00e1-la e ainda se escondeu para n\u00e3o ajudar: \u201cEla me chamou de vagabunda!\u201d<\/p>\n<p class=\"jarvics:base-text-neutral-high-400 base-text-[calc(theme(fontSize.xs)_*_var(--font-size,_1))] base-font-normal base-font-primary base-text-neutral-low-500 base-text-left\">Em seguida, foi a vez de Carol apontar <a href=\"https:\/\/record.r7.com\/a-fazenda\/a-fazenda-17\/peoes\/creo-kellab\" target=\"_self\" title=\"Cr&#xE9;o Kellab\" rel=\"nofollow noopener\"><b>Cr\u00e9o Kellab<\/b><\/a>, alegando que soube na Ro\u00e7a que o pe\u00e3o falou mal dela: \u201cO <a href=\"https:\/\/record.r7.com\/a-fazenda\/a-fazenda-17\/peoes\/matheus-martins\" target=\"_self\" rel=\"nofollow noopener\" title=\"https:\/\/record.r7.com\/a-fazenda\/a-fazenda-17\/peoes\/matheus-martins\"><b>Matheus<\/b><\/a> disse, \u2018o Cr\u00e9o falou que voc\u00ea \u00e9 uma vergonha como mulher negra.\u201d Na hora de se defender, rolou uma super treta entre o ator e a Miss Bumbum, que at\u00e9 se deitou no ch\u00e3o.<\/p>\n<p><b>Assista:<\/b><\/p>\n<p class=\"jarvics:base-text-neutral-high-400 base-text-[calc(theme(fontSize.xs)_*_var(--font-size,_1))] base-font-normal base-font-primary base-text-neutral-low-500 base-text-left\">Outra mega treta aconteceu quando <a href=\"https:\/\/record.r7.com\/a-fazenda\/a-fazenda-17\/peoes\/dudu-camargo\" target=\"_self\" title=\"Dudu Camargo\" rel=\"nofollow noopener\"><b>Dudu Camargo<\/b><\/a> apontou Ray. O jornalista pontuou: \u201cCom Silvio Santos, eu aprendi uma coisa, se ganha uma coisa com 10% de inspira\u00e7\u00e3o e 90% de expira\u00e7\u00e3o. Ela, trabalho, n\u00e3o quer. Foi designada para o trato e o tempo todo se negando a fazer\u201d.<\/p>\n<p class=\"jarvics:base-text-neutral-high-400 base-text-[calc(theme(fontSize.xs)_*_var(--font-size,_1))] base-font-normal base-font-primary base-text-neutral-low-500 base-text-left\">Ele citou o trato dos b\u00fafalos, e afirmou que o cantor Belo precisou tirar o pet da cama para salvar o relacionamento com ela. Ray aproveitou para alfinetar: \u201cTira o nome do meu namorado da boca. Foi atr\u00e1s do micro-ondas que voc\u00ea escondeu a toalha cagada?\u201d.<\/p>\n<p class=\"jarvics:base-text-neutral-high-400 base-text-[calc(theme(fontSize.xs)_*_var(--font-size,_1))] base-font-normal base-font-primary base-text-neutral-low-500 base-text-left\">E n\u00e3o parou por a\u00ed, Dudu ainda questionou o motivo da peoa ir para a Prova de Fogo animada, mas n\u00e3o fazer o mesmo no trato dos animais: \u201c\u00c9 porque n\u00e3o envolve o bra\u00e7o\u201d.<\/p>\n<p class=\"jarvics:base-text-neutral-high-400 base-text-[calc(theme(fontSize.xs)_*_var(--font-size,_1))] base-font-normal base-font-primary base-text-neutral-low-500 base-text-left\">Sentiu o gostinho do caos? N\u00e3o perca todas as tratas que rolaram na din\u00e2mica, que v\u00e3o ao ar no programa desta segunda (17)!<\/p>\n<p><b>Se liga: <\/b><video controls=\"\" class=\"video-js\" preload=\"metadata\" poster=\"https:\/\/d22yf0mxeu0gma.cloudfront.net\/11-17-2025\/t_961aa4bcd20546d6b9267bb308802789_name_file_960x540_1600_v4_.jpg\" title=\"Dudu troca acusa&#xE7;&#xF5;es com Rayane e diz que peoa deu 'golpe' no trato | A Fazenda 17\" data-sprite-url=\"\" data-metadata=\"{&quot;title&quot;:&quot;Dudu troca acusa&#xE7;&#xF5;es com Rayane e diz que peoa deu 'golpe' no trato | A Fazenda 17&quot;,&quot;sectionName&quot;:&quot;R7&quot;,&quot;mainSection&quot;:&quot;Novidades&quot;,&quot;subSection&quot;:&quot;&quot;,&quot;views&quot;:&quot;&quot;,&quot;disableAdv&quot;:&quot;false&quot;,&quot;createdDate&quot;:&quot;2025-11-16T23:53:20Z&quot;,&quot;mainSectionUrl&quot;:&quot;https:\/\/record.r7.com\/a-fazenda\/a-fazenda-17\/24-horas\/video\/dudu-troca-acusacoes-com-rayane-e-diz-que-peoa-deu-golpe-no-trato-a-fazenda-17-17112025\/&quot;,&quot;sectionPath&quot;:&quot;https:\/\/record.r7.com\/a-fazenda\/a-fazenda-17\/24-horas&quot;,&quot;ageRating&quot;:&quot;12&quot;,&quot;ageRatingDescription&quot;:&quot;&quot;,&quot;duration&quot;:395477,&quot;playerUrl&quot;:&quot;https:\/\/record.r7.com\/player\/5a6e3a59-b933-41d7-bb23-6c1e3d078d7c\/&quot;}\" data-player-params=\"{&quot;p&quot;:&quot;true&quot;,&quot;autoPlay&quot;:&quot;false&quot;,&quot;logo&quot;:&quot;true&quot;,&quot;playlistId&quot;:&quot;false&quot;,&quot;calhau&quot;:&quot;false&quot;,&quot;share&quot;:&quot;true&quot;,&quot;sz&quot;:&quot;false&quot;,&quot;full&quot;:&quot;true&quot;,&quot;customAdHash&quot;:&quot;\/7542\/recordtv\/afazenda&quot;,&quot;referrerUrl&quot;:&quot;&quot;,&quot;externalLinks&quot;:&quot;true&quot;,&quot;debug&quot;:&quot;false&quot;,&quot;debugHash&quot;:&quot;false&quot;,&quot;debugRelated&quot;:&quot;false&quot;,&quot;timerRelated&quot;:&quot;true&quot;,&quot;logoRecord&quot;:&quot;false&quot;,&quot;contextModal&quot;:&quot;false&quot;,&quot;parentUrl&quot;:&quot;https:\/\/record.r7.com\/&quot;,&quot;t&quot;:&quot;0&quot;,&quot;noTitle&quot;:false,&quot;endBehavior&quot;:&quot;default&quot;}\" data-related-videos=\"[{&quot;title&quot;:&quot;Maria Caporusso late para Carol Lekker durante nova briga na Sede  | A Fazenda 17&quot;,&quot;thumb&quot;:&quot;https:\/\/d22yf0mxeu0gma.cloudfront.net\/11-17-2025\/t_3b8151fbdabc4141854491997ebc12ed_name_file_960x540_1600_v4_.jpg&quot;,&quot;url&quot;:&quot;https:\/\/record.r7.com\/a-fazenda\/a-fazenda-17\/24-horas\/video\/maria-caporusso-late-para-carol-lekker-durante-nova-briga-na-sede-a-fazenda-17-17112025\/&quot;,&quot;embedUrl&quot;:&quot;https:\/\/record.r7.com\/player\/ca296a26-77c5-40f3-968a-0e1c815dbffe\/&quot;},{&quot;title&quot;:&quot;Rayane n&#xE3;o desce para os tratos, e pe&#xF5;es ficar&#xE3;o 48 horas sem academia | A Fazenda 17&quot;,&quot;thumb&quot;:&quot;https:\/\/d22yf0mxeu0gma.cloudfront.net\/11-17-2025\/t_eb20f3ff307c4cc296d343f7fd63ceae_name_file_960x540_1600_v4_.jpg&quot;,&quot;url&quot;:&quot;https:\/\/record.r7.com\/a-fazenda\/a-fazenda-17\/24-horas\/video\/rayane-nao-desce-para-os-tratos-e-peoes-ficarao-48-horas-sem-academia-a-fazenda-17-17112025\/&quot;,&quot;embedUrl&quot;:&quot;https:\/\/record.r7.com\/player\/673bf8d8-2caf-4111-a7b6-1f1a44668f49\/&quot;},{&quot;title&quot;:&quot;Carol e Rayane brigam na Sede: 'Sua m&#xE3;e tem vergonha de voc&#xEA;' | A Fazenda 17&quot;,&quot;thumb&quot;:&quot;https:\/\/d22yf0mxeu0gma.cloudfront.net\/11-17-2025\/t_cb3a6db16b2c4182b8870f7ffc4fdc5e_name_file_960x540_1600_v4_.jpg&quot;,&quot;url&quot;:&quot;https:\/\/record.r7.com\/a-fazenda\/a-fazenda-17\/24-horas\/video\/carol-e-rayane-brigam-na-sede-sua-mae-tem-vergonha-de-voce-a-fazenda-17-17112025\/&quot;,&quot;embedUrl&quot;:&quot;https:\/\/record.r7.com\/player\/5173db95-27f7-4909-a169-31c4152561b5\/&quot;}]\" data-player-url=\"https:\/\/record.r7.com\/player\/5a6e3a59-b933-41d7-bb23-6c1e3d078d7c\/\" data-arc-video=\"\" data-arc-id=\"5a6e3a59-b933-41d7-bb23-6c1e3d078d7c\" data-short=\"false\" style=\"visibility:hidden\"><\/video><\/p>\n<p class=\"jarvics:base-text-neutral-high-400 base-text-[calc(theme(fontSize.xs)_*_var(--font-size,_1))] base-font-normal base-font-primary base-text-neutral-low-500 base-text-left\">Fique ligado! <a href=\"https:\/\/record.r7.com\/a-fazenda\/a-fazenda-17\/\" rel=\"nofollow noopener\" title=\"https:\/\/record.r7.com\/a-fazenda\/a-fazenda-17\/\" target=\"_blank\"><b>A Fazenda 17<\/b><\/a> vai ao ar de segunda a domingo, \u00e0s 22h30, na tela da <a href=\"https:\/\/record.r7.com\/\" rel=\"nofollow noopener\" target=\"_blank\"><b>RECORD<\/b><\/a>. Assine o <a href=\"https:\/\/www.recordplus.com\/home\" rel=\"nofollow noopener\" title=\"https:\/\/www.recordplus.com\/home\" target=\"_blank\"><b>RecordPlus<\/b><\/a> e tenha acesso \u00e0s c\u00e2meras 24 horas.<\/p>\n<p><b>Super Paiol, tr\u00eas elimina\u00e7\u00f5es e delega\u00e7\u00e3o vingativa: relembre a semana de A Fazenda 17<\/b><\/p>\n<p class=\"jarvics:base-text-neutral-high-400 base-text-[calc(theme(fontSize.xxs)_*_var(--font-size,_1))] base-font-semibold base-font-primary base-text-neutral-low-500 base-text-left\">O game de A Fazenda 17 est\u00e1 afunilando e a sede conta com cada vez menos moradores. Mesmo assim, a pe\u00e3ozada n\u00e3o descansa na entrega do entretenimento e segue dando tudo de si para chegar na reta final da competi\u00e7\u00e3o. Nos \u00faltimos dias, os pe\u00f5es viveram uma verdadeira montanha-russa de emo\u00e7\u00f5es com elimina\u00e7\u00e3o dupla, tretas pesadas e mais; se liga!<\/p>\n<p class=\"jarvics:base-text-neutral-high-400 base-text-[calc(theme(fontSize.little)_*_var(--font-size,_1))] base-font-normal base-font-primary base-text-neutral-low-500 base-text-left\">Reprodu\u00e7\u00e3o\/RECORD<\/p>\n","protected":false},"excerpt":{"rendered":"Cr\u00e9o, Carol, Ray e Saory deram o que falar na atividade Reprodu\u00e7\u00e3o\/RecordPlus A semana de A Fazenda 17&hellip;\n","protected":false},"author":2,"featured_media":155211,"comment_status":"","ping_status":"","sticky":false,"template":"","format":"standard","meta":{"footnotes":""},"categories":[142],"tags":[657,3433,114,115,32,33,151],"class_list":{"0":"post-155210","1":"post","2":"type-post","3":"status-publish","4":"format-standard","5":"has-post-thumbnail","7":"category-tv","8":"tag-a-fazenda","9":"tag-adriane-galisteu","10":"tag-entertainment","11":"tag-entretenimento","12":"tag-portugal","13":"tag-pt","14":"tag-tv"},"share_on_mastodon":{"url":"https:\/\/pubeurope.com\/@pt\/115565683625484390","error":""},"_links":{"self":[{"href":"https:\/\/www.europesays.com\/pt\/wp-json\/wp\/v2\/posts\/155210","targetHints":{"allow":["GET"]}}],"collection":[{"href":"https:\/\/www.europesays.com\/pt\/wp-json\/wp\/v2\/posts"}],"about":[{"href":"https:\/\/www.europesays.com\/pt\/wp-json\/wp\/v2\/types\/post"}],"author":[{"embeddable":true,"href":"https:\/\/www.europesays.com\/pt\/wp-json\/wp\/v2\/users\/2"}],"replies":[{"embeddable":true,"href":"https:\/\/www.europesays.com\/pt\/wp-json\/wp\/v2\/comments?post=155210"}],"version-history":[{"count":0,"href":"https:\/\/www.europesays.com\/pt\/wp-json\/wp\/v2\/posts\/155210\/revisions"}],"wp:featuredmedia":[{"embeddable":true,"href":"https:\/\/www.europesays.com\/pt\/wp-json\/wp\/v2\/media\/155211"}],"wp:attachment":[{"href":"https:\/\/www.europesays.com\/pt\/wp-json\/wp\/v2\/media?parent=155210"}],"wp:term":[{"taxonomy":"category","embeddable":true,"href":"https:\/\/www.europesays.com\/pt\/wp-json\/wp\/v2\/categories?post=155210"},{"taxonomy":"post_tag","embeddable":true,"href":"https:\/\/www.europesays.com\/pt\/wp-json\/wp\/v2\/tags?post=155210"}],"curies":[{"name":"wp","href":"https:\/\/api.w.org\/{rel}","templated":true}]}}